{"id":106854,"date":"2018-03-11T10:30:58","date_gmt":"2018-03-11T10:30:58","guid":{"rendered":"https:\/\/www.deberes.net\/tesis\/sin-categoria\/factores-psicosociales-contribuyentes-a-la-radicalizacion-islamista-de-jovenes-en-espana-construccion-de-un-instrumento-de-evaluacion\/"},"modified":"2018-03-11T10:30:58","modified_gmt":"2018-03-11T10:30:58","slug":"factores-psicosociales-contribuyentes-a-la-radicalizacion-islamista-de-jovenes-en-espana-construccion-de-un-instrumento-de-evaluacion","status":"publish","type":"post","link":"https:\/\/www.deberes.net\/tesis\/psicologia-social\/factores-psicosociales-contribuyentes-a-la-radicalizacion-islamista-de-jovenes-en-espana-construccion-de-un-instrumento-de-evaluacion\/","title":{"rendered":"Factores psicosociales contribuyentes a la radicalizaci\u00f3n islamista de j\u00f3venes en espa\u00f1a. construcci\u00f3n de un instrumento de evaluaci\u00f3n"},"content":{"rendered":"<h2>Tesis doctoral de <strong> Manuel Moyano Pacheco <\/strong><\/h2>\n<p>Isbn:? 9788469409381<\/p>\n<p>&nbsp;<\/p>\n<h3>Datos acad\u00e9micos de la tesis doctoral \u00ab<strong>Factores psicosociales contribuyentes a la radicalizaci\u00f3n islamista de j\u00f3venes en espa\u00f1a. construcci\u00f3n de un instrumento de evaluaci\u00f3n<\/strong>\u00ab<\/h3>\n<ul>\n<li><strong>T\u00edtulo de la tesis:<\/strong>\u00a0 Factores psicosociales contribuyentes a la radicalizaci\u00f3n islamista de j\u00f3venes en espa\u00f1a. construcci\u00f3n de un instrumento de evaluaci\u00f3n <\/li>\n<li><strong>Autor:<\/strong>\u00a0 Manuel Moyano Pacheco <\/li>\n<li><strong>Universidad:<\/strong>\u00a0 Granada<\/li>\n<li><strong>Fecha de lectura de la tesis:<\/strong>\u00a0 17\/02\/2011<\/li>\n<\/ul>\n<p>&nbsp;<\/p>\n<h3>Direcci\u00f3n y tribunal<\/h3>\n<ul>\n<li><strong>Director de la tesis<\/strong>\n<ul>\n<li>Humberto Trujillo Mendoza<\/li>\n<\/ul>\n<\/li>\n<li><strong>Tribunal<\/strong>\n<ul>\n<li>Presidente del tribunal: Francisco jos\u00e9 Morales dom\u00ednguez <\/li>\n<li>Fernando Justicia justicia (vocal)<\/li>\n<li>Carlos Echeverr\u00eda Jes\u00fas (vocal)<\/li>\n<li>Jos\u00e9 Manuel Sabucedo cameselle (vocal)<\/li>\n<\/ul>\n<\/li>\n<\/ul>\n<p>&nbsp;<\/p>\n","protected":false},"excerpt":{"rendered":"<p>Tesis doctoral de Manuel Moyano Pacheco Isbn:? 9788469409381 &nbsp; Datos acad\u00e9micos de la tesis doctoral \u00abFactores psicosociales contribuyentes a la [&hellip;]<\/p>\n","protected":false},"author":1,"featured_media":0,"comment_status":"open","ping_status":"open","sticky":false,"template":"","format":"standard","meta":{"site-sidebar-layout":"default","site-content-layout":"","ast-site-content-layout":"","site-content-style":"default","site-sidebar-style":"default","ast-global-header-display":"","ast-banner-title-visibility":"","ast-main-header-display":"","ast-hfb-above-header-display":"","ast-hfb-below-header-display":"","ast-hfb-mobile-header-display":"","site-post-title":"","ast-breadcrumbs-content":"","ast-featured-img":"","footer-sml-layout":"","theme-transparent-header-meta":"","adv-header-id-meta":"","stick-header-meta":"","header-above-stick-meta":"","header-main-stick-meta":"","header-below-stick-meta":"","astra-migrate-meta-layouts":"default","ast-page-background-enabled":"default","ast-page-background-meta":{"desktop":{"background-color":"var(--ast-global-color-4)","background-image":"","background-repeat":"repeat","background-position":"center center","background-size":"auto","background-attachment":"scroll","background-type":"","background-media":"","overlay-type":"","overlay-color":"","overlay-gradient":""},"tablet":{"background-color":"","background-image":"","background-repeat":"repeat","background-position":"center center","background-size":"auto","background-attachment":"scroll","background-type":"","background-media":"","overlay-type":"","overlay-color":"","overlay-gradient":""},"mobile":{"background-color":"","background-image":"","background-repeat":"repeat","background-position":"center center","background-size":"auto","background-attachment":"scroll","background-type":"","background-media":"","overlay-type":"","overlay-color":"","overlay-gradient":""}},"ast-content-background-meta":{"desktop":{"background-color":"var(--ast-global-color-5)","background-image":"","background-repeat":"repeat","background-position":"center center","background-size":"auto","background-attachment":"scroll","background-type":"","background-media":"","overlay-type":"","overlay-color":"","overlay-gradient":""},"tablet":{"background-color":"var(--ast-global-color-5)","background-image":"","background-repeat":"repeat","background-position":"center center","background-size":"auto","background-attachment":"scroll","background-type":"","background-media":"","overlay-type":"","overlay-color":"","overlay-gradient":""},"mobile":{"background-color":"var(--ast-global-color-5)","background-image":"","background-repeat":"repeat","background-position":"center center","background-size":"auto","background-attachment":"scroll","background-type":"","background-media":"","overlay-type":"","overlay-color":"","overlay-gradient":""}},"footnotes":""},"categories":[21985,996,17785,48665],"tags":[5647,4266,146019,71311,21328,214874],"class_list":["post-106854","post","type-post","status-publish","format-standard","hentry","category-conflictos-sociales","category-psicologia-social","category-religion","category-terrorismo","tag-carlos-echeverria-jesus","tag-fernando-justicia-justicia","tag-francisco-jose-morales-dominguez","tag-humberto-trujillo-mendoza","tag-jose-manuel-sabucedo-cameselle","tag-manuel-moyano-pacheco"],"_links":{"self":[{"href":"https:\/\/www.deberes.net\/tesis\/wp-json\/wp\/v2\/posts\/106854","targetHints":{"allow":["GET"]}}],"collection":[{"href":"https:\/\/www.deberes.net\/tesis\/wp-json\/wp\/v2\/posts"}],"about":[{"href":"https:\/\/www.deberes.net\/tesis\/wp-json\/wp\/v2\/types\/post"}],"author":[{"embeddable":true,"href":"https:\/\/www.deberes.net\/tesis\/wp-json\/wp\/v2\/users\/1"}],"replies":[{"embeddable":true,"href":"https:\/\/www.deberes.net\/tesis\/wp-json\/wp\/v2\/comments?post=106854"}],"version-history":[{"count":0,"href":"https:\/\/www.deberes.net\/tesis\/wp-json\/wp\/v2\/posts\/106854\/revisions"}],"wp:attachment":[{"href":"https:\/\/www.deberes.net\/tesis\/wp-json\/wp\/v2\/media?parent=106854"}],"wp:term":[{"taxonomy":"category","embeddable":true,"href":"https:\/\/www.deberes.net\/tesis\/wp-json\/wp\/v2\/categories?post=106854"},{"taxonomy":"post_tag","embeddable":true,"href":"https:\/\/www.deberes.net\/tesis\/wp-json\/wp\/v2\/tags?post=106854"}],"curies":[{"name":"wp","href":"https:\/\/api.w.org\/{rel}","templated":true}]}}