{"id":106858,"date":"2018-03-11T10:30:58","date_gmt":"2018-03-11T10:30:58","guid":{"rendered":"https:\/\/www.deberes.net\/tesis\/sin-categoria\/vida-y-obra-de-bernardino-landete\/"},"modified":"2018-03-11T10:30:58","modified_gmt":"2018-03-11T10:30:58","slug":"vida-y-obra-de-bernardino-landete","status":"publish","type":"post","link":"https:\/\/www.deberes.net\/tesis\/historia\/vida-y-obra-de-bernardino-landete\/","title":{"rendered":"Vida y obra de bernardino landete."},"content":{"rendered":"<h2>Tesis doctoral de <strong> Mar\u00eda Jos\u00e9 Solera Pi\u00f1a <\/strong><\/h2>\n<p>Bernardino landete arag\u00f3 constituye una de las figuras clave de la odontolog\u00eda de principios del siglo xx. Su estudio, hasta el momento, s\u00f3lo se hab\u00eda realizado de manera parcial, por lo que precisaba ser tratado de manera m\u00e1s amplia. En la biograf\u00eda  que presentamos se reconstruye su vida y su obra.  con su doble titulaci\u00f3n en medicina y odontolog\u00eda, landete llegar\u00eda a ser catedr\u00e1tico en las asignaturas de \u00c2\u00bfpr\u00f3tesis\u00c2\u00bf y \u00c2\u00bfodontolog\u00eda\u00c2\u00bf y m\u00e1s tarde, a ser nombrado director de la escuela. es consider ado como el introductor en espa\u00f1a de la cirug\u00eda m\u00e1xilofacial, ya que realiz\u00f3 una intens\u00edsima labor en el instituto rubio, donde oper\u00f3 a enfermos de todo tipo con su doble visi\u00f3n de cirujano y dentista. por otro lado, el recorrido por su vida nos perm itir\u00e1 comprender los aspectos m\u00e1s personales de nuestro biografiado: su vocaci\u00f3n por la medicina, sus aspiraciones profesionales, la problem\u00e1tica relaci\u00f3n que mantuvo con florest\u00e1n aguilar o los matices en su pensamiento \u00c2\u00bfestomatologista\u00c2\u00bf. as\u00ed mismo,  el estudio de este personaje en particular, nos llevar\u00e1 al conocimiento de su contexto hist\u00f3rico-temporal: los primeros a\u00f1os de la odontolog\u00eda como carrera universitaria, la ruptura que supuso el comienzo de la guerra civil y los intentos de reconst rucci\u00f3n posteriores.<\/p>\n<p>&nbsp;<\/p>\n<h3>Datos acad\u00e9micos de la tesis doctoral \u00ab<strong>Vida y obra de bernardino landete.<\/strong>\u00ab<\/h3>\n<ul>\n<li><strong>T\u00edtulo de la tesis:<\/strong>\u00a0 Vida y obra de bernardino landete. <\/li>\n<li><strong>Autor:<\/strong>\u00a0 Mar\u00eda Jos\u00e9 Solera Pi\u00f1a <\/li>\n<li><strong>Universidad:<\/strong>\u00a0 Complutense de Madrid<\/li>\n<li><strong>Fecha de lectura de la tesis:<\/strong>\u00a0 18\/02\/2011<\/li>\n<\/ul>\n<p>&nbsp;<\/p>\n<h3>Direcci\u00f3n y tribunal<\/h3>\n<ul>\n<li><strong>Director de la tesis<\/strong>\n<ul>\n<li>Francisco Javier Sanz Serrulla<\/li>\n<\/ul>\n<\/li>\n<li><strong>Tribunal<\/strong>\n<ul>\n<li>Presidente del tribunal: diego Gracia guill\u00e9n <\/li>\n<li>amparo Nogales espert (vocal)<\/li>\n<li>Jos\u00e9 Luis Peset reig (vocal)<\/li>\n<li>Jos\u00e9 Manuel L\u00e1zaro s\u00e1nchez (vocal)<\/li>\n<\/ul>\n<\/li>\n<\/ul>\n<p>&nbsp;<\/p>\n","protected":false},"excerpt":{"rendered":"<p>Tesis doctoral de Mar\u00eda Jos\u00e9 Solera Pi\u00f1a Bernardino landete arag\u00f3 constituye una de las figuras clave de la odontolog\u00eda de [&hellip;]<\/p>\n","protected":false},"author":1,"featured_media":0,"comment_status":"open","ping_status":"open","sticky":false,"template":"","format":"standard","meta":{"site-sidebar-layout":"default","site-content-layout":"","ast-site-content-layout":"","site-content-style":"default","site-sidebar-style":"default","ast-global-header-display":"","ast-banner-title-visibility":"","ast-main-header-display":"","ast-hfb-above-header-display":"","ast-hfb-below-header-display":"","ast-hfb-mobile-header-display":"","site-post-title":"","ast-breadcrumbs-content":"","ast-featured-img":"","footer-sml-layout":"","theme-transparent-header-meta":"","adv-header-id-meta":"","stick-header-meta":"","header-above-stick-meta":"","header-main-stick-meta":"","header-below-stick-meta":"","astra-migrate-meta-layouts":"default","ast-page-background-enabled":"default","ast-page-background-meta":{"desktop":{"background-color":"var(--ast-global-color-4)","background-image":"","background-repeat":"repeat","background-position":"center center","background-size":"auto","background-attachment":"scroll","background-type":"","background-media":"","overlay-type":"","overlay-color":"","overlay-gradient":""},"tablet":{"background-color":"","background-image":"","background-repeat":"repeat","background-position":"center center","background-size":"auto","background-attachment":"scroll","background-type":"","background-media":"","overlay-type":"","overlay-color":"","overlay-gradient":""},"mobile":{"background-color":"","background-image":"","background-repeat":"repeat","background-position":"center center","background-size":"auto","background-attachment":"scroll","background-type":"","background-media":"","overlay-type":"","overlay-color":"","overlay-gradient":""}},"ast-content-background-meta":{"desktop":{"background-color":"var(--ast-global-color-5)","background-image":"","background-repeat":"repeat","background-position":"center center","background-size":"auto","background-attachment":"scroll","background-type":"","background-media":"","overlay-type":"","overlay-color":"","overlay-gradient":""},"tablet":{"background-color":"var(--ast-global-color-5)","background-image":"","background-repeat":"repeat","background-position":"center center","background-size":"auto","background-attachment":"scroll","background-type":"","background-media":"","overlay-type":"","overlay-color":"","overlay-gradient":""},"mobile":{"background-color":"var(--ast-global-color-5)","background-image":"","background-repeat":"repeat","background-position":"center center","background-size":"auto","background-attachment":"scroll","background-type":"","background-media":"","overlay-type":"","overlay-color":"","overlay-gradient":""}},"footnotes":""},"categories":[986,104],"tags":[72605,4600,141290,5187,60090,214880],"class_list":["post-106858","post","type-post","status-publish","format-standard","hentry","category-complutense-de-madrid","category-historia","tag-amparo-nogales-espert","tag-diego-gracia-guillen","tag-francisco-javier-sanz-serrulla","tag-jose-luis-peset-reig","tag-jose-manuel-lazaro-sanchez","tag-maria-jose-solera-pina"],"_links":{"self":[{"href":"https:\/\/www.deberes.net\/tesis\/wp-json\/wp\/v2\/posts\/106858","targetHints":{"allow":["GET"]}}],"collection":[{"href":"https:\/\/www.deberes.net\/tesis\/wp-json\/wp\/v2\/posts"}],"about":[{"href":"https:\/\/www.deberes.net\/tesis\/wp-json\/wp\/v2\/types\/post"}],"author":[{"embeddable":true,"href":"https:\/\/www.deberes.net\/tesis\/wp-json\/wp\/v2\/users\/1"}],"replies":[{"embeddable":true,"href":"https:\/\/www.deberes.net\/tesis\/wp-json\/wp\/v2\/comments?post=106858"}],"version-history":[{"count":0,"href":"https:\/\/www.deberes.net\/tesis\/wp-json\/wp\/v2\/posts\/106858\/revisions"}],"wp:attachment":[{"href":"https:\/\/www.deberes.net\/tesis\/wp-json\/wp\/v2\/media?parent=106858"}],"wp:term":[{"taxonomy":"category","embeddable":true,"href":"https:\/\/www.deberes.net\/tesis\/wp-json\/wp\/v2\/categories?post=106858"},{"taxonomy":"post_tag","embeddable":true,"href":"https:\/\/www.deberes.net\/tesis\/wp-json\/wp\/v2\/tags?post=106858"}],"curies":[{"name":"wp","href":"https:\/\/api.w.org\/{rel}","templated":true}]}}