{"id":106859,"date":"2018-03-11T10:30:58","date_gmt":"2018-03-11T10:30:58","guid":{"rendered":"https:\/\/www.deberes.net\/tesis\/sin-categoria\/pluriempleo-y-pluriactividad-en-el-sector-privado-espanol\/"},"modified":"2018-03-11T10:30:58","modified_gmt":"2018-03-11T10:30:58","slug":"pluriempleo-y-pluriactividad-en-el-sector-privado-espanol","status":"publish","type":"post","link":"https:\/\/www.deberes.net\/tesis\/ciencias-juridicas-y-derecho\/pluriempleo-y-pluriactividad-en-el-sector-privado-espanol\/","title":{"rendered":"Pluriempleo y pluriactividad en el sector privado espa\u00f1ol."},"content":{"rendered":"<h2>Tesis doctoral de <strong> Carmen Mar\u00eda Alarte Mayordomo <\/strong><\/h2>\n<p>En esta obra se efect\u00faa un an\u00e1lisis de las situaciones de pluriempleo y pluriactividad, con la finalidad de dar una visi\u00f3n exhaustiva de ambas situaciones, tanto desde la perspectiva del derecho del trabajo, como de la seguridad social, en el sector privado espa\u00f1ol, sin pretender abarcar el an\u00e1lisis de estas situaciones en el \u00e1mbito del personal que preste servicios en el sector p\u00fablico, ya sea en r\u00e9gimen estatutario de funcionarios p\u00fablicos o mediante contrataci\u00f3n laboral en este sector, salvo algunas alusiones que se han considerado necesarias, como precisiones aclaratorias. en el \u00e1mbito privado, el pluriempleo y la pluriactividad, no constitutivas de concurrencia desleal, son l\u00edcitos y est\u00e1n permitidos, salvo los supuestos limitativos expl\u00edcita o impl\u00edcitamente contemplados en la normativa vigente y que son objeto de an\u00e1lisis en esta obra, pudiendo eliminarse al acordar las partes el pacto de exclusividad o de plena dedicaci\u00f3n, mediante compensaci\u00f3n econ\u00f3mica expresa, o controlarse su desarrollo a trav\u00e9s de los mecanismos establecidos al efecto, en las normas estatales y convenios colectivos. se analiza el marco socioecon\u00f3mico actual y las situaciones de pluriempleo y pluriactividad; las delimitaciones conceptuales entre ambas situaciones seg\u00fan diversas interpretaciones; la constitucionalidad tanto de estas situaciones, como de sus diferentes r\u00e9gimenes jur\u00eddicos, as\u00ed como de las prohibiciones y limitaciones establecidas en el sistema de fuentes del derecho del trabajo y de la seguridad social espa\u00f1ol.  respecto a las limitaciones a las situaciones objeto de an\u00e1lisis, se efect\u00faa una clasificaci\u00f3n de las posibles prohibiciones y limitaciones, que las distingue en funci\u00f3n de si pueden considerarse de car\u00e1cter directo, indirecto, o si se trata de circunstancias que si bien a priori podr\u00edan considerarse l\u00edmites a las situaciones objeto de estudio, tras su an\u00e1lisis, se concluye que no constituyen en puridad limitaciones en el derecho positivo vigente, lo que sucede verbigracia con el pluriempleo\/pluriactividad durante el per\u00edodo vacacional. una vez analizadas estas cuestiones, se detalla de forma independiente el r\u00e9gimen jur\u00eddico del pluriempleo, y por otro lado, el de la pluriactividad, en el \u00e1mbito de la seguridad social, tanto en materia de cotizaci\u00f3n, como en el \u00e1mbito prestacional, incluyendo la cuesti\u00f3n de la compatibilidad o incompatibilidad de prestaciones, al hilo de las diversas contingencias protegibles en las que podr\u00edan tener repercusiones las situaciones de pluriempleo y pluriactividad, prestando especial atenci\u00f3n al diferente tratamiento jur\u00eddico de ambas situaciones, en el seno de los reg\u00edmenes que integran el sistema espa\u00f1ol de seguridad social y considerando las diversas casu\u00edsticas que pudieran producirse.<\/p>\n<p>&nbsp;<\/p>\n<h3>Datos acad\u00e9micos de la tesis doctoral \u00ab<strong>Pluriempleo y pluriactividad en el sector privado espa\u00f1ol.<\/strong>\u00ab<\/h3>\n<ul>\n<li><strong>T\u00edtulo de la tesis:<\/strong>\u00a0 Pluriempleo y pluriactividad en el sector privado espa\u00f1ol. <\/li>\n<li><strong>Autor:<\/strong>\u00a0 Carmen Mar\u00eda Alarte Mayordomo <\/li>\n<li><strong>Universidad:<\/strong>\u00a0 Murcia<\/li>\n<li><strong>Fecha de lectura de la tesis:<\/strong>\u00a0 18\/02\/2011<\/li>\n<\/ul>\n<p>&nbsp;<\/p>\n<h3>Direcci\u00f3n y tribunal<\/h3>\n<ul>\n<li><strong>Director de la tesis<\/strong>\n<ul>\n<li>Ignacio Durendez Saez<\/li>\n<\/ul>\n<\/li>\n<li><strong>Tribunal<\/strong>\n<ul>\n<li>Presidente del tribunal: alfredo Montoya melgar <\/li>\n<li>faustino Cavas Martinez (vocal)<\/li>\n<li>pilar Conde colmenero (vocal)<\/li>\n<li>c\u00e9sar Mi\u00f1ambres puig (vocal)<\/li>\n<\/ul>\n<\/li>\n<\/ul>\n<p>&nbsp;<\/p>\n","protected":false},"excerpt":{"rendered":"<p>Tesis doctoral de Carmen Mar\u00eda Alarte Mayordomo En esta obra se efect\u00faa un an\u00e1lisis de las situaciones de pluriempleo y [&hellip;]<\/p>\n","protected":false},"author":1,"featured_media":0,"comment_status":"open","ping_status":"open","sticky":false,"template":"","format":"standard","meta":{"site-sidebar-layout":"default","site-content-layout":"","ast-site-content-layout":"","site-content-style":"default","site-sidebar-style":"default","ast-global-header-display":"","ast-banner-title-visibility":"","ast-main-header-display":"","ast-hfb-above-header-display":"","ast-hfb-below-header-display":"","ast-hfb-mobile-header-display":"","site-post-title":"","ast-breadcrumbs-content":"","ast-featured-img":"","footer-sml-layout":"","theme-transparent-header-meta":"","adv-header-id-meta":"","stick-header-meta":"","header-above-stick-meta":"","header-main-stick-meta":"","header-below-stick-meta":"","astra-migrate-meta-layouts":"default","ast-page-background-enabled":"default","ast-page-background-meta":{"desktop":{"background-color":"var(--ast-global-color-4)","background-image":"","background-repeat":"repeat","background-position":"center center","background-size":"auto","background-attachment":"scroll","background-type":"","background-media":"","overlay-type":"","overlay-color":"","overlay-gradient":""},"tablet":{"background-color":"","background-image":"","background-repeat":"repeat","background-position":"center center","background-size":"auto","background-attachment":"scroll","background-type":"","background-media":"","overlay-type":"","overlay-color":"","overlay-gradient":""},"mobile":{"background-color":"","background-image":"","background-repeat":"repeat","background-position":"center center","background-size":"auto","background-attachment":"scroll","background-type":"","background-media":"","overlay-type":"","overlay-color":"","overlay-gradient":""}},"ast-content-background-meta":{"desktop":{"background-color":"var(--ast-global-color-5)","background-image":"","background-repeat":"repeat","background-position":"center center","background-size":"auto","background-attachment":"scroll","background-type":"","background-media":"","overlay-type":"","overlay-color":"","overlay-gradient":""},"tablet":{"background-color":"var(--ast-global-color-5)","background-image":"","background-repeat":"repeat","background-position":"center center","background-size":"auto","background-attachment":"scroll","background-type":"","background-media":"","overlay-type":"","overlay-color":"","overlay-gradient":""},"mobile":{"background-color":"var(--ast-global-color-5)","background-image":"","background-repeat":"repeat","background-position":"center center","background-size":"auto","background-attachment":"scroll","background-type":"","background-media":"","overlay-type":"","overlay-color":"","overlay-gradient":""}},"footnotes":""},"categories":[612,2170,8235],"tags":[5169,214881,23416,39729,115182,205156],"class_list":["post-106859","post","type-post","status-publish","format-standard","hentry","category-ciencias-juridicas-y-derecho","category-derecho-del-trabajo-y-de-la-seguridad-social","category-murcia","tag-alfredo-montoya-melgar","tag-carmen-maria-alarte-mayordomo","tag-cesar-minambres-puig","tag-faustino-cavas-Martinez","tag-ignacio-durendez-saez","tag-pilar-conde-colmenero"],"_links":{"self":[{"href":"https:\/\/www.deberes.net\/tesis\/wp-json\/wp\/v2\/posts\/106859","targetHints":{"allow":["GET"]}}],"collection":[{"href":"https:\/\/www.deberes.net\/tesis\/wp-json\/wp\/v2\/posts"}],"about":[{"href":"https:\/\/www.deberes.net\/tesis\/wp-json\/wp\/v2\/types\/post"}],"author":[{"embeddable":true,"href":"https:\/\/www.deberes.net\/tesis\/wp-json\/wp\/v2\/users\/1"}],"replies":[{"embeddable":true,"href":"https:\/\/www.deberes.net\/tesis\/wp-json\/wp\/v2\/comments?post=106859"}],"version-history":[{"count":0,"href":"https:\/\/www.deberes.net\/tesis\/wp-json\/wp\/v2\/posts\/106859\/revisions"}],"wp:attachment":[{"href":"https:\/\/www.deberes.net\/tesis\/wp-json\/wp\/v2\/media?parent=106859"}],"wp:term":[{"taxonomy":"category","embeddable":true,"href":"https:\/\/www.deberes.net\/tesis\/wp-json\/wp\/v2\/categories?post=106859"},{"taxonomy":"post_tag","embeddable":true,"href":"https:\/\/www.deberes.net\/tesis\/wp-json\/wp\/v2\/tags?post=106859"}],"curies":[{"name":"wp","href":"https:\/\/api.w.org\/{rel}","templated":true}]}}