{"id":106866,"date":"2018-03-11T10:30:58","date_gmt":"2018-03-11T10:30:58","guid":{"rendered":"https:\/\/www.deberes.net\/tesis\/sin-categoria\/arte-y-sociedad-en-el-valladolid-del-siglo-xvi-escenario-cortesano\/"},"modified":"2018-03-11T10:30:58","modified_gmt":"2018-03-11T10:30:58","slug":"arte-y-sociedad-en-el-valladolid-del-siglo-xvi-escenario-cortesano","status":"publish","type":"post","link":"https:\/\/www.deberes.net\/tesis\/historia-moderna\/arte-y-sociedad-en-el-valladolid-del-siglo-xvi-escenario-cortesano\/","title":{"rendered":"Arte y sociedad en el valladolid del siglo xvi: escenario cortesano"},"content":{"rendered":"<h2>Tesis doctoral de <strong> Jes\u00fas F\u00e9lix Pascual Molina <\/strong><\/h2>\n<p>La sociedad cortesana del siglo xvi viv\u00eda inmersa en la magnificencia, el lujo y el boato, construyendo una imagen de s\u00ed misma donde lujo y poder eran aspectos unificados. La nobleza y las \u00e9lites urbanas de la primera mitad del siglo, viv\u00edan en una constante carrera de superaci\u00f3n, fundamentada en el ascenso social, para s\u00ed mismos y para los suyos. Para lograrlo, estar cerca del monarca, llamar su atenci\u00f3n y agradarle, se convierten en recursos fundamentales que, al mismo tiempo, serv\u00edan para mantener en pie el entramado social y pol\u00edtico del momento, basado en complejas relaciones de poder. se puede hablar de una puesta en escena donde, teniendo a la ciudad como escenario principal, todo aparece relacionado en aras de un objetivo: representar la organizaci\u00f3n del poder. esa ciudad-escenario, con sus calles, plazas y templos, se ve transformada en un mundo ut\u00f3pico durante la fiesta cortesana, gracias a las arquitecturas ef\u00edmeras y a las decoraciones realizadas a tal efecto. As\u00ed sucede, especialmente, durante los solemnes recibimientos, cuando las calles se transforman en una suerte de v\u00eda triunfal, y el p\u00fablico aclama al soberano, reconociendo su poder. La vinculaci\u00f3n con el mundo cl\u00e1sico es clara, e incluso se erigen arcos triunfales, cargados de decoraciones aleg\u00f3ricas, alusivas a las virtudes del rey, cuyo mensaje pocas veces entender\u00eda el vulgo, que sin embargo captaba a la perfecci\u00f3n el mensaje que, ic\u00f3nicamente, lanzaban estas puestas en escena: no podr\u00edan leer los textos en lat\u00edn o entender lo que representaban las alegor\u00edas, pero la visi\u00f3n de un soberano, ricamente vestido, a lomos de un brioso corcel, acompa\u00f1ado de su guardia, era algo que impactaba a cualquiera. no s\u00f3lo se transformaban los espacios p\u00fablicos. Lo mismo ocurr\u00eda en el interior de iglesias y palacios, donde un elemento como el tapiz, era capaz de convertir un sencillo espacio en un riqu\u00edsimo lugar, dot\u00e1ndolo adem\u00e1s de un profundo significado de poder. Y en ese decorado, se mueven unos actores engalanados para la ocasi\u00f3n con costos\u00edsimos trajes y suntuosos adornos. No importa si despu\u00e9s, en privado, la situaci\u00f3n econ\u00f3mica era cercana a la quiebra. En p\u00fablico, exhibirse como noble, era fundamental. El momento en el que la representaci\u00f3n se torna m\u00e1s fant\u00e1stica, sin duda, era durante los festejos caballerescos, cuando vistiendo fant\u00e1sticas armaduras, acompa\u00f1ados de invenciones, m\u00fasicos y espect\u00e1culos pirot\u00e9cnicos, los caballeros se mostraban en p\u00fablico haciendo alarde de su riqueza y poder, apropi\u00e1ndose de la imagen de los protagonistas de las novelas de caballer\u00eda y de los h\u00e9roes del mundo cl\u00e1sico. A medida que avanz\u00f3 el siglo, lo de menos era el manejo de las armas: lo importante era mostrarse en p\u00fablico, con el mayor boato posible. el papel del arte, lejos de ser considerado secundario, era fundamental. Pero no como hoy lo entendemos, sino m\u00e1s vinculado a los aspectos decorativos y ornamentales, destinados a generar el impacto visual que se espera de la imagen del poder. La mayor parte de art\u00edfices al servicio de la corona, como ocurre con los pintores, fueron artistas dedicados a estas labores, de ah\u00ed que les hayamos calificado de \u00abpintores decoradores\u00bb, por m\u00e1s que hoy nos empe\u00f1emos en ver en algunos de ellos a pintores de caballete de reconocido prestigio. Asimismo, muchos nombres que hoy resultan totalmente desconocidos, jugaron un papel important\u00edsimo en las labores de decoraci\u00f3n de las ceremonias cortesanas, cobrando adem\u00e1s grandes sumas por su trabajo. Junto a carpinteros, bordadores, as\u00ed como a los intelectuales que desarrollaban el trasfondo ideol\u00f3gico de las ceremonias, formaban un equipo encargado de poner en marcha la escenograf\u00eda del poder. lo mismo ocurre en el \u00e1mbito privado. Lejos de un inter\u00e9s generalizado por, por ejemplo, la pintura, donde pudieran entrar en juego puntos de vista de tipo est\u00e9tico, lo que se tiene lugar es una apreciaci\u00f3n del arte como elemento trascendental para crear una apariencia y transmitir una imagen de poder. As\u00ed, fundamentalmente, lo que se aprecia es el valor material de los objetos -oro, plata, piedras preciosas-, al tiempo que su capacidad de transmisi\u00f3n de los valores de lujo y poder. Mientras en los inventarios del momento, desde la nobleza y los comerciantes hasta la mism\u00edsima corona, no llama la atenci\u00f3n la presencia de la pintura; cuando tapices, joyas y armaduras, no son s\u00f3lo omnipresentes, sino que acaparan el inter\u00e9s del propietario y, en muchas ocasiones, su fortuna, pues se trataba de objetos muy costosos. valladolid, durante los a\u00f1os de estancia de la corte, casi continuada a lo largo de la primera mitad del siglo xvi, es un ejemplo perfecto para estudiar estas cuestiones. Microcosmos, \u00abmundo abreviado\u00bb como se ha denominado a la villa, \u00e9sta sirve de escenario a la sociedad cortesana y ejemplifica las relaciones de poder y el concepto de \u00e9ste en relaci\u00f3n con el lujo y el arte, que dominaron el siglo xvi.<\/p>\n<p>&nbsp;<\/p>\n<h3>Datos acad\u00e9micos de la tesis doctoral \u00ab<strong>Arte y sociedad en el valladolid del siglo xvi: escenario cortesano<\/strong>\u00ab<\/h3>\n<ul>\n<li><strong>T\u00edtulo de la tesis:<\/strong>\u00a0 Arte y sociedad en el valladolid del siglo xvi: escenario cortesano <\/li>\n<li><strong>Autor:<\/strong>\u00a0 Jes\u00fas F\u00e9lix Pascual Molina <\/li>\n<li><strong>Universidad:<\/strong>\u00a0 Valladolid<\/li>\n<li><strong>Fecha de lectura de la tesis:<\/strong>\u00a0 18\/02\/2011<\/li>\n<\/ul>\n<p>&nbsp;<\/p>\n<h3>Direcci\u00f3n y tribunal<\/h3>\n<ul>\n<li><strong>Director de la tesis<\/strong>\n<ul>\n<li>Miguel \u00e1ngel Zalama Rodr\u00edguez<\/li>\n<\/ul>\n<\/li>\n<li><strong>Tribunal<\/strong>\n<ul>\n<li>Presidente del tribunal: salvador Andr\u00e9s ordax <\/li>\n<li>carmen Morte Garc\u00eda (vocal)<\/li>\n<li>alfredo Morales Martinez (vocal)<\/li>\n<li>Fernando Checa cremades (vocal)<\/li>\n<\/ul>\n<\/li>\n<\/ul>\n<p>&nbsp;<\/p>\n","protected":false},"excerpt":{"rendered":"<p>Tesis doctoral de Jes\u00fas F\u00e9lix Pascual Molina La sociedad cortesana del siglo xvi viv\u00eda inmersa en la magnificencia, el lujo [&hellip;]<\/p>\n","protected":false},"author":1,"featured_media":0,"comment_status":"open","ping_status":"open","sticky":false,"template":"","format":"standard","meta":{"site-sidebar-layout":"default","site-content-layout":"","ast-site-content-layout":"","site-content-style":"default","site-sidebar-style":"default","ast-global-header-display":"","ast-banner-title-visibility":"","ast-main-header-display":"","ast-hfb-above-header-display":"","ast-hfb-below-header-display":"","ast-hfb-mobile-header-display":"","site-post-title":"","ast-breadcrumbs-content":"","ast-featured-img":"","footer-sml-layout":"","theme-transparent-header-meta":"","adv-header-id-meta":"","stick-header-meta":"","header-above-stick-meta":"","header-main-stick-meta":"","header-below-stick-meta":"","astra-migrate-meta-layouts":"default","ast-page-background-enabled":"default","ast-page-background-meta":{"desktop":{"background-color":"var(--ast-global-color-4)","background-image":"","background-repeat":"repeat","background-position":"center center","background-size":"auto","background-attachment":"scroll","background-type":"","background-media":"","overlay-type":"","overlay-color":"","overlay-gradient":""},"tablet":{"background-color":"","background-image":"","background-repeat":"repeat","background-position":"center center","background-size":"auto","background-attachment":"scroll","background-type":"","background-media":"","overlay-type":"","overlay-color":"","overlay-gradient":""},"mobile":{"background-color":"","background-image":"","background-repeat":"repeat","background-position":"center center","background-size":"auto","background-attachment":"scroll","background-type":"","background-media":"","overlay-type":"","overlay-color":"","overlay-gradient":""}},"ast-content-background-meta":{"desktop":{"background-color":"var(--ast-global-color-5)","background-image":"","background-repeat":"repeat","background-position":"center center","background-size":"auto","background-attachment":"scroll","background-type":"","background-media":"","overlay-type":"","overlay-color":"","overlay-gradient":""},"tablet":{"background-color":"var(--ast-global-color-5)","background-image":"","background-repeat":"repeat","background-position":"center center","background-size":"auto","background-attachment":"scroll","background-type":"","background-media":"","overlay-type":"","overlay-color":"","overlay-gradient":""},"mobile":{"background-color":"var(--ast-global-color-5)","background-image":"","background-repeat":"repeat","background-position":"center center","background-size":"auto","background-attachment":"scroll","background-type":"","background-media":"","overlay-type":"","overlay-color":"","overlay-gradient":""}},"footnotes":""},"categories":[1014,989,1015,1111,12451],"tags":[3684,34068,11702,214888,196715,19582],"class_list":["post-106866","post","type-post","status-publish","format-standard","hentry","category-historia-del-arte","category-historia-moderna","category-historia-moderna-del-area-europea","category-teoria-analisis-y-critica-de-las-bellas-artes","category-valladolid","tag-alfredo-morales-Martinez","tag-carmen-morte-garcia","tag-fernando-checa-cremades","tag-jesus-felix-pascual-molina","tag-miguel-angel-zalama-rodriguez","tag-salvador-andres-ordax"],"_links":{"self":[{"href":"https:\/\/www.deberes.net\/tesis\/wp-json\/wp\/v2\/posts\/106866","targetHints":{"allow":["GET"]}}],"collection":[{"href":"https:\/\/www.deberes.net\/tesis\/wp-json\/wp\/v2\/posts"}],"about":[{"href":"https:\/\/www.deberes.net\/tesis\/wp-json\/wp\/v2\/types\/post"}],"author":[{"embeddable":true,"href":"https:\/\/www.deberes.net\/tesis\/wp-json\/wp\/v2\/users\/1"}],"replies":[{"embeddable":true,"href":"https:\/\/www.deberes.net\/tesis\/wp-json\/wp\/v2\/comments?post=106866"}],"version-history":[{"count":0,"href":"https:\/\/www.deberes.net\/tesis\/wp-json\/wp\/v2\/posts\/106866\/revisions"}],"wp:attachment":[{"href":"https:\/\/www.deberes.net\/tesis\/wp-json\/wp\/v2\/media?parent=106866"}],"wp:term":[{"taxonomy":"category","embeddable":true,"href":"https:\/\/www.deberes.net\/tesis\/wp-json\/wp\/v2\/categories?post=106866"},{"taxonomy":"post_tag","embeddable":true,"href":"https:\/\/www.deberes.net\/tesis\/wp-json\/wp\/v2\/tags?post=106866"}],"curies":[{"name":"wp","href":"https:\/\/api.w.org\/{rel}","templated":true}]}}