{"id":106902,"date":"2018-03-11T10:31:05","date_gmt":"2018-03-11T10:31:05","guid":{"rendered":"https:\/\/www.deberes.net\/tesis\/sin-categoria\/terrorismo-y-artefactos-explosivos-aspectos-penales-y-criminologicos-estudio-de-la-incidencia-de-este-fenomeno-entre-los-anos-1993-y-2006-en-el-paa%c2%ads-vasco\/"},"modified":"2018-03-11T10:31:05","modified_gmt":"2018-03-11T10:31:05","slug":"terrorismo-y-artefactos-explosivos-aspectos-penales-y-criminologicos-estudio-de-la-incidencia-de-este-fenomeno-entre-los-anos-1993-y-2006-en-el-paa%c2%ads-vasco","status":"publish","type":"post","link":"https:\/\/www.deberes.net\/tesis\/ciencias-juridicas-y-derecho\/terrorismo-y-artefactos-explosivos-aspectos-penales-y-criminologicos-estudio-de-la-incidencia-de-este-fenomeno-entre-los-anos-1993-y-2006-en-el-paa%c2%ads-vasco\/","title":{"rendered":"Terrorismo y artefactos explosivos. aspectos penales y criminol\u00f3gicos. estudio de la incidencia de este fen\u00f3meno entre los a\u00f1os 1993 y 2006 en el pa\u00eds vasco."},"content":{"rendered":"<h2>Tesis doctoral de <strong> Jos\u00e9 Manuel Vald\u00e9s Garc\u00eda <\/strong><\/h2>\n<p>La tesis aborda la relaci\u00f3n del terrorismo con la utilizaci\u00f3n de los artefactos explosivos. Se estudia este fen\u00f3meno desde dos posiciones: la penal y la criminol\u00f3gica. La querencia por la utilizaci\u00f3n de artefactos explosivos es una pr\u00e1ctica habitual por parte de organizaciones terroristas que encuentran en este instrumento un medio para conseguir los fines que persiguen. Para contrarrestar estos hechos criminales, los gobiernos reaccionan de varias maneras. La tesis consta de cinco partes. En la primera se especifican los conceptos b\u00e1sicos y los criterios de definici\u00f3n que van a manejarse en el trabajo. Qu\u00e9 se considera terrorismo en el \u00e1mbito espa\u00f1ol e internacional. Qu\u00e9 son los artefactos explosivos y los diferentes tipos. Sus particularidades legales. Qu\u00e9 es la organizaci\u00f3n terrorista eta y la violencia callejera en el pa\u00eds vasco. Se examinan los conceptos doctrinales, jurisprudenciales y legislativos en el \u00e1mbito espa\u00f1ol e internacional.  Dentro de los tipos de artefactos explosivos se explican sus caracter\u00edsticas. Sus particularidades legales. Se examina el explosivo como efecto judicial y se dedica un apartado al terrorismo suicida. En cuanto al an\u00e1lisis de la organizaci\u00f3n terrorista eta, se explica su etiolog\u00eda, los objetivos, las caracter\u00edsticas, etc. Dentro de la violencia callejera o \u00abkale borroka\u00bb se exponen los objetivos que persiguen. En la segunda parte, se plasma la evoluci\u00f3n de los modelos de regulaci\u00f3n de la legislaci\u00f3n contra el terrorismo. La historia legislativa antiterrorista en espa\u00f1a y su repercusi\u00f3n en el \u00e1mbito procesal, social y penal. La tipolog\u00eda delictual del terrorismo en el \u00e1mbito espa\u00f1ol y en el europeo. Se extraen las conclusiones y variaciones de las leyes penales espa\u00f1olas relacionadas con el terrorismo y los explosivos desde finales del siglo xix. Se analizan los periodos legislativos del reinado de alfonso xiii, la dictadura de franco y el periodo constitucional. Tambi\u00e9n los instrumentos jur\u00eddicos internacionales reguladores en relaci\u00f3n con el terrorismo. Asimismo, se estudian los delitos relacionados con el terrorismo y los explosivos. La audiencia nacional tiene su cap\u00edtulo donde se explica el marco legal que la sustenta, sus competencias, el juzgado central de menores, el procedimiento judicial en delitos de terrorismo y las sentencias m\u00e1s significativas emitidas por este \u00f3rgano en cuanto a la tem\u00e1tica de este trabajo.  La tercera parte engloba el estudio exhaustivo de los atentados terroristas con uso de artefactos explosivos en el pa\u00eds vasco entre los a\u00f1os 1993 y 2006. Se desglosan en artefactos con \u00e1nimo delictivo, explosionados, desactivados, simulados e incendiarios. Se analizan las incidencias seg\u00fan las provincias donde han ocurrido los hechos delictivos, los meses, en d\u00eda de la semana y la hora en que han ocurrido. La cuarta parte eval\u00faa la incidencia terrorista dentro del \u00e1mbito criminol\u00f3gico. Uno de sus cap\u00edtulos se refiere a las estad\u00edsticas policiales y los estudios sobre victimizaci\u00f3n. Se explica la manipulaci\u00f3n estad\u00edstica de los delitos y faltas, la t\u00e9cnica de la disuasi\u00f3n as\u00ed como la de unir denuncias. Tambi\u00e9n se define qu\u00e9 son los delitos negros y la t\u00e9cnica de la proximidad en cuanto a la inclusi\u00f3n de varios delitos en una misma denuncia.  La incidencia de la violencia terrorista en \u00e9poca de elecciones tiene su apartado donde se expone su repercusi\u00f3n. La relaci\u00f3n con las diversas teor\u00edas criminol\u00f3gicas se enmarca dentro del estudio de la delincuencia, la funcionalidad del delito, la etiolog\u00eda del terrorismo y su encuadre con las diferentes teor\u00edas criminol\u00f3gicas. Por otra parte, se analiza el tratamiento informativo en cuanto al efecto psicol\u00f3gico que produce as\u00ed como la publicidad al servicio de las organizaciones terroristas. Tambi\u00e9n tiene su espacio la pol\u00edtica criminal que se desarrolla y las medidas pol\u00edticas, policiales y judiciales que se emplean contra el terrorismo.  Finalmente, la quinta parte expone las conclusiones que se han derivado de este trabajo.<\/p>\n<p>&nbsp;<\/p>\n<h3>Datos acad\u00e9micos de la tesis doctoral \u00ab<strong>Terrorismo y artefactos explosivos. aspectos penales y criminol\u00f3gicos. estudio de la incidencia de este fen\u00f3meno entre los a\u00f1os 1993 y 2006 en el pa\u00eds vasco.<\/strong>\u00ab<\/h3>\n<ul>\n<li><strong>T\u00edtulo de la tesis:<\/strong>\u00a0 Terrorismo y artefactos explosivos. aspectos penales y criminol\u00f3gicos. estudio de la incidencia de este fen\u00f3meno entre los a\u00f1os 1993 y 2006 en el pa\u00eds vasco. <\/li>\n<li><strong>Autor:<\/strong>\u00a0 Jos\u00e9 Manuel Vald\u00e9s Garc\u00eda <\/li>\n<li><strong>Universidad:<\/strong>\u00a0 Nacional de educaci\u00f3n a distancia<\/li>\n<li><strong>Fecha de lectura de la tesis:<\/strong>\u00a0 18\/02\/2011<\/li>\n<\/ul>\n<p>&nbsp;<\/p>\n<h3>Direcci\u00f3n y tribunal<\/h3>\n<ul>\n<li><strong>Director de la tesis<\/strong>\n<ul>\n<li>Alfonso Serrano Maillo<\/li>\n<\/ul>\n<\/li>\n<li><strong>Tribunal<\/strong>\n<ul>\n<li>Presidente del tribunal: Carlos Ar\u00e1nquez s\u00e1nchez <\/li>\n<li>Mar\u00eda dolores Serrano tarraga (vocal)<\/li>\n<li>Jos\u00e9 Garc\u00eda san pedro (vocal)<\/li>\n<li>Miguel \u00e1ngel Cano pa\u00f1os (vocal)<\/li>\n<\/ul>\n<\/li>\n<\/ul>\n<p>&nbsp;<\/p>\n","protected":false},"excerpt":{"rendered":"<p>Tesis doctoral de Jos\u00e9 Manuel Vald\u00e9s Garc\u00eda La tesis aborda la relaci\u00f3n del terrorismo con la utilizaci\u00f3n de los artefactos [&hellip;]<\/p>\n","protected":false},"author":1,"featured_media":0,"comment_status":"open","ping_status":"open","sticky":false,"template":"","format":"standard","meta":{"site-sidebar-layout":"default","site-content-layout":"","ast-site-content-layout":"","site-content-style":"default","site-sidebar-style":"default","ast-global-header-display":"","ast-banner-title-visibility":"","ast-main-header-display":"","ast-hfb-above-header-display":"","ast-hfb-below-header-display":"","ast-hfb-mobile-header-display":"","site-post-title":"","ast-breadcrumbs-content":"","ast-featured-img":"","footer-sml-layout":"","theme-transparent-header-meta":"","adv-header-id-meta":"","stick-header-meta":"","header-above-stick-meta":"","header-main-stick-meta":"","header-below-stick-meta":"","astra-migrate-meta-layouts":"default","ast-page-background-enabled":"default","ast-page-background-meta":{"desktop":{"background-color":"var(--ast-global-color-4)","background-image":"","background-repeat":"repeat","background-position":"center center","background-size":"auto","background-attachment":"scroll","background-type":"","background-media":"","overlay-type":"","overlay-color":"","overlay-gradient":""},"tablet":{"background-color":"","background-image":"","background-repeat":"repeat","background-position":"center center","background-size":"auto","background-attachment":"scroll","background-type":"","background-media":"","overlay-type":"","overlay-color":"","overlay-gradient":""},"mobile":{"background-color":"","background-image":"","background-repeat":"repeat","background-position":"center center","background-size":"auto","background-attachment":"scroll","background-type":"","background-media":"","overlay-type":"","overlay-color":"","overlay-gradient":""}},"ast-content-background-meta":{"desktop":{"background-color":"var(--ast-global-color-5)","background-image":"","background-repeat":"repeat","background-position":"center center","background-size":"auto","background-attachment":"scroll","background-type":"","background-media":"","overlay-type":"","overlay-color":"","overlay-gradient":""},"tablet":{"background-color":"var(--ast-global-color-5)","background-image":"","background-repeat":"repeat","background-position":"center center","background-size":"auto","background-attachment":"scroll","background-type":"","background-media":"","overlay-type":"","overlay-color":"","overlay-gradient":""},"mobile":{"background-color":"var(--ast-global-color-5)","background-image":"","background-repeat":"repeat","background-position":"center center","background-size":"auto","background-attachment":"scroll","background-type":"","background-media":"","overlay-type":"","overlay-color":"","overlay-gradient":""}},"footnotes":""},"categories":[612,613,979,17070],"tags":[50413,214952,214954,214951,214953,214955],"class_list":["post-106902","post","type-post","status-publish","format-standard","hentry","category-ciencias-juridicas-y-derecho","category-derecho-penal","category-derecho-y-legislacion-nacionales","category-nacional-de-educacion-a-distancia","tag-alfonso-serrano-maillo","tag-carlos-aranquez-sanchez","tag-jose-garcia-san-pedro","tag-jose-manuel-valdes-garcia","tag-maria-dolores-serrano-tarraga","tag-miguel-angel-cano-panos"],"_links":{"self":[{"href":"https:\/\/www.deberes.net\/tesis\/wp-json\/wp\/v2\/posts\/106902","targetHints":{"allow":["GET"]}}],"collection":[{"href":"https:\/\/www.deberes.net\/tesis\/wp-json\/wp\/v2\/posts"}],"about":[{"href":"https:\/\/www.deberes.net\/tesis\/wp-json\/wp\/v2\/types\/post"}],"author":[{"embeddable":true,"href":"https:\/\/www.deberes.net\/tesis\/wp-json\/wp\/v2\/users\/1"}],"replies":[{"embeddable":true,"href":"https:\/\/www.deberes.net\/tesis\/wp-json\/wp\/v2\/comments?post=106902"}],"version-history":[{"count":0,"href":"https:\/\/www.deberes.net\/tesis\/wp-json\/wp\/v2\/posts\/106902\/revisions"}],"wp:attachment":[{"href":"https:\/\/www.deberes.net\/tesis\/wp-json\/wp\/v2\/media?parent=106902"}],"wp:term":[{"taxonomy":"category","embeddable":true,"href":"https:\/\/www.deberes.net\/tesis\/wp-json\/wp\/v2\/categories?post=106902"},{"taxonomy":"post_tag","embeddable":true,"href":"https:\/\/www.deberes.net\/tesis\/wp-json\/wp\/v2\/tags?post=106902"}],"curies":[{"name":"wp","href":"https:\/\/api.w.org\/{rel}","templated":true}]}}