{"id":106917,"date":"2018-03-11T10:31:05","date_gmt":"2018-03-11T10:31:05","guid":{"rendered":"https:\/\/www.deberes.net\/tesis\/sin-categoria\/la-integracion-regional-centroamericana-y-la-sociedad-civil\/"},"modified":"2018-03-11T10:31:05","modified_gmt":"2018-03-11T10:31:05","slug":"la-integracion-regional-centroamericana-y-la-sociedad-civil","status":"publish","type":"post","link":"https:\/\/www.deberes.net\/tesis\/relaciones-comerciales-internacionales\/la-integracion-regional-centroamericana-y-la-sociedad-civil\/","title":{"rendered":"La integracion regional centroamericana y la sociedad civil"},"content":{"rendered":"<h2>Tesis doctoral de <strong> Francisco Rafael Santos Carrillo <\/strong><\/h2>\n<p>Este trabajo tiene por objeto el estudio del proceso de integraci\u00f3n regional como instrumento de desarrollo para centroam\u00e9rica. Da continuidad a una l\u00ednea de investigaci\u00f3n en integraci\u00f3n regional emprendida hace ya alg\u00fan tiempo en el seno de esta facultad.  En esta ocasi\u00f3n, el aspecto central del estudio de los procesos de integraci\u00f3n regional es el impacto de la acci\u00f3n colectiva de las organizaciones de la sociedad civil sobre los mismos, un an\u00e1lisis hasta ahora pr\u00e1cticamente inexistente.  desde la d\u00e9cada de  los noventa existe un intenso debate en am\u00e9rica latina acerca del papel que deben jugar las organizaciones de la sociedad civil en los procesos de desarrollo1. La reactivaci\u00f3n de los procesos de integraci\u00f3n regional fue la v\u00eda mayoritariamente elegida para la incorporaci\u00f3n de sus econom\u00edas a los mercados mundiales bajo el paradigma dominante del regionalismo abierto. En este marco, la puesta en marcha del sistema de integraci\u00f3n centroamericano (sica) se ha situado como el principal proyecto de desarrollo para la regi\u00f3n.   el sica aporta los mayores avances de cuantos proyectos integracionistas se gestaron a nivel hemisf\u00e9rico, alcanzando la creaci\u00f3n de una uni\u00f3n aduanera, la negociaci\u00f3n de un tratado de libre comercio con los estados unidos de am\u00e9rica (dr-cafta) y la actual negociaci\u00f3n de un acuerdo de asociaci\u00f3n con la uni\u00f3n europea que contempla tres pilares, el comercial, el pol\u00edtico y el de cooperaci\u00f3n. Se ha configurado como un proyecto integral y multidimensional en cuya estructura se inserta un comit\u00e9 consultivo como \u00f3rgano de participaci\u00f3n de la sociedad civil en el proceso. Sin embargo, a pesar de la ret\u00f3rica dominante, que afirma la necesidad del concurso de la sociedad civil para avanzar en los procesos de desarrollo, las instituciones regionales no terminan de generar las condiciones necesarias para propiciar dicha participaci\u00f3n.<\/p>\n<p>&nbsp;<\/p>\n<h3>Datos acad\u00e9micos de la tesis doctoral \u00ab<strong>La integracion regional centroamericana y la sociedad civil<\/strong>\u00ab<\/h3>\n<ul>\n<li><strong>T\u00edtulo de la tesis:<\/strong>\u00a0 La integracion regional centroamericana y la sociedad civil <\/li>\n<li><strong>Autor:<\/strong>\u00a0 Francisco Rafael Santos Carrillo <\/li>\n<li><strong>Universidad:<\/strong>\u00a0 C\u00f3rdoba<\/li>\n<li><strong>Fecha de lectura de la tesis:<\/strong>\u00a0 18\/02\/2011<\/li>\n<\/ul>\n<p>&nbsp;<\/p>\n<h3>Direcci\u00f3n y tribunal<\/h3>\n<ul>\n<li><strong>Director de la tesis<\/strong>\n<ul>\n<li>Pedro Caldentey Del Pozo<\/li>\n<\/ul>\n<\/li>\n<li><strong>Tribunal<\/strong>\n<ul>\n<li>Presidente del tribunal: eduardo Moyano estrada <\/li>\n<li>salvador Mart\u00ed puig (vocal)<\/li>\n<li>nicolas Mariscal berastegui (vocal)<\/li>\n<li>tomas De haro gimenez (vocal)<\/li>\n<\/ul>\n<\/li>\n<\/ul>\n<p>&nbsp;<\/p>\n","protected":false},"excerpt":{"rendered":"<p>Tesis doctoral de Francisco Rafael Santos Carrillo Este trabajo tiene por objeto el estudio del proceso de integraci\u00f3n regional como [&hellip;]<\/p>\n","protected":false},"author":1,"featured_media":0,"comment_status":"open","ping_status":"open","sticky":false,"template":"","format":"standard","meta":{"site-sidebar-layout":"default","site-content-layout":"","ast-site-content-layout":"","site-content-style":"default","site-sidebar-style":"default","ast-global-header-display":"","ast-banner-title-visibility":"","ast-main-header-display":"","ast-hfb-above-header-display":"","ast-hfb-below-header-display":"","ast-hfb-mobile-header-display":"","site-post-title":"","ast-breadcrumbs-content":"","ast-featured-img":"","footer-sml-layout":"","theme-transparent-header-meta":"","adv-header-id-meta":"","stick-header-meta":"","header-above-stick-meta":"","header-main-stick-meta":"","header-below-stick-meta":"","astra-migrate-meta-layouts":"default","ast-page-background-enabled":"default","ast-page-background-meta":{"desktop":{"background-color":"var(--ast-global-color-4)","background-image":"","background-repeat":"repeat","background-position":"center center","background-size":"auto","background-attachment":"scroll","background-type":"","background-media":"","overlay-type":"","overlay-color":"","overlay-gradient":""},"tablet":{"background-color":"","background-image":"","background-repeat":"repeat","background-position":"center center","background-size":"auto","background-attachment":"scroll","background-type":"","background-media":"","overlay-type":"","overlay-color":"","overlay-gradient":""},"mobile":{"background-color":"","background-image":"","background-repeat":"repeat","background-position":"center center","background-size":"auto","background-attachment":"scroll","background-type":"","background-media":"","overlay-type":"","overlay-color":"","overlay-gradient":""}},"ast-content-background-meta":{"desktop":{"background-color":"var(--ast-global-color-5)","background-image":"","background-repeat":"repeat","background-position":"center center","background-size":"auto","background-attachment":"scroll","background-type":"","background-media":"","overlay-type":"","overlay-color":"","overlay-gradient":""},"tablet":{"background-color":"var(--ast-global-color-5)","background-image":"","background-repeat":"repeat","background-position":"center center","background-size":"auto","background-attachment":"scroll","background-type":"","background-media":"","overlay-type":"","overlay-color":"","overlay-gradient":""},"mobile":{"background-color":"var(--ast-global-color-5)","background-image":"","background-repeat":"repeat","background-position":"center center","background-size":"auto","background-attachment":"scroll","background-type":"","background-media":"","overlay-type":"","overlay-color":"","overlay-gradient":""}},"footnotes":""},"categories":[973,25738,84],"tags":[20422,214975,121119,45526,87394,82150],"class_list":["post-106917","post","type-post","status-publish","format-standard","hentry","category-cordoba","category-economia-de-la-investigacion-y-del-desarrollo","category-relaciones-comerciales-internacionales","tag-eduardo-moyano-estrada","tag-francisco-rafael-santos-carrillo","tag-nicolas-mariscal-berastegui","tag-pedro-caldentey-del-pozo","tag-salvador-marti-puig","tag-tomas-de-haro-gimenez"],"_links":{"self":[{"href":"https:\/\/www.deberes.net\/tesis\/wp-json\/wp\/v2\/posts\/106917","targetHints":{"allow":["GET"]}}],"collection":[{"href":"https:\/\/www.deberes.net\/tesis\/wp-json\/wp\/v2\/posts"}],"about":[{"href":"https:\/\/www.deberes.net\/tesis\/wp-json\/wp\/v2\/types\/post"}],"author":[{"embeddable":true,"href":"https:\/\/www.deberes.net\/tesis\/wp-json\/wp\/v2\/users\/1"}],"replies":[{"embeddable":true,"href":"https:\/\/www.deberes.net\/tesis\/wp-json\/wp\/v2\/comments?post=106917"}],"version-history":[{"count":0,"href":"https:\/\/www.deberes.net\/tesis\/wp-json\/wp\/v2\/posts\/106917\/revisions"}],"wp:attachment":[{"href":"https:\/\/www.deberes.net\/tesis\/wp-json\/wp\/v2\/media?parent=106917"}],"wp:term":[{"taxonomy":"category","embeddable":true,"href":"https:\/\/www.deberes.net\/tesis\/wp-json\/wp\/v2\/categories?post=106917"},{"taxonomy":"post_tag","embeddable":true,"href":"https:\/\/www.deberes.net\/tesis\/wp-json\/wp\/v2\/tags?post=106917"}],"curies":[{"name":"wp","href":"https:\/\/api.w.org\/{rel}","templated":true}]}}