{"id":107026,"date":"2018-03-11T10:31:15","date_gmt":"2018-03-11T10:31:15","guid":{"rendered":"https:\/\/www.deberes.net\/tesis\/sin-categoria\/la-respuesta-jura%c2%addica-frente-al-acoso-moral-en-el-trabajo\/"},"modified":"2018-03-11T10:31:15","modified_gmt":"2018-03-11T10:31:15","slug":"la-respuesta-jura%c2%addica-frente-al-acoso-moral-en-el-trabajo","status":"publish","type":"post","link":"https:\/\/www.deberes.net\/tesis\/derecho-del-trabajo-y-de-la-seguridad-social\/la-respuesta-jura%c2%addica-frente-al-acoso-moral-en-el-trabajo\/","title":{"rendered":"La respuesta jur\u00eddica frente al acoso moral en el trabajo"},"content":{"rendered":"<h2>Tesis doctoral de <strong> Alexandre Vicentine  Xavier <\/strong><\/h2>\n<p>Las relaciones de trabajo, desarrolladas en el seno de la organizaci\u00f3n empresarial, constituyen un sector de la vida social donde objetivamente las pr\u00e1cticas de acoso moral se pueden desarrollar. Esta violencia psicol\u00f3gica, de hecho, se ha convertido en una realidad tristemente conocida, objeto por ello de innumerables estudios e investigaciones que, a partir de distintas perspectivas, han mostrado la preocupaci\u00f3n por las implicaciones sociol\u00f3gicas, psicol\u00f3gicas y jur\u00eddicas del complejo fen\u00f3meno.   cabe decir que se ha abierto el camino para afrontar adecuadamente la elaboraci\u00f3n de un marco jur\u00eddico de garant\u00edas para la tutela de los intereses de los trabajadores afectados por el acoso moral, a fin de que puedan encontrar una protecci\u00f3n eficaz frente a la violencia existente en su entorno laboral. En el \u00e1mbito laboral la relevancia del acoso moral se inscribe en un movimiento profundo de reflexi\u00f3n sobre la trascendencia de la integridad personal de los trabajadores, dando importancia a la necesidad de proteger la integridad mental y la dignidad humana frente a los nuevos riesgos laborales y, de forma especial, a los fen\u00f3menos de violencia en el trabajo.   esta violencia psicol\u00f3gica, de hecho, se ha convertido en una realidad tristemente conocida, objeto por ello de innumerables estudios e investigaciones que, a partir de distintas perspectivas, han mostrado la preocupaci\u00f3n por las implicaciones sociol\u00f3gicas, psicol\u00f3gicas y jur\u00eddicas del complejo fen\u00f3meno. La mayor sensibilidad social al respecto es, en parte, consecuencia de la creciente importancia que ha adquirido en el marco normativo de la uni\u00f3n europea y tambi\u00e9n en algunos ordenamientos comparados.  la tesis aborda las respuestas del ordenamiento jur\u00eddico en distintos planos normativos: la tutela preventiva (a trav\u00e9s, principalmente, de las normas de prevenci\u00f3n de riesgos laborales); la tutela sancionadora (en donde la inspecci\u00f3n de trabajo est\u00e1 llamada a jugar un papel fundamental); la protecci\u00f3n del derecho fundamental a la integridad moral (continuando con la cultura tuitiva de los derechos fundamentales que durante d\u00e9cadas han desarrollado los tribunales laborales); la problem\u00e1tica de la v\u00eda judicial de extinci\u00f3n indemnizada del contrato, de tutela reparadora del da\u00f1o a la salud y resarcitoria integral del da\u00f1o que le acompa\u00f1a.<\/p>\n<p>&nbsp;<\/p>\n<h3>Datos acad\u00e9micos de la tesis doctoral \u00ab<strong>La respuesta jur\u00eddica frente al acoso moral en el trabajo<\/strong>\u00ab<\/h3>\n<ul>\n<li><strong>T\u00edtulo de la tesis:<\/strong>\u00a0 La respuesta jur\u00eddica frente al acoso moral en el trabajo <\/li>\n<li><strong>Autor:<\/strong>\u00a0 Alexandre Vicentine  Xavier <\/li>\n<li><strong>Universidad:<\/strong>\u00a0 Le\u00f3n<\/li>\n<li><strong>Fecha de lectura de la tesis:<\/strong>\u00a0 25\/02\/2011<\/li>\n<\/ul>\n<p>&nbsp;<\/p>\n<h3>Direcci\u00f3n y tribunal<\/h3>\n<ul>\n<li><strong>Director de la tesis<\/strong>\n<ul>\n<li>Rodrigo Tasc\u00f3n L\u00f3pez<\/li>\n<\/ul>\n<\/li>\n<li><strong>Tribunal<\/strong>\n<ul>\n<li>Presidente del tribunal: Juan  jos\u00e9 Fern\u00e1ndez dom\u00ednguez <\/li>\n<li>Alberto Arufe varela (vocal)<\/li>\n<li>beatriz Rodr\u00edguez sanz de galdeano (vocal)<\/li>\n<li>rodrigo Garcia schwarz (vocal)<\/li>\n<\/ul>\n<\/li>\n<\/ul>\n<p>&nbsp;<\/p>\n","protected":false},"excerpt":{"rendered":"<p>Tesis doctoral de Alexandre Vicentine Xavier Las relaciones de trabajo, desarrolladas en el seno de la organizaci\u00f3n empresarial, constituyen un [&hellip;]<\/p>\n","protected":false},"author":1,"featured_media":0,"comment_status":"open","ping_status":"open","sticky":false,"template":"","format":"standard","meta":{"site-sidebar-layout":"default","site-content-layout":"","ast-site-content-layout":"","site-content-style":"default","site-sidebar-style":"default","ast-global-header-display":"","ast-banner-title-visibility":"","ast-main-header-display":"","ast-hfb-above-header-display":"","ast-hfb-below-header-display":"","ast-hfb-mobile-header-display":"","site-post-title":"","ast-breadcrumbs-content":"","ast-featured-img":"","footer-sml-layout":"","theme-transparent-header-meta":"","adv-header-id-meta":"","stick-header-meta":"","header-above-stick-meta":"","header-main-stick-meta":"","header-below-stick-meta":"","astra-migrate-meta-layouts":"default","ast-page-background-enabled":"default","ast-page-background-meta":{"desktop":{"background-color":"var(--ast-global-color-4)","background-image":"","background-repeat":"repeat","background-position":"center center","background-size":"auto","background-attachment":"scroll","background-type":"","background-media":"","overlay-type":"","overlay-color":"","overlay-gradient":""},"tablet":{"background-color":"","background-image":"","background-repeat":"repeat","background-position":"center center","background-size":"auto","background-attachment":"scroll","background-type":"","background-media":"","overlay-type":"","overlay-color":"","overlay-gradient":""},"mobile":{"background-color":"","background-image":"","background-repeat":"repeat","background-position":"center center","background-size":"auto","background-attachment":"scroll","background-type":"","background-media":"","overlay-type":"","overlay-color":"","overlay-gradient":""}},"ast-content-background-meta":{"desktop":{"background-color":"var(--ast-global-color-5)","background-image":"","background-repeat":"repeat","background-position":"center center","background-size":"auto","background-attachment":"scroll","background-type":"","background-media":"","overlay-type":"","overlay-color":"","overlay-gradient":""},"tablet":{"background-color":"var(--ast-global-color-5)","background-image":"","background-repeat":"repeat","background-position":"center center","background-size":"auto","background-attachment":"scroll","background-type":"","background-media":"","overlay-type":"","overlay-color":"","overlay-gradient":""},"mobile":{"background-color":"var(--ast-global-color-5)","background-image":"","background-repeat":"repeat","background-position":"center center","background-size":"auto","background-attachment":"scroll","background-type":"","background-media":"","overlay-type":"","overlay-color":"","overlay-gradient":""}},"footnotes":""},"categories":[2170,4430],"tags":[136176,215142,154642,37202,201485,69673],"class_list":["post-107026","post","type-post","status-publish","format-standard","hentry","category-derecho-del-trabajo-y-de-la-seguridad-social","category-leon","tag-alberto-arufe-varela","tag-alexandre-vicentine-xavier","tag-beatriz-rodriguez-sanz-de-galdeano","tag-juan-jose-fernandez-dominguez","tag-rodrigo-garcia-schwarz","tag-rodrigo-tascon-lopez"],"_links":{"self":[{"href":"https:\/\/www.deberes.net\/tesis\/wp-json\/wp\/v2\/posts\/107026","targetHints":{"allow":["GET"]}}],"collection":[{"href":"https:\/\/www.deberes.net\/tesis\/wp-json\/wp\/v2\/posts"}],"about":[{"href":"https:\/\/www.deberes.net\/tesis\/wp-json\/wp\/v2\/types\/post"}],"author":[{"embeddable":true,"href":"https:\/\/www.deberes.net\/tesis\/wp-json\/wp\/v2\/users\/1"}],"replies":[{"embeddable":true,"href":"https:\/\/www.deberes.net\/tesis\/wp-json\/wp\/v2\/comments?post=107026"}],"version-history":[{"count":0,"href":"https:\/\/www.deberes.net\/tesis\/wp-json\/wp\/v2\/posts\/107026\/revisions"}],"wp:attachment":[{"href":"https:\/\/www.deberes.net\/tesis\/wp-json\/wp\/v2\/media?parent=107026"}],"wp:term":[{"taxonomy":"category","embeddable":true,"href":"https:\/\/www.deberes.net\/tesis\/wp-json\/wp\/v2\/categories?post=107026"},{"taxonomy":"post_tag","embeddable":true,"href":"https:\/\/www.deberes.net\/tesis\/wp-json\/wp\/v2\/tags?post=107026"}],"curies":[{"name":"wp","href":"https:\/\/api.w.org\/{rel}","templated":true}]}}