{"id":107027,"date":"2018-03-11T10:31:15","date_gmt":"2018-03-11T10:31:15","guid":{"rendered":"https:\/\/www.deberes.net\/tesis\/sin-categoria\/instrumentos-juridicos-de-lucha-contra-la-precariedad-laboral\/"},"modified":"2018-03-11T10:31:15","modified_gmt":"2018-03-11T10:31:15","slug":"instrumentos-juridicos-de-lucha-contra-la-precariedad-laboral","status":"publish","type":"post","link":"https:\/\/www.deberes.net\/tesis\/derecho-del-trabajo-y-de-la-seguridad-social\/instrumentos-juridicos-de-lucha-contra-la-precariedad-laboral\/","title":{"rendered":"Instrumentos juridicos de lucha contra la precariedad laboral"},"content":{"rendered":"<h2>Tesis doctoral de <strong> Alessandra Marconatto <\/strong><\/h2>\n<p>La finalidad que ha motivado el desarrollo de la tesis instumentos jur\u00eddicos de lucha contra la precariedad laboral, ha sido querer explorar los cambios del mundo del trabajo en las ultimas d\u00e9cadas. As\u00ed, hay que estudiar los procesos de reestructuraci\u00f3n, porque las relaciones de trabajo y las formas de organizaci\u00f3n de los trabajadores est\u00e1n profundamente relacionadas con las transformaciones de la producci\u00f3n y del mercado. el inter\u00e9s en investigar ha surgido de la observaci\u00f3n de la existencia de prestaciones laborales cada vez m\u00e1s deshumanizadas y de una econom\u00eda cada vez m\u00e1s flexible y globalizada. La flexibilidad pasa a servir para diversificar el producto y mejorar su proceso de elaboraci\u00f3n, pero tambi\u00e9n para desreglamentar derechos laborales historicamente adquiridos por la clase trabajadora. La globalizaci\u00f3n a su vez, asumi\u00f3 la forma de desbloqueo de los l\u00edmites sociales impuestos al capital por las pol\u00edticas del estado de bien estar social. Es, tambi\u00e9n, una revancha contra las conquistas sociales de la clase trabajadora. El ideario \u00ednsito a la aceptaci\u00f3n sin reparos de la globalizaci\u00f3n, en su aparente neutralidad, cumple un papel ideol\u00f3gico de encubrir los procesos de dominaci\u00f3n y de desreglamentaci\u00f3n del capital y, como consecuencia, la extraordinaria ampliaci\u00f3n del desempleo estructural, trabajos precarios y aumento de la exclusi\u00f3n social. desde luego, esta tesis se elabora con el objetivo de ayudar el ingente n\u00famero de empleados con condiciones laborales precarias en espa\u00f1a y tambi\u00e9n en brazil, analizando las experiencias de cada pa\u00eds, las tasas de desempleo, los trabajos con relaciones laborales distintas a aquella ideal indefinida y a jornada completa, sus formas y tambi\u00e9n las pol\u00edticas p\u00fablicas de protecci\u00f3n socio-laboral que aplican cada uno de los pa\u00edses. La realidad que viven los trabajadores hoy es muy dura, por esto, tenemos que intentar darle la vuelta a las cosas y empezar a cambiar esta situaci\u00f3n tan tr\u00e1gica que hoy m\u00e1s que nunca (igual que siempre) le toca a sufrir el trabajador. Hay que luchar por un modelo de mercado de trabajo m\u00e1s justo. La lucha debe de ser incesante y el estudio exhaustivo en la b\u00fasqueda mejores condiciones.<\/p>\n<p>&nbsp;<\/p>\n<h3>Datos acad\u00e9micos de la tesis doctoral \u00ab<strong>Instrumentos juridicos de lucha contra la precariedad laboral<\/strong>\u00ab<\/h3>\n<ul>\n<li><strong>T\u00edtulo de la tesis:<\/strong>\u00a0 Instrumentos juridicos de lucha contra la precariedad laboral <\/li>\n<li><strong>Autor:<\/strong>\u00a0 Alessandra Marconatto <\/li>\n<li><strong>Universidad:<\/strong>\u00a0 Le\u00f3n<\/li>\n<li><strong>Fecha de lectura de la tesis:<\/strong>\u00a0 25\/02\/2011<\/li>\n<\/ul>\n<p>&nbsp;<\/p>\n<h3>Direcci\u00f3n y tribunal<\/h3>\n<ul>\n<li><strong>Director de la tesis<\/strong>\n<ul>\n<li>Rodrigo Tasc\u00f3n L\u00f3pez<\/li>\n<\/ul>\n<\/li>\n<li><strong>Tribunal<\/strong>\n<ul>\n<li>Presidente del tribunal: Jes\u00fas Mart\u00ednez gir\u00f3n <\/li>\n<li>Jos\u00e9 Luis Go\u00f1i se\u00edn (vocal)<\/li>\n<li>Juan  Jos\u00e9 Fern\u00e1ndez dom\u00ednguez (vocal)<\/li>\n<li>rodrigo Garcia schwarz (vocal)<\/li>\n<\/ul>\n<\/li>\n<\/ul>\n<p>&nbsp;<\/p>\n","protected":false},"excerpt":{"rendered":"<p>Tesis doctoral de Alessandra Marconatto La finalidad que ha motivado el desarrollo de la tesis instumentos jur\u00eddicos de lucha contra [&hellip;]<\/p>\n","protected":false},"author":1,"featured_media":0,"comment_status":"open","ping_status":"open","sticky":false,"template":"","format":"standard","meta":{"site-sidebar-layout":"default","site-content-layout":"","ast-site-content-layout":"","site-content-style":"default","site-sidebar-style":"default","ast-global-header-display":"","ast-banner-title-visibility":"","ast-main-header-display":"","ast-hfb-above-header-display":"","ast-hfb-below-header-display":"","ast-hfb-mobile-header-display":"","site-post-title":"","ast-breadcrumbs-content":"","ast-featured-img":"","footer-sml-layout":"","theme-transparent-header-meta":"","adv-header-id-meta":"","stick-header-meta":"","header-above-stick-meta":"","header-main-stick-meta":"","header-below-stick-meta":"","astra-migrate-meta-layouts":"default","ast-page-background-enabled":"default","ast-page-background-meta":{"desktop":{"background-color":"var(--ast-global-color-4)","background-image":"","background-repeat":"repeat","background-position":"center center","background-size":"auto","background-attachment":"scroll","background-type":"","background-media":"","overlay-type":"","overlay-color":"","overlay-gradient":""},"tablet":{"background-color":"","background-image":"","background-repeat":"repeat","background-position":"center center","background-size":"auto","background-attachment":"scroll","background-type":"","background-media":"","overlay-type":"","overlay-color":"","overlay-gradient":""},"mobile":{"background-color":"","background-image":"","background-repeat":"repeat","background-position":"center center","background-size":"auto","background-attachment":"scroll","background-type":"","background-media":"","overlay-type":"","overlay-color":"","overlay-gradient":""}},"ast-content-background-meta":{"desktop":{"background-color":"var(--ast-global-color-5)","background-image":"","background-repeat":"repeat","background-position":"center center","background-size":"auto","background-attachment":"scroll","background-type":"","background-media":"","overlay-type":"","overlay-color":"","overlay-gradient":""},"tablet":{"background-color":"var(--ast-global-color-5)","background-image":"","background-repeat":"repeat","background-position":"center center","background-size":"auto","background-attachment":"scroll","background-type":"","background-media":"","overlay-type":"","overlay-color":"","overlay-gradient":""},"mobile":{"background-color":"var(--ast-global-color-5)","background-image":"","background-repeat":"repeat","background-position":"center center","background-size":"auto","background-attachment":"scroll","background-type":"","background-media":"","overlay-type":"","overlay-color":"","overlay-gradient":""}},"footnotes":""},"categories":[2170,4430],"tags":[215143,5170,32492,37202,201485,69673],"class_list":["post-107027","post","type-post","status-publish","format-standard","hentry","category-derecho-del-trabajo-y-de-la-seguridad-social","category-leon","tag-alessandra-marconatto","tag-jesus-Martinez-giron","tag-jose-luis-goni-sein","tag-juan-jose-fernandez-dominguez","tag-rodrigo-garcia-schwarz","tag-rodrigo-tascon-lopez"],"_links":{"self":[{"href":"https:\/\/www.deberes.net\/tesis\/wp-json\/wp\/v2\/posts\/107027","targetHints":{"allow":["GET"]}}],"collection":[{"href":"https:\/\/www.deberes.net\/tesis\/wp-json\/wp\/v2\/posts"}],"about":[{"href":"https:\/\/www.deberes.net\/tesis\/wp-json\/wp\/v2\/types\/post"}],"author":[{"embeddable":true,"href":"https:\/\/www.deberes.net\/tesis\/wp-json\/wp\/v2\/users\/1"}],"replies":[{"embeddable":true,"href":"https:\/\/www.deberes.net\/tesis\/wp-json\/wp\/v2\/comments?post=107027"}],"version-history":[{"count":0,"href":"https:\/\/www.deberes.net\/tesis\/wp-json\/wp\/v2\/posts\/107027\/revisions"}],"wp:attachment":[{"href":"https:\/\/www.deberes.net\/tesis\/wp-json\/wp\/v2\/media?parent=107027"}],"wp:term":[{"taxonomy":"category","embeddable":true,"href":"https:\/\/www.deberes.net\/tesis\/wp-json\/wp\/v2\/categories?post=107027"},{"taxonomy":"post_tag","embeddable":true,"href":"https:\/\/www.deberes.net\/tesis\/wp-json\/wp\/v2\/tags?post=107027"}],"curies":[{"name":"wp","href":"https:\/\/api.w.org\/{rel}","templated":true}]}}