{"id":107044,"date":"2018-03-11T10:31:15","date_gmt":"2018-03-11T10:31:15","guid":{"rendered":"https:\/\/www.deberes.net\/tesis\/sin-categoria\/el-empleo-de-las-tic-en-la-educacion-literaria-eso-y-bachillerato\/"},"modified":"2018-03-11T10:31:15","modified_gmt":"2018-03-11T10:31:15","slug":"el-empleo-de-las-tic-en-la-educacion-literaria-eso-y-bachillerato","status":"publish","type":"post","link":"https:\/\/www.deberes.net\/tesis\/lengua-y-literatura\/el-empleo-de-las-tic-en-la-educacion-literaria-eso-y-bachillerato\/","title":{"rendered":"El empleo de las tic en la educaci\u00f3n literaria: eso y bachillerato"},"content":{"rendered":"<h2>Tesis doctoral de <strong> Itziar Mu\u00f1oz Aldama <\/strong><\/h2>\n<p>La principal finalidad de esta tesis es investigar en qu\u00e9 medida est\u00e1 influyendo el uso de las tecnolog\u00edas de la informaci\u00f3n y la comunicaci\u00f3n (tic) en la educaci\u00f3n literaria en  la etapa de educaci\u00f3n secundaria (eso y bachillerato), y si tal influencia tiene efectos en las pr\u00e1cticas docentes respecto a una concepci\u00f3n de la literatura y la educaci\u00f3n literaria acorde con la did\u00e1ctica y las teor\u00edas literarias actuales.  encontramos un punto de partida com\u00fan entre las corrientes literarias y las \u00faltimas tendencias en did\u00e1ctica de la literatura, que sit\u00faan al lector (y al alumno) en el centro de sus propuestas, y la evoluci\u00f3n de las tecnolog\u00edas de la comunicaci\u00f3n hacia mayores posibilidades de participaci\u00f3n, interacci\u00f3n y colaboraci\u00f3n. Bajo estas premisas, el uso de tic en las aulas de literatura deber\u00eda favorecer e impulsar unos cambios que los te\u00f3ricos anuncian desde hace a\u00f1os para la educaci\u00f3n literaria, y ayudar a dejar atr\u00e1s antiguas concepciones todav\u00eda vigentes en las aulas.   la investigaci\u00f3n comienza con un an\u00e1lisis del marco legislativo respecto a la ense\u00f1anza de la literatura y la integraci\u00f3n de las tecnolog\u00edas en las aulas. Posteriormente, se presenta el panorama te\u00f3rico-pr\u00e1ctico a trav\u00e9s de una serie de estudios ajenos y propios respecto al empleo de las tic en las aulas de literatura. Finalmente, se realizan una evaluaci\u00f3n y an\u00e1lisis de un corpus de experiencias did\u00e1cticas con tic en internet.<\/p>\n<p>&nbsp;<\/p>\n<h3>Datos acad\u00e9micos de la tesis doctoral \u00ab<strong>El empleo de las tic en la educaci\u00f3n literaria: eso y bachillerato<\/strong>\u00ab<\/h3>\n<ul>\n<li><strong>T\u00edtulo de la tesis:<\/strong>\u00a0 El empleo de las tic en la educaci\u00f3n literaria: eso y bachillerato <\/li>\n<li><strong>Autor:<\/strong>\u00a0 Itziar Mu\u00f1oz Aldama <\/li>\n<li><strong>Universidad:<\/strong>\u00a0 Deusto<\/li>\n<li><strong>Fecha de lectura de la tesis:<\/strong>\u00a0 25\/02\/2011<\/li>\n<\/ul>\n<p>&nbsp;<\/p>\n<h3>Direcci\u00f3n y tribunal<\/h3>\n<ul>\n<li><strong>Director de la tesis<\/strong>\n<ul>\n<li>Inmaculada Ballano  Olano<\/li>\n<\/ul>\n<\/li>\n<li><strong>Tribunal<\/strong>\n<ul>\n<li>Presidente del tribunal: gorka j. Palazio arko <\/li>\n<li>joseba koldobika Abaitua odriozola (vocal)<\/li>\n<li>Carlos Casta\u00f1o garrido (vocal)<\/li>\n<li>Elena Barcena madera (vocal)<\/li>\n<\/ul>\n<\/li>\n<\/ul>\n<p>&nbsp;<\/p>\n","protected":false},"excerpt":{"rendered":"<p>Tesis doctoral de Itziar Mu\u00f1oz Aldama La principal finalidad de esta tesis es investigar en qu\u00e9 medida est\u00e1 influyendo el [&hellip;]<\/p>\n","protected":false},"author":1,"featured_media":0,"comment_status":"open","ping_status":"open","sticky":false,"template":"","format":"standard","meta":{"site-sidebar-layout":"default","site-content-layout":"","ast-site-content-layout":"","site-content-style":"default","site-sidebar-style":"default","ast-global-header-display":"","ast-banner-title-visibility":"","ast-main-header-display":"","ast-hfb-above-header-display":"","ast-hfb-below-header-display":"","ast-hfb-mobile-header-display":"","site-post-title":"","ast-breadcrumbs-content":"","ast-featured-img":"","footer-sml-layout":"","theme-transparent-header-meta":"","adv-header-id-meta":"","stick-header-meta":"","header-above-stick-meta":"","header-main-stick-meta":"","header-below-stick-meta":"","astra-migrate-meta-layouts":"default","ast-page-background-enabled":"default","ast-page-background-meta":{"desktop":{"background-color":"var(--ast-global-color-4)","background-image":"","background-repeat":"repeat","background-position":"center center","background-size":"auto","background-attachment":"scroll","background-type":"","background-media":"","overlay-type":"","overlay-color":"","overlay-gradient":""},"tablet":{"background-color":"","background-image":"","background-repeat":"repeat","background-position":"center center","background-size":"auto","background-attachment":"scroll","background-type":"","background-media":"","overlay-type":"","overlay-color":"","overlay-gradient":""},"mobile":{"background-color":"","background-image":"","background-repeat":"repeat","background-position":"center center","background-size":"auto","background-attachment":"scroll","background-type":"","background-media":"","overlay-type":"","overlay-color":"","overlay-gradient":""}},"ast-content-background-meta":{"desktop":{"background-color":"var(--ast-global-color-5)","background-image":"","background-repeat":"repeat","background-position":"center center","background-size":"auto","background-attachment":"scroll","background-type":"","background-media":"","overlay-type":"","overlay-color":"","overlay-gradient":""},"tablet":{"background-color":"var(--ast-global-color-5)","background-image":"","background-repeat":"repeat","background-position":"center center","background-size":"auto","background-attachment":"scroll","background-type":"","background-media":"","overlay-type":"","overlay-color":"","overlay-gradient":""},"mobile":{"background-color":"var(--ast-global-color-5)","background-image":"","background-repeat":"repeat","background-position":"center center","background-size":"auto","background-attachment":"scroll","background-type":"","background-media":"","overlay-type":"","overlay-color":"","overlay-gradient":""}},"footnotes":""},"categories":[31910,636],"tags":[38207,82136,215171,215170,215169,33690],"class_list":["post-107044","post","type-post","status-publish","format-standard","hentry","category-deusto","category-lengua-y-literatura","tag-carlos-castano-garrido","tag-elena-barcena-madera","tag-gorka-j-palazio-arko","tag-inmaculada-ballano-olano","tag-itziar-munoz-aldama","tag-joseba-koldobika-abaitua-odriozola"],"_links":{"self":[{"href":"https:\/\/www.deberes.net\/tesis\/wp-json\/wp\/v2\/posts\/107044","targetHints":{"allow":["GET"]}}],"collection":[{"href":"https:\/\/www.deberes.net\/tesis\/wp-json\/wp\/v2\/posts"}],"about":[{"href":"https:\/\/www.deberes.net\/tesis\/wp-json\/wp\/v2\/types\/post"}],"author":[{"embeddable":true,"href":"https:\/\/www.deberes.net\/tesis\/wp-json\/wp\/v2\/users\/1"}],"replies":[{"embeddable":true,"href":"https:\/\/www.deberes.net\/tesis\/wp-json\/wp\/v2\/comments?post=107044"}],"version-history":[{"count":0,"href":"https:\/\/www.deberes.net\/tesis\/wp-json\/wp\/v2\/posts\/107044\/revisions"}],"wp:attachment":[{"href":"https:\/\/www.deberes.net\/tesis\/wp-json\/wp\/v2\/media?parent=107044"}],"wp:term":[{"taxonomy":"category","embeddable":true,"href":"https:\/\/www.deberes.net\/tesis\/wp-json\/wp\/v2\/categories?post=107044"},{"taxonomy":"post_tag","embeddable":true,"href":"https:\/\/www.deberes.net\/tesis\/wp-json\/wp\/v2\/tags?post=107044"}],"curies":[{"name":"wp","href":"https:\/\/api.w.org\/{rel}","templated":true}]}}