{"id":107060,"date":"2018-03-11T10:31:15","date_gmt":"2018-03-11T10:31:15","guid":{"rendered":"https:\/\/www.deberes.net\/tesis\/sin-categoria\/la-heterocarpia-en-rumex-bucephalophorus-l-significado-ecologico-e-implicaciones-filogeograficas\/"},"modified":"2018-03-11T10:31:15","modified_gmt":"2018-03-11T10:31:15","slug":"la-heterocarpia-en-rumex-bucephalophorus-l-significado-ecologico-e-implicaciones-filogeograficas","status":"publish","type":"post","link":"https:\/\/www.deberes.net\/tesis\/ecologia-vegetal\/la-heterocarpia-en-rumex-bucephalophorus-l-significado-ecologico-e-implicaciones-filogeograficas\/","title":{"rendered":"La heterocarpia en rumex bucephalophorus l: significado ecol\u00f3gico e implicaciones filogeogr\u00e1ficas"},"content":{"rendered":"<h2>Tesis doctoral de <strong> Mar\u00eda Manuela Talavera Sol\u00eds <\/strong><\/h2>\n<p>La heterocarpia en rumex bucephalophorus l: significado ecol\u00f3gico e implicaciones filogeogr\u00e1ficas.    no se dispone de resumen.<\/p>\n<p>&nbsp;<\/p>\n<h3>Datos acad\u00e9micos de la tesis doctoral \u00ab<strong>La heterocarpia en rumex bucephalophorus l: significado ecol\u00f3gico e implicaciones filogeogr\u00e1ficas<\/strong>\u00ab<\/h3>\n<ul>\n<li><strong>T\u00edtulo de la tesis:<\/strong>\u00a0 La heterocarpia en rumex bucephalophorus l: significado ecol\u00f3gico e implicaciones filogeogr\u00e1ficas <\/li>\n<li><strong>Autor:<\/strong>\u00a0 Mar\u00eda Manuela Talavera Sol\u00eds <\/li>\n<li><strong>Universidad:<\/strong>\u00a0 Sevilla<\/li>\n<li><strong>Fecha de lectura de la tesis:<\/strong>\u00a0 25\/02\/2011<\/li>\n<\/ul>\n<p>&nbsp;<\/p>\n<h3>Direcci\u00f3n y tribunal<\/h3>\n<ul>\n<li><strong>Director de la tesis<\/strong>\n<ul>\n<li>Pedro Lu\u00eds Ort\u00edz Ballesteros<\/li>\n<\/ul>\n<\/li>\n<li><strong>Tribunal<\/strong>\n<ul>\n<li>Presidente del tribunal: benito Valdes castrillon <\/li>\n<li>ines Alvarez fernandez (vocal)<\/li>\n<li>peter edward Gibbs (vocal)<\/li>\n<li>Ana Mar\u00eda Crespo de las casas (vocal)<\/li>\n<\/ul>\n<\/li>\n<\/ul>\n<p>&nbsp;<\/p>\n","protected":false},"excerpt":{"rendered":"<p>Tesis doctoral de Mar\u00eda Manuela Talavera Sol\u00eds La heterocarpia en rumex bucephalophorus l: significado ecol\u00f3gico e implicaciones filogeogr\u00e1ficas. no se [&hellip;]<\/p>\n","protected":false},"author":1,"featured_media":0,"comment_status":"open","ping_status":"open","sticky":false,"template":"","format":"standard","meta":{"site-sidebar-layout":"default","site-content-layout":"","ast-site-content-layout":"","site-content-style":"default","site-sidebar-style":"default","ast-global-header-display":"","ast-banner-title-visibility":"","ast-main-header-display":"","ast-hfb-above-header-display":"","ast-hfb-below-header-display":"","ast-hfb-mobile-header-display":"","site-post-title":"","ast-breadcrumbs-content":"","ast-featured-img":"","footer-sml-layout":"","theme-transparent-header-meta":"","adv-header-id-meta":"","stick-header-meta":"","header-above-stick-meta":"","header-main-stick-meta":"","header-below-stick-meta":"","astra-migrate-meta-layouts":"default","ast-page-background-enabled":"default","ast-page-background-meta":{"desktop":{"background-color":"var(--ast-global-color-4)","background-image":"","background-repeat":"repeat","background-position":"center center","background-size":"auto","background-attachment":"scroll","background-type":"","background-media":"","overlay-type":"","overlay-color":"","overlay-gradient":""},"tablet":{"background-color":"","background-image":"","background-repeat":"repeat","background-position":"center center","background-size":"auto","background-attachment":"scroll","background-type":"","background-media":"","overlay-type":"","overlay-color":"","overlay-gradient":""},"mobile":{"background-color":"","background-image":"","background-repeat":"repeat","background-position":"center center","background-size":"auto","background-attachment":"scroll","background-type":"","background-media":"","overlay-type":"","overlay-color":"","overlay-gradient":""}},"ast-content-background-meta":{"desktop":{"background-color":"var(--ast-global-color-5)","background-image":"","background-repeat":"repeat","background-position":"center center","background-size":"auto","background-attachment":"scroll","background-type":"","background-media":"","overlay-type":"","overlay-color":"","overlay-gradient":""},"tablet":{"background-color":"var(--ast-global-color-5)","background-image":"","background-repeat":"repeat","background-position":"center center","background-size":"auto","background-attachment":"scroll","background-type":"","background-media":"","overlay-type":"","overlay-color":"","overlay-gradient":""},"mobile":{"background-color":"var(--ast-global-color-5)","background-image":"","background-repeat":"repeat","background-position":"center center","background-size":"auto","background-attachment":"scroll","background-type":"","background-media":"","overlay-type":"","overlay-color":"","overlay-gradient":""}},"footnotes":""},"categories":[620,10715],"tags":[24388,5698,131539,215197,193596,193598],"class_list":["post-107060","post","type-post","status-publish","format-standard","hentry","category-ecologia-vegetal","category-sevilla","tag-ana-maria-crespo-de-las-casas","tag-benito-valdes-castrillon","tag-ines-alvarez-fernandez","tag-maria-manuela-talavera-solis","tag-pedro-luis-ortiz-ballesteros","tag-peter-edward-gibbs"],"_links":{"self":[{"href":"https:\/\/www.deberes.net\/tesis\/wp-json\/wp\/v2\/posts\/107060","targetHints":{"allow":["GET"]}}],"collection":[{"href":"https:\/\/www.deberes.net\/tesis\/wp-json\/wp\/v2\/posts"}],"about":[{"href":"https:\/\/www.deberes.net\/tesis\/wp-json\/wp\/v2\/types\/post"}],"author":[{"embeddable":true,"href":"https:\/\/www.deberes.net\/tesis\/wp-json\/wp\/v2\/users\/1"}],"replies":[{"embeddable":true,"href":"https:\/\/www.deberes.net\/tesis\/wp-json\/wp\/v2\/comments?post=107060"}],"version-history":[{"count":0,"href":"https:\/\/www.deberes.net\/tesis\/wp-json\/wp\/v2\/posts\/107060\/revisions"}],"wp:attachment":[{"href":"https:\/\/www.deberes.net\/tesis\/wp-json\/wp\/v2\/media?parent=107060"}],"wp:term":[{"taxonomy":"category","embeddable":true,"href":"https:\/\/www.deberes.net\/tesis\/wp-json\/wp\/v2\/categories?post=107060"},{"taxonomy":"post_tag","embeddable":true,"href":"https:\/\/www.deberes.net\/tesis\/wp-json\/wp\/v2\/tags?post=107060"}],"curies":[{"name":"wp","href":"https:\/\/api.w.org\/{rel}","templated":true}]}}