{"id":107078,"date":"2018-03-11T10:31:15","date_gmt":"2018-03-11T10:31:15","guid":{"rendered":"https:\/\/www.deberes.net\/tesis\/sin-categoria\/los-discursos-pola%c2%adticos-del-partido-popular-sobre-inmigracion\/"},"modified":"2018-03-11T10:31:15","modified_gmt":"2018-03-11T10:31:15","slug":"los-discursos-pola%c2%adticos-del-partido-popular-sobre-inmigracion","status":"publish","type":"post","link":"https:\/\/www.deberes.net\/tesis\/filologia\/los-discursos-pola%c2%adticos-del-partido-popular-sobre-inmigracion\/","title":{"rendered":"Los discursos pol\u00edticos del partido popular sobre inmigraci\u00f3n"},"content":{"rendered":"<h2>Tesis doctoral de <strong> Gema Rubio Carbonero <\/strong><\/h2>\n<p>Esta tesis estudia, desde una perspectiva cr\u00edtica, c\u00f3mo un partido pol\u00edtico espa\u00f1ol, el partido popular, construye su discurso sobre inmigraci\u00f3n. En particular, se acerca a c\u00f3mo este partido representa socialmente a las personas migradas y a c\u00f3mo legitima y justifica sus pol\u00edticas, sus opiniones y actitudes hacia la realidad de la inmigraci\u00f3n. Asimismo, indaga sobre c\u00f3mo la ideolog\u00eda condiciona y determina su discurso pol\u00edtico. El prop\u00f3sito de estos an\u00e1lisis es proporcionar las herramientas necesarias para valorar la participaci\u00f3n de este partido sobre la formaci\u00f3n de opiniones y actitudes en la sociedad espa\u00f1ola acerca del fen\u00f3meno inmigratorio. Para ello, se llevar\u00e1 a cabo un an\u00e1lisis del discurso que se centrar\u00e1 en las macroestrategias sem\u00e1nticas, microestrategias l\u00e9xico-sem\u00e1nticas y microestrategias ret\u00f3rico-argumentativas que se desprenden del discurso del partido popular sobre inmigraci\u00f3n. los resultados mostrar\u00e1n que el discurso pol\u00edtico de este partido proyecta una serie de prejuicios y estereotipos mediante un discurso altamente manipulativo determinado por la ideolog\u00eda y los intereses propios del partido popular.<\/p>\n<p>&nbsp;<\/p>\n<h3>Datos acad\u00e9micos de la tesis doctoral \u00ab<strong>Los discursos pol\u00edticos del partido popular sobre inmigraci\u00f3n<\/strong>\u00ab<\/h3>\n<ul>\n<li><strong>T\u00edtulo de la tesis:<\/strong>\u00a0 Los discursos pol\u00edticos del partido popular sobre inmigraci\u00f3n <\/li>\n<li><strong>Autor:<\/strong>\u00a0 Gema Rubio Carbonero <\/li>\n<li><strong>Universidad:<\/strong>\u00a0 Pompeu fabra<\/li>\n<li><strong>Fecha de lectura de la tesis:<\/strong>\u00a0 28\/02\/2011<\/li>\n<\/ul>\n<p>&nbsp;<\/p>\n<h3>Direcci\u00f3n y tribunal<\/h3>\n<ul>\n<li><strong>Director de la tesis<\/strong>\n<ul>\n<li>Teun Van Dijk<\/li>\n<\/ul>\n<\/li>\n<li><strong>Tribunal<\/strong>\n<ul>\n<li>Presidente del tribunal: Antonio  Miguel Ba\u00f1on hernandez <\/li>\n<li>joan Subirats humet (vocal)<\/li>\n<li>  (vocal)<\/li>\n<li>  (vocal)<\/li>\n<\/ul>\n<\/li>\n<\/ul>\n<p>&nbsp;<\/p>\n","protected":false},"excerpt":{"rendered":"<p>Tesis doctoral de Gema Rubio Carbonero Esta tesis estudia, desde una perspectiva cr\u00edtica, c\u00f3mo un partido pol\u00edtico espa\u00f1ol, el partido [&hellip;]<\/p>\n","protected":false},"author":1,"featured_media":0,"comment_status":"open","ping_status":"open","sticky":false,"template":"","format":"standard","meta":{"site-sidebar-layout":"default","site-content-layout":"","ast-site-content-layout":"","site-content-style":"default","site-sidebar-style":"default","ast-global-header-display":"","ast-banner-title-visibility":"","ast-main-header-display":"","ast-hfb-above-header-display":"","ast-hfb-below-header-display":"","ast-hfb-mobile-header-display":"","site-post-title":"","ast-breadcrumbs-content":"","ast-featured-img":"","footer-sml-layout":"","theme-transparent-header-meta":"","adv-header-id-meta":"","stick-header-meta":"","header-above-stick-meta":"","header-main-stick-meta":"","header-below-stick-meta":"","astra-migrate-meta-layouts":"default","ast-page-background-enabled":"default","ast-page-background-meta":{"desktop":{"background-color":"var(--ast-global-color-4)","background-image":"","background-repeat":"repeat","background-position":"center center","background-size":"auto","background-attachment":"scroll","background-type":"","background-media":"","overlay-type":"","overlay-color":"","overlay-gradient":""},"tablet":{"background-color":"","background-image":"","background-repeat":"repeat","background-position":"center center","background-size":"auto","background-attachment":"scroll","background-type":"","background-media":"","overlay-type":"","overlay-color":"","overlay-gradient":""},"mobile":{"background-color":"","background-image":"","background-repeat":"repeat","background-position":"center center","background-size":"auto","background-attachment":"scroll","background-type":"","background-media":"","overlay-type":"","overlay-color":"","overlay-gradient":""}},"ast-content-background-meta":{"desktop":{"background-color":"var(--ast-global-color-5)","background-image":"","background-repeat":"repeat","background-position":"center center","background-size":"auto","background-attachment":"scroll","background-type":"","background-media":"","overlay-type":"","overlay-color":"","overlay-gradient":""},"tablet":{"background-color":"var(--ast-global-color-5)","background-image":"","background-repeat":"repeat","background-position":"center center","background-size":"auto","background-attachment":"scroll","background-type":"","background-media":"","overlay-type":"","overlay-color":"","overlay-gradient":""},"mobile":{"background-color":"var(--ast-global-color-5)","background-image":"","background-repeat":"repeat","background-position":"center center","background-size":"auto","background-attachment":"scroll","background-type":"","background-media":"","overlay-type":"","overlay-color":"","overlay-gradient":""}},"footnotes":""},"categories":[2142,18503,24083,18712],"tags":[62050,215226,4177,140660],"class_list":["post-107078","post","type-post","status-publish","format-standard","hentry","category-filologia","category-ideologias-politicas","category-linguistica-sociologica","category-pompeu-fabra","tag-antonio-miguel-banon-hernandez","tag-gema-rubio-carbonero","tag-joan-subirats-humet","tag-teun-van-dijk"],"_links":{"self":[{"href":"https:\/\/www.deberes.net\/tesis\/wp-json\/wp\/v2\/posts\/107078","targetHints":{"allow":["GET"]}}],"collection":[{"href":"https:\/\/www.deberes.net\/tesis\/wp-json\/wp\/v2\/posts"}],"about":[{"href":"https:\/\/www.deberes.net\/tesis\/wp-json\/wp\/v2\/types\/post"}],"author":[{"embeddable":true,"href":"https:\/\/www.deberes.net\/tesis\/wp-json\/wp\/v2\/users\/1"}],"replies":[{"embeddable":true,"href":"https:\/\/www.deberes.net\/tesis\/wp-json\/wp\/v2\/comments?post=107078"}],"version-history":[{"count":0,"href":"https:\/\/www.deberes.net\/tesis\/wp-json\/wp\/v2\/posts\/107078\/revisions"}],"wp:attachment":[{"href":"https:\/\/www.deberes.net\/tesis\/wp-json\/wp\/v2\/media?parent=107078"}],"wp:term":[{"taxonomy":"category","embeddable":true,"href":"https:\/\/www.deberes.net\/tesis\/wp-json\/wp\/v2\/categories?post=107078"},{"taxonomy":"post_tag","embeddable":true,"href":"https:\/\/www.deberes.net\/tesis\/wp-json\/wp\/v2\/tags?post=107078"}],"curies":[{"name":"wp","href":"https:\/\/api.w.org\/{rel}","templated":true}]}}