{"id":107081,"date":"2018-03-11T10:31:15","date_gmt":"2018-03-11T10:31:15","guid":{"rendered":"https:\/\/www.deberes.net\/tesis\/sin-categoria\/el-cantar-de-mio-cid-adscripcion-generica-y-estructura-tripartita\/"},"modified":"2018-03-11T10:31:15","modified_gmt":"2018-03-11T10:31:15","slug":"el-cantar-de-mio-cid-adscripcion-generica-y-estructura-tripartita","status":"publish","type":"post","link":"https:\/\/www.deberes.net\/tesis\/lengua-y-literatura\/el-cantar-de-mio-cid-adscripcion-generica-y-estructura-tripartita\/","title":{"rendered":"El cantar de mio cid: adscripci\u00f3n gen\u00e9rica y estructura tripartita"},"content":{"rendered":"<h2>Tesis doctoral de <strong> Alfonso Boix Jovan\u00ed <\/strong><\/h2>\n<p>El estudio analiza la estructura del cantar de mio cid compar\u00e1ndolo con el de otros cantares de gesta y otros textos de estructura similar, a fin de relacionar la narraci\u00f3n castellana con alguno de los tipos de cantares \u00e9picos conocidos y replantear su originalidad. La revisi\u00f3n del poema permitir\u00e1 a su vez reinterpretar toda la estructura del cantar, observando c\u00f3mo sus tres cantares se corresponden con tres tramas y no con dos, tal y como se ha venido estableciendo hasta la actualidad.<\/p>\n<p>&nbsp;<\/p>\n<h3>Datos acad\u00e9micos de la tesis doctoral \u00ab<strong>El cantar de mio cid: adscripci\u00f3n gen\u00e9rica y estructura tripartita<\/strong>\u00ab<\/h3>\n<ul>\n<li><strong>T\u00edtulo de la tesis:<\/strong>\u00a0 El cantar de mio cid: adscripci\u00f3n gen\u00e9rica y estructura tripartita <\/li>\n<li><strong>Autor:<\/strong>\u00a0 Alfonso Boix Jovan\u00ed <\/li>\n<li><strong>Universidad:<\/strong>\u00a0 Universitat de val\u00e9ncia (estudi general)<\/li>\n<li><strong>Fecha de lectura de la tesis:<\/strong>\u00a0 28\/02\/2011<\/li>\n<\/ul>\n<p>&nbsp;<\/p>\n<h3>Direcci\u00f3n y tribunal<\/h3>\n<ul>\n<li><strong>Director de la tesis<\/strong>\n<ul>\n<li>Rafael Beltr\u00e1n Llavador<\/li>\n<\/ul>\n<\/li>\n<li><strong>Tribunal<\/strong>\n<ul>\n<li>Presidente del tribunal: pedro manuel C\u00e1tedra Garc\u00eda <\/li>\n<li>Juan  Carlos Conde l\u00f3pez (vocal)<\/li>\n<li>Francisco Bautista p\u00e9rez (vocal)<\/li>\n<li>Fernando G\u00f3mez redondo (vocal)<\/li>\n<\/ul>\n<\/li>\n<\/ul>\n<p>&nbsp;<\/p>\n","protected":false},"excerpt":{"rendered":"<p>Tesis doctoral de Alfonso Boix Jovan\u00ed El estudio analiza la estructura del cantar de mio cid compar\u00e1ndolo con el de [&hellip;]<\/p>\n","protected":false},"author":1,"featured_media":0,"comment_status":"open","ping_status":"open","sticky":false,"template":"","format":"standard","meta":{"site-sidebar-layout":"default","site-content-layout":"","ast-site-content-layout":"","site-content-style":"default","site-sidebar-style":"default","ast-global-header-display":"","ast-banner-title-visibility":"","ast-main-header-display":"","ast-hfb-above-header-display":"","ast-hfb-below-header-display":"","ast-hfb-mobile-header-display":"","site-post-title":"","ast-breadcrumbs-content":"","ast-featured-img":"","footer-sml-layout":"","theme-transparent-header-meta":"","adv-header-id-meta":"","stick-header-meta":"","header-above-stick-meta":"","header-main-stick-meta":"","header-below-stick-meta":"","astra-migrate-meta-layouts":"default","ast-page-background-enabled":"default","ast-page-background-meta":{"desktop":{"background-color":"var(--ast-global-color-4)","background-image":"","background-repeat":"repeat","background-position":"center center","background-size":"auto","background-attachment":"scroll","background-type":"","background-media":"","overlay-type":"","overlay-color":"","overlay-gradient":""},"tablet":{"background-color":"","background-image":"","background-repeat":"repeat","background-position":"center center","background-size":"auto","background-attachment":"scroll","background-type":"","background-media":"","overlay-type":"","overlay-color":"","overlay-gradient":""},"mobile":{"background-color":"","background-image":"","background-repeat":"repeat","background-position":"center center","background-size":"auto","background-attachment":"scroll","background-type":"","background-media":"","overlay-type":"","overlay-color":"","overlay-gradient":""}},"ast-content-background-meta":{"desktop":{"background-color":"var(--ast-global-color-5)","background-image":"","background-repeat":"repeat","background-position":"center center","background-size":"auto","background-attachment":"scroll","background-type":"","background-media":"","overlay-type":"","overlay-color":"","overlay-gradient":""},"tablet":{"background-color":"var(--ast-global-color-5)","background-image":"","background-repeat":"repeat","background-position":"center center","background-size":"auto","background-attachment":"scroll","background-type":"","background-media":"","overlay-type":"","overlay-color":"","overlay-gradient":""},"mobile":{"background-color":"var(--ast-global-color-5)","background-image":"","background-repeat":"repeat","background-position":"center center","background-size":"auto","background-attachment":"scroll","background-type":"","background-media":"","overlay-type":"","overlay-color":"","overlay-gradient":""}},"footnotes":""},"categories":[636],"tags":[215231,43106,59212,29673,11880,24433],"class_list":["post-107081","post","type-post","status-publish","format-standard","hentry","category-lengua-y-literatura","tag-alfonso-boix-jovani","tag-fernando-gomez-redondo","tag-francisco-bautista-perez","tag-juan-carlos-conde-lopez","tag-pedro-manuel-catedra-garcia","tag-rafael-beltran-llavador"],"_links":{"self":[{"href":"https:\/\/www.deberes.net\/tesis\/wp-json\/wp\/v2\/posts\/107081","targetHints":{"allow":["GET"]}}],"collection":[{"href":"https:\/\/www.deberes.net\/tesis\/wp-json\/wp\/v2\/posts"}],"about":[{"href":"https:\/\/www.deberes.net\/tesis\/wp-json\/wp\/v2\/types\/post"}],"author":[{"embeddable":true,"href":"https:\/\/www.deberes.net\/tesis\/wp-json\/wp\/v2\/users\/1"}],"replies":[{"embeddable":true,"href":"https:\/\/www.deberes.net\/tesis\/wp-json\/wp\/v2\/comments?post=107081"}],"version-history":[{"count":0,"href":"https:\/\/www.deberes.net\/tesis\/wp-json\/wp\/v2\/posts\/107081\/revisions"}],"wp:attachment":[{"href":"https:\/\/www.deberes.net\/tesis\/wp-json\/wp\/v2\/media?parent=107081"}],"wp:term":[{"taxonomy":"category","embeddable":true,"href":"https:\/\/www.deberes.net\/tesis\/wp-json\/wp\/v2\/categories?post=107081"},{"taxonomy":"post_tag","embeddable":true,"href":"https:\/\/www.deberes.net\/tesis\/wp-json\/wp\/v2\/tags?post=107081"}],"curies":[{"name":"wp","href":"https:\/\/api.w.org\/{rel}","templated":true}]}}