{"id":107082,"date":"2018-03-11T10:31:19","date_gmt":"2018-03-11T10:31:19","guid":{"rendered":"https:\/\/www.deberes.net\/tesis\/sin-categoria\/la-ordenacion-del-mercado-de-transporte-de-mercanca%c2%adas-por-carretera\/"},"modified":"2018-03-11T10:31:19","modified_gmt":"2018-03-11T10:31:19","slug":"la-ordenacion-del-mercado-de-transporte-de-mercanca%c2%adas-por-carretera","status":"publish","type":"post","link":"https:\/\/www.deberes.net\/tesis\/derecho-mercantil\/la-ordenacion-del-mercado-de-transporte-de-mercanca%c2%adas-por-carretera\/","title":{"rendered":"La ordenaci\u00f3n del mercado de transporte de mercanc\u00edas por carretera"},"content":{"rendered":"<h2>Tesis doctoral de <strong> M\u00aa Estrella Solernou Sanz <\/strong><\/h2>\n<p>La tesis doctoral tiene por objeto estudiar los fundamentos de la ordenaci\u00f3n del transporte de mercanc\u00edas por carretera en tanto que actividad econ\u00f3mica privada regulada, y los efectos de su regulaci\u00f3n en la esfera jur\u00eddica individual del empresario. En un estudio de enfoque iusprivatista, como el presente, interesan especialmente aquellas actividades econ\u00f3micas que se desarrollan en el mercado, donde la libertad de empresa es ejercida en un marco de libre competencia.  sistem\u00e1ticamente el trabajo se divide en tres partes. En una primera parte se analizan las fuentes de derecho comunitario y de derecho espa\u00f1ol, as\u00ed como los fundamentos de la ordenaci\u00f3n del mercado de transporte de mercanc\u00edas por carretera. La segunda parte se encuentra dedicada a la repercusi\u00f3n de la regulaci\u00f3n de este mercado en la libertad de empresa, entendida como libertad econ\u00f3mica individual, y en la libre competencia, en tanto que vertiente institucional de las libertades econ\u00f3micas. Es decir, se destacan las posibles restricciones de las libertades econ\u00f3micas tanto por la intervenci\u00f3n del estado como por la conducta de las empresas transportistas; y, en su caso, se estudia si se hallan debidamente justificadas. Por \u00faltimo, la tercera parte de la tesis se ocupa de la incidencia de las normas de ordenaci\u00f3n de la actividad del transporte de mercanc\u00edas por carretera (acceso y desarrollo de la actividad) en las relaciones jur\u00eddico-privadas.<\/p>\n<p>&nbsp;<\/p>\n<h3>Datos acad\u00e9micos de la tesis doctoral \u00ab<strong>La ordenaci\u00f3n del mercado de transporte de mercanc\u00edas por carretera<\/strong>\u00ab<\/h3>\n<ul>\n<li><strong>T\u00edtulo de la tesis:<\/strong>\u00a0 La ordenaci\u00f3n del mercado de transporte de mercanc\u00edas por carretera <\/li>\n<li><strong>Autor:<\/strong>\u00a0 M\u00aa Estrella Solernou Sanz <\/li>\n<li><strong>Universidad:<\/strong>\u00a0 Jaume i de castell\u00f3n<\/li>\n<li><strong>Fecha de lectura de la tesis:<\/strong>\u00a0 28\/02\/2011<\/li>\n<\/ul>\n<p>&nbsp;<\/p>\n<h3>Direcci\u00f3n y tribunal<\/h3>\n<ul>\n<li><strong>Director de la tesis<\/strong>\n<ul>\n<li>Andr\u00e9s Juan Recalde Castells<\/li>\n<\/ul>\n<\/li>\n<li><strong>Tribunal<\/strong>\n<ul>\n<li>Presidente del tribunal: Jos\u00e9 M\u00aa Gondra romero <\/li>\n<li>julio Costas comesa\u00f1a (vocal)<\/li>\n<li>eloisa Carbonell porras (vocal)<\/li>\n<li>ulrich Immenga (vocal)<\/li>\n<\/ul>\n<\/li>\n<\/ul>\n<p>&nbsp;<\/p>\n","protected":false},"excerpt":{"rendered":"<p>Tesis doctoral de M\u00aa Estrella Solernou Sanz La tesis doctoral tiene por objeto estudiar los fundamentos de la ordenaci\u00f3n del [&hellip;]<\/p>\n","protected":false},"author":1,"featured_media":0,"comment_status":"open","ping_status":"open","sticky":false,"template":"","format":"standard","meta":{"site-sidebar-layout":"default","site-content-layout":"","ast-site-content-layout":"","site-content-style":"default","site-sidebar-style":"default","ast-global-header-display":"","ast-banner-title-visibility":"","ast-main-header-display":"","ast-hfb-above-header-display":"","ast-hfb-below-header-display":"","ast-hfb-mobile-header-display":"","site-post-title":"","ast-breadcrumbs-content":"","ast-featured-img":"","footer-sml-layout":"","theme-transparent-header-meta":"","adv-header-id-meta":"","stick-header-meta":"","header-above-stick-meta":"","header-main-stick-meta":"","header-below-stick-meta":"","astra-migrate-meta-layouts":"default","ast-page-background-enabled":"default","ast-page-background-meta":{"desktop":{"background-color":"var(--ast-global-color-4)","background-image":"","background-repeat":"repeat","background-position":"center center","background-size":"auto","background-attachment":"scroll","background-type":"","background-media":"","overlay-type":"","overlay-color":"","overlay-gradient":""},"tablet":{"background-color":"","background-image":"","background-repeat":"repeat","background-position":"center center","background-size":"auto","background-attachment":"scroll","background-type":"","background-media":"","overlay-type":"","overlay-color":"","overlay-gradient":""},"mobile":{"background-color":"","background-image":"","background-repeat":"repeat","background-position":"center center","background-size":"auto","background-attachment":"scroll","background-type":"","background-media":"","overlay-type":"","overlay-color":"","overlay-gradient":""}},"ast-content-background-meta":{"desktop":{"background-color":"var(--ast-global-color-5)","background-image":"","background-repeat":"repeat","background-position":"center center","background-size":"auto","background-attachment":"scroll","background-type":"","background-media":"","overlay-type":"","overlay-color":"","overlay-gradient":""},"tablet":{"background-color":"var(--ast-global-color-5)","background-image":"","background-repeat":"repeat","background-position":"center center","background-size":"auto","background-attachment":"scroll","background-type":"","background-media":"","overlay-type":"","overlay-color":"","overlay-gradient":""},"mobile":{"background-color":"var(--ast-global-color-5)","background-image":"","background-repeat":"repeat","background-position":"center center","background-size":"auto","background-attachment":"scroll","background-type":"","background-media":"","overlay-type":"","overlay-color":"","overlay-gradient":""}},"footnotes":""},"categories":[2826,18725],"tags":[131193,215233,131192,34854,215232,143045],"class_list":["post-107082","post","type-post","status-publish","format-standard","hentry","category-derecho-mercantil","category-jaume-i-de-castellon","tag-andres-juan-recalde-castells","tag-eloisa-carbonell-porras","tag-jose-ma-gondra-romero","tag-julio-costas-comesana","tag-ma-estrella-solernou-sanz","tag-ulrich-immenga"],"_links":{"self":[{"href":"https:\/\/www.deberes.net\/tesis\/wp-json\/wp\/v2\/posts\/107082","targetHints":{"allow":["GET"]}}],"collection":[{"href":"https:\/\/www.deberes.net\/tesis\/wp-json\/wp\/v2\/posts"}],"about":[{"href":"https:\/\/www.deberes.net\/tesis\/wp-json\/wp\/v2\/types\/post"}],"author":[{"embeddable":true,"href":"https:\/\/www.deberes.net\/tesis\/wp-json\/wp\/v2\/users\/1"}],"replies":[{"embeddable":true,"href":"https:\/\/www.deberes.net\/tesis\/wp-json\/wp\/v2\/comments?post=107082"}],"version-history":[{"count":0,"href":"https:\/\/www.deberes.net\/tesis\/wp-json\/wp\/v2\/posts\/107082\/revisions"}],"wp:attachment":[{"href":"https:\/\/www.deberes.net\/tesis\/wp-json\/wp\/v2\/media?parent=107082"}],"wp:term":[{"taxonomy":"category","embeddable":true,"href":"https:\/\/www.deberes.net\/tesis\/wp-json\/wp\/v2\/categories?post=107082"},{"taxonomy":"post_tag","embeddable":true,"href":"https:\/\/www.deberes.net\/tesis\/wp-json\/wp\/v2\/tags?post=107082"}],"curies":[{"name":"wp","href":"https:\/\/api.w.org\/{rel}","templated":true}]}}