{"id":107147,"date":"2011-03-03T00:00:00","date_gmt":"2011-03-03T00:00:00","guid":{"rendered":"https:\/\/www.deberes.net\/tesis\/sin-categoria\/los-adefagos-acuaticos-coleoptera-de-costa-rica\/"},"modified":"2011-03-03T00:00:00","modified_gmt":"2011-03-03T00:00:00","slug":"los-adefagos-acuaticos-coleoptera-de-costa-rica","status":"publish","type":"post","link":"https:\/\/www.deberes.net\/tesis\/taxonomia-animal\/los-adefagos-acuaticos-coleoptera-de-costa-rica\/","title":{"rendered":"Los ad\u00e9fagos acu\u00e1ticos (coleoptera) de costa rica"},"content":{"rendered":"<h2>Tesis doctoral de <strong> Roberto Blanco Aller <\/strong><\/h2>\n<p>Se presentan los resultados del estudio faun\u00edstico realizado con los ad\u00e9fagos acu\u00e1ticos (coleoptera) de costa rica procedentes de los muestreos efectuados en septiembre de 2006 y febrero-marzo de 2009.  \tcomo resultado de las capturas en 52 puntos de muestreo m\u00e1s el material del ciproc, ha sido posible estudiar un total de 2517 ejemplares de estos cole\u00f3pteros acu\u00e1ticos que pertenecen a 3 familias (dytiscidae, gyrinidae, noteridae), 24 g\u00e9neros y 57 especies y subespecies.  \tadem\u00e1s se presenta un an\u00e1lisis del estado actual de conocimiento de esta fauna en costa rica, recopil\u00e1ndose todas las citas existentes hasta la actualidad.  \tse aporta tambi\u00e9n una clave de identificaci\u00f3n para facilitar la determinaci\u00f3n a nivel familiar, subfamiliar, de tribu y gen\u00e9rico de los taxones citados y estudiados. \t de forma complementaria se analiza la distribuci\u00f3n geogr\u00e1fica (corolog\u00eda), distribuci\u00f3n seg\u00fan las frecuencias relativas en este \u00e1rea centroamericana y la distribuci\u00f3n altitudinal de los taxones registrados.  del mismo modo, se ha efectuado un estudio de la riqueza espec\u00edfica y de la abundancia relativa de estos ad\u00e9fagos acu\u00e1ticos, de acuerdo con la metodolog\u00eda de muestreo adecuada.  se propone la diferenciaci\u00f3n de \u00e1reas (en forma de provincias o grupo de ellas) en el que las especies y subespecies identificadas muestran una correlaci\u00f3n con aquellas en base a un an\u00e1lisis de afinidad.  por \u00faltimo, para cada una de las especies y subespecies determinadas, se incluyen mapas de distribuci\u00f3n general y del \u00e1rea de estudio.<\/p>\n<p>&nbsp;<\/p>\n<h3>Datos acad\u00e9micos de la tesis doctoral \u00ab<strong>Los ad\u00e9fagos acu\u00e1ticos (coleoptera) de costa rica<\/strong>\u00ab<\/h3>\n<ul>\n<li><strong>T\u00edtulo de la tesis:<\/strong>\u00a0 Los ad\u00e9fagos acu\u00e1ticos (coleoptera) de costa rica <\/li>\n<li><strong>Autor:<\/strong>\u00a0 Roberto Blanco Aller <\/li>\n<li><strong>Universidad:<\/strong>\u00a0 Le\u00f3n<\/li>\n<li><strong>Fecha de lectura de la tesis:<\/strong>\u00a0 03\/03\/2011<\/li>\n<\/ul>\n<p>&nbsp;<\/p>\n<h3>Direcci\u00f3n y tribunal<\/h3>\n<ul>\n<li><strong>Director de la tesis<\/strong>\n<ul>\n<li>Juan  Antonio R\u00e9gil  Cueto<\/li>\n<\/ul>\n<\/li>\n<li><strong>Tribunal<\/strong>\n<ul>\n<li>Presidente del tribunal: M\u00aa pilar Mier  durante <\/li>\n<li>Jos\u00e9 Rafael Esteban dur\u00e1n (vocal)<\/li>\n<li>pablo Barranco vega (vocal)<\/li>\n<li>Jos\u00e9 Mar\u00eda Salgado costas (vocal)<\/li>\n<\/ul>\n<\/li>\n<\/ul>\n<p>&nbsp;<\/p>\n","protected":false},"excerpt":{"rendered":"<p>Tesis doctoral de Roberto Blanco Aller Se presentan los resultados del estudio faun\u00edstico realizado con los ad\u00e9fagos acu\u00e1ticos (coleoptera) de [&hellip;]<\/p>\n","protected":false},"author":1,"featured_media":0,"comment_status":"open","ping_status":"open","sticky":false,"template":"","format":"standard","meta":{"site-sidebar-layout":"default","site-content-layout":"","ast-site-content-layout":"","site-content-style":"default","site-sidebar-style":"default","ast-global-header-display":"","ast-banner-title-visibility":"","ast-main-header-display":"","ast-hfb-above-header-display":"","ast-hfb-below-header-display":"","ast-hfb-mobile-header-display":"","site-post-title":"","ast-breadcrumbs-content":"","ast-featured-img":"","footer-sml-layout":"","theme-transparent-header-meta":"","adv-header-id-meta":"","stick-header-meta":"","header-above-stick-meta":"","header-main-stick-meta":"","header-below-stick-meta":"","astra-migrate-meta-layouts":"default","ast-page-background-enabled":"default","ast-page-background-meta":{"desktop":{"background-color":"var(--ast-global-color-4)","background-image":"","background-repeat":"repeat","background-position":"center center","background-size":"auto","background-attachment":"scroll","background-type":"","background-media":"","overlay-type":"","overlay-color":"","overlay-gradient":""},"tablet":{"background-color":"","background-image":"","background-repeat":"repeat","background-position":"center center","background-size":"auto","background-attachment":"scroll","background-type":"","background-media":"","overlay-type":"","overlay-color":"","overlay-gradient":""},"mobile":{"background-color":"","background-image":"","background-repeat":"repeat","background-position":"center center","background-size":"auto","background-attachment":"scroll","background-type":"","background-media":"","overlay-type":"","overlay-color":"","overlay-gradient":""}},"ast-content-background-meta":{"desktop":{"background-color":"var(--ast-global-color-5)","background-image":"","background-repeat":"repeat","background-position":"center center","background-size":"auto","background-attachment":"scroll","background-type":"","background-media":"","overlay-type":"","overlay-color":"","overlay-gradient":""},"tablet":{"background-color":"var(--ast-global-color-5)","background-image":"","background-repeat":"repeat","background-position":"center center","background-size":"auto","background-attachment":"scroll","background-type":"","background-media":"","overlay-type":"","overlay-color":"","overlay-gradient":""},"mobile":{"background-color":"var(--ast-global-color-5)","background-image":"","background-repeat":"repeat","background-position":"center center","background-size":"auto","background-attachment":"scroll","background-type":"","background-media":"","overlay-type":"","overlay-color":"","overlay-gradient":""}},"footnotes":""},"categories":[4430,368],"tags":[4318,153546,215334,215335,118998,215333],"class_list":["post-107147","post","type-post","status-publish","format-standard","hentry","category-leon","category-taxonomia-animal","tag-jose-maria-salgado-costas","tag-jose-rafael-esteban-duran","tag-juan-antonio-regil-cueto","tag-ma-pilar-mier-durante","tag-pablo-barranco-vega","tag-roberto-blanco-aller"],"_links":{"self":[{"href":"https:\/\/www.deberes.net\/tesis\/wp-json\/wp\/v2\/posts\/107147","targetHints":{"allow":["GET"]}}],"collection":[{"href":"https:\/\/www.deberes.net\/tesis\/wp-json\/wp\/v2\/posts"}],"about":[{"href":"https:\/\/www.deberes.net\/tesis\/wp-json\/wp\/v2\/types\/post"}],"author":[{"embeddable":true,"href":"https:\/\/www.deberes.net\/tesis\/wp-json\/wp\/v2\/users\/1"}],"replies":[{"embeddable":true,"href":"https:\/\/www.deberes.net\/tesis\/wp-json\/wp\/v2\/comments?post=107147"}],"version-history":[{"count":0,"href":"https:\/\/www.deberes.net\/tesis\/wp-json\/wp\/v2\/posts\/107147\/revisions"}],"wp:attachment":[{"href":"https:\/\/www.deberes.net\/tesis\/wp-json\/wp\/v2\/media?parent=107147"}],"wp:term":[{"taxonomy":"category","embeddable":true,"href":"https:\/\/www.deberes.net\/tesis\/wp-json\/wp\/v2\/categories?post=107147"},{"taxonomy":"post_tag","embeddable":true,"href":"https:\/\/www.deberes.net\/tesis\/wp-json\/wp\/v2\/tags?post=107147"}],"curies":[{"name":"wp","href":"https:\/\/api.w.org\/{rel}","templated":true}]}}