{"id":107179,"date":"2011-04-03T00:00:00","date_gmt":"2011-04-03T00:00:00","guid":{"rendered":"https:\/\/www.deberes.net\/tesis\/sin-categoria\/el-imaginario-del-paisaje\/"},"modified":"2011-04-03T00:00:00","modified_gmt":"2011-04-03T00:00:00","slug":"el-imaginario-del-paisaje","status":"publish","type":"post","link":"https:\/\/www.deberes.net\/tesis\/fotografia\/el-imaginario-del-paisaje\/","title":{"rendered":"El imaginario del paisaje"},"content":{"rendered":"<h2>Tesis doctoral de <strong> Isabel Flores Gonz\u00e1lez-moro <\/strong><\/h2>\n<p>Esta tesis doctoral plantea la materializaci\u00f3n de un conjunto de cuestiones te\u00f3ricas en un trabajo de investigaci\u00f3n pl\u00e1stica que se despliega a lo largo de ocho series fotogr\u00e1ficas presentadas, glos\u00e1ndolas a trav\u00e9s de un recorrido te\u00f3rico efectuado  alrededor de tres ejes o \u00e1reas tem\u00e1ticas que se encuentran implicadas en su realizaci\u00f3n.  en la primera secci\u00f3n de esta tesis se aborda la naturaleza del medio fotogr\u00e1fico destacando su naturaleza ambigua y elusiva a la definici\u00f3n, una acepci\u00f3n del medio que queda normalmente oculta en la utilizaci\u00f3n cada vez m\u00e1s masiva de im\u00e1genes t\u00e9cnicas. Asimismo se tratan su relaci\u00f3n con la representaci\u00f3n del tiempo y sus interacciones con la memoria, su papel fundamental en los c\u00e1nones de representaci\u00f3n de las \u00e9pocas moderna y postmoderna, y los cambios que surgen en la migraci\u00f3n actual desde el proceso fotoqu\u00edmico hacia la codificaci\u00f3n digital. Las dificultades de aproximaci\u00f3n al medio a la luz de su naturaleza esquiva y sus m\u00e1s recientes mutaciones de c\u00f3digo revelan problem\u00e1ticas m\u00e1s profundas que se hacen extensivas al conjunto de las im\u00e1genes tradicionales. Se abordan estas cuestiones relativas a lo imaginario acudiendo mayoritariamente a las reflexiones que sobre ellas ha tratado a lo largo del \u00faltimo siglo de forma destacada la semiolog\u00eda, aunque se implican tambi\u00e9n otras \u00e1reas de conocimiento relacionadas.   en la segunda secci\u00f3n se abordan las relaciones complejas existentes entre texto e imagen en las tareas de representaci\u00f3n efectuadas en occidente, destacando la posici\u00f3n antag\u00f3nica y complementaria que mantienen entre ellos, y las confrontaciones y exclusiones que se han dado en su uso conjunto a lo largo de nuestra historia cultural. Se propone como modelo de conciliaci\u00f3n de c\u00f3digos ling\u00ed\u00bc\u00edsticos el emblema renacentista y barroco, destacando el papel preponderante que toma la poes\u00eda en el dinamismo que despliegan los sistemas de representaci\u00f3n que se encuentran hibridados. Se destaca la situaci\u00f3n de desequilibrio en la que se encuentra el signo en el caso de la imagen fotogr\u00e1fica para justificar la disposici\u00f3n que el texto y la imagen adquieren en las piezas que componen las series, as\u00ed como las ventajas que en la tarea de mediaci\u00f3n visual ofrece la maniobra po\u00e9tica, sobre todo en lo que compete a un posicionamiento realmente cr\u00edtico.   por \u00faltimo en la tercera secci\u00f3n se aborda y define el g\u00e9nero del paisaje poni\u00e9ndolo en relaci\u00f3n con la fotograf\u00eda a trav\u00e9s de sus interconexiones y las afinidades de formulaci\u00f3n que mantienen. Mediante el an\u00e1lisis de estas relaciones se accede a nexos m\u00e1s profundos que tienen su punto de inserci\u00f3n en los c\u00e1nones de transcripci\u00f3n del territorio que sustentan las bases de la cartograf\u00eda moderna. Destacando el car\u00e1cter fragmentario de estos c\u00e1nones visuales y las consecuencias que han tenido en nuestra trayectoria cultural se justifica y culmina el recorrido multidisciplinar efectuado a lo largo de esta tesis y su correlato formal en las obras que componen las series.<\/p>\n<p>&nbsp;<\/p>\n<h3>Datos acad\u00e9micos de la tesis doctoral \u00ab<strong>El imaginario del paisaje<\/strong>\u00ab<\/h3>\n<ul>\n<li><strong>T\u00edtulo de la tesis:<\/strong>\u00a0 El imaginario del paisaje <\/li>\n<li><strong>Autor:<\/strong>\u00a0 Isabel Flores Gonz\u00e1lez-moro <\/li>\n<li><strong>Universidad:<\/strong>\u00a0 La laguna<\/li>\n<li><strong>Fecha de lectura de la tesis:<\/strong>\u00a0 04\/03\/2011<\/li>\n<\/ul>\n<p>&nbsp;<\/p>\n<h3>Direcci\u00f3n y tribunal<\/h3>\n<ul>\n<li><strong>Director de la tesis<\/strong>\n<ul>\n<li>Ramon Salas Lamamie De Clairac<\/li>\n<\/ul>\n<\/li>\n<li><strong>Tribunal<\/strong>\n<ul>\n<li>Presidente del tribunal: josu Larra\u00f1aga altuna <\/li>\n<li>Antonio Ans\u00f3n anad\u00f3n (vocal)<\/li>\n<li>Mar\u00eda  teresa Arozena bonnet (vocal)<\/li>\n<li>josep Benlloch serrano (vocal)<\/li>\n<\/ul>\n<\/li>\n<\/ul>\n<p>&nbsp;<\/p>\n","protected":false},"excerpt":{"rendered":"<p>Tesis doctoral de Isabel Flores Gonz\u00e1lez-moro Esta tesis doctoral plantea la materializaci\u00f3n de un conjunto de cuestiones te\u00f3ricas en un [&hellip;]<\/p>\n","protected":false},"author":1,"featured_media":0,"comment_status":"open","ping_status":"open","sticky":false,"template":"","format":"standard","meta":{"site-sidebar-layout":"default","site-content-layout":"","ast-site-content-layout":"","site-content-style":"default","site-sidebar-style":"default","ast-global-header-display":"","ast-banner-title-visibility":"","ast-main-header-display":"","ast-hfb-above-header-display":"","ast-hfb-below-header-display":"","ast-hfb-mobile-header-display":"","site-post-title":"","ast-breadcrumbs-content":"","ast-featured-img":"","footer-sml-layout":"","theme-transparent-header-meta":"","adv-header-id-meta":"","stick-header-meta":"","header-above-stick-meta":"","header-main-stick-meta":"","header-below-stick-meta":"","astra-migrate-meta-layouts":"default","ast-page-background-enabled":"default","ast-page-background-meta":{"desktop":{"background-color":"var(--ast-global-color-4)","background-image":"","background-repeat":"repeat","background-position":"center center","background-size":"auto","background-attachment":"scroll","background-type":"","background-media":"","overlay-type":"","overlay-color":"","overlay-gradient":""},"tablet":{"background-color":"","background-image":"","background-repeat":"repeat","background-position":"center center","background-size":"auto","background-attachment":"scroll","background-type":"","background-media":"","overlay-type":"","overlay-color":"","overlay-gradient":""},"mobile":{"background-color":"","background-image":"","background-repeat":"repeat","background-position":"center center","background-size":"auto","background-attachment":"scroll","background-type":"","background-media":"","overlay-type":"","overlay-color":"","overlay-gradient":""}},"ast-content-background-meta":{"desktop":{"background-color":"var(--ast-global-color-5)","background-image":"","background-repeat":"repeat","background-position":"center center","background-size":"auto","background-attachment":"scroll","background-type":"","background-media":"","overlay-type":"","overlay-color":"","overlay-gradient":""},"tablet":{"background-color":"var(--ast-global-color-5)","background-image":"","background-repeat":"repeat","background-position":"center center","background-size":"auto","background-attachment":"scroll","background-type":"","background-media":"","overlay-type":"","overlay-color":"","overlay-gradient":""},"mobile":{"background-color":"var(--ast-global-color-5)","background-image":"","background-repeat":"repeat","background-position":"center center","background-size":"auto","background-attachment":"scroll","background-type":"","background-media":"","overlay-type":"","overlay-color":"","overlay-gradient":""}},"footnotes":""},"categories":[5270,33289,9915,6428,21130],"tags":[143667,215374,82466,118322,200048,10453],"class_list":["post-107179","post","type-post","status-publish","format-standard","hentry","category-fotografia","category-geografia-cultural","category-la-laguna","category-metafisica-y-ontologia","category-tratamiento-digital-de-imagenes","tag-antonio-anson-anadon","tag-isabel-flores-gonzalez-moro","tag-josep-benlloch-serrano","tag-josu-larranaga-altuna","tag-maria-teresa-arozena-bonnet","tag-ramon-salas-lamamie-de-clairac"],"_links":{"self":[{"href":"https:\/\/www.deberes.net\/tesis\/wp-json\/wp\/v2\/posts\/107179","targetHints":{"allow":["GET"]}}],"collection":[{"href":"https:\/\/www.deberes.net\/tesis\/wp-json\/wp\/v2\/posts"}],"about":[{"href":"https:\/\/www.deberes.net\/tesis\/wp-json\/wp\/v2\/types\/post"}],"author":[{"embeddable":true,"href":"https:\/\/www.deberes.net\/tesis\/wp-json\/wp\/v2\/users\/1"}],"replies":[{"embeddable":true,"href":"https:\/\/www.deberes.net\/tesis\/wp-json\/wp\/v2\/comments?post=107179"}],"version-history":[{"count":0,"href":"https:\/\/www.deberes.net\/tesis\/wp-json\/wp\/v2\/posts\/107179\/revisions"}],"wp:attachment":[{"href":"https:\/\/www.deberes.net\/tesis\/wp-json\/wp\/v2\/media?parent=107179"}],"wp:term":[{"taxonomy":"category","embeddable":true,"href":"https:\/\/www.deberes.net\/tesis\/wp-json\/wp\/v2\/categories?post=107179"},{"taxonomy":"post_tag","embeddable":true,"href":"https:\/\/www.deberes.net\/tesis\/wp-json\/wp\/v2\/tags?post=107179"}],"curies":[{"name":"wp","href":"https:\/\/api.w.org\/{rel}","templated":true}]}}