{"id":107229,"date":"2011-07-03T00:00:00","date_gmt":"2011-07-03T00:00:00","guid":{"rendered":"https:\/\/www.deberes.net\/tesis\/sin-categoria\/imagenes-femeninas-en-la-poesa%c2%ada-de-las-escritoras-espanolas-de-preguerra-1900-1936\/"},"modified":"2011-07-03T00:00:00","modified_gmt":"2011-07-03T00:00:00","slug":"imagenes-femeninas-en-la-poesa%c2%ada-de-las-escritoras-espanolas-de-preguerra-1900-1936","status":"publish","type":"post","link":"https:\/\/www.deberes.net\/tesis\/critica-de-textos\/imagenes-femeninas-en-la-poesa%c2%ada-de-las-escritoras-espanolas-de-preguerra-1900-1936\/","title":{"rendered":"Im\u00e1genes femeninas en la poes\u00edade las escritoras espa\u00f1olas de preguerra (1900-1936)"},"content":{"rendered":"<h2>Tesis doctoral de <strong> Inmaculada Plaza Agudo <\/strong><\/h2>\n<p>La tesis doctoral im\u00e1genes femeninas en la poes\u00eda de las escritoras espa\u00f1olas de preguerra (1900-1936) rescata un rico y variado panorama de textos po\u00e9ticos publicados por autoras espa\u00f1olas en lengua castellana entre 1900-1936. Esta producci\u00f3n ha sido analizada desde un punto de vista est\u00e9tico encuadr\u00e1ndose en las principales tendencias del periodo: tradici\u00f3n y vanguardia (m\u00e9ndez, de la torre), formalismos vanguardistas (chacel, champourcin, s\u00e1nchez saornil, ferreras), ruptura de los moldes gen\u00e9ricos (conde, cegarra, lej\u00e1rraga, zambrano, valderrama, ballesteros, camprub\u00ed), l\u00edrica popular y est\u00e9tica modernista (mulder y mart\u00ednez sagi). La producci\u00f3n po\u00e9tica de autor\u00eda femenina ha sido asimismo abordada desde el punto de vista de las im\u00e1genes y modelos femeninos que transmite,  atendi\u00e9ndose a una serie de ejes tem\u00e1ticos (el amor y el erotismo, la maternidad y la infancia, el deseo de libertad y la participaci\u00f3n p\u00fablica) en los que se reflejan los cambios y permanencias en los roles de g\u00e9nero tradicionales. El corpus po\u00e9tico analizado ha sido conectado con la situaci\u00f3n social de las espa\u00f1olas de preguerra, explic\u00e1ndose las imbricaciones entre los profundos cambios que conllev\u00f3 la incorporaci\u00f3n de las mujeres a la esfera p\u00fablica y la huella literaria que tuvieron en la obra po\u00e9tica de las autoras. Se han analizado tambi\u00e9n fuentes documentales de gran inter\u00e9s (revistas literarias, historias y antolog\u00edas del periodo) para explorar el tratamiento que tuvieron en ellas las autoras. Se observa, as\u00ed, el proceso c\u00f3mo se ha ido formando en la sincron\u00eda un canon de las poetas de preguerra, que despu\u00e9s se ha manteniendo en las d\u00e9cadas posteriores. La tesis se completa con la incorporaci\u00f3n de dos \u00fatiles ap\u00e9ndices documentales: una relaci\u00f3n de poemarios de autor\u00eda femenina publicados por primera vez por esos a\u00f1os (ap\u00e9ndice i) y la recopilaci\u00f3n de una n\u00f3mina de poemas de escritoras localizados en publicaciones peri\u00f3dicas entre 1900 y 1936 (ap\u00e9ndice ii).<\/p>\n<p>&nbsp;<\/p>\n<h3>Datos acad\u00e9micos de la tesis doctoral \u00ab<strong>Im\u00e1genes femeninas en la poes\u00edade las escritoras espa\u00f1olas de preguerra (1900-1936)<\/strong>\u00ab<\/h3>\n<ul>\n<li><strong>T\u00edtulo de la tesis:<\/strong>\u00a0 Im\u00e1genes femeninas en la poes\u00edade las escritoras espa\u00f1olas de preguerra (1900-1936) <\/li>\n<li><strong>Autor:<\/strong>\u00a0 Inmaculada Plaza Agudo <\/li>\n<li><strong>Universidad:<\/strong>\u00a0 Salamanca<\/li>\n<li><strong>Fecha de lectura de la tesis:<\/strong>\u00a0 07\/03\/2011<\/li>\n<\/ul>\n<p>&nbsp;<\/p>\n<h3>Direcci\u00f3n y tribunal<\/h3>\n<ul>\n<li><strong>Director de la tesis<\/strong>\n<ul>\n<li>Pilar Nieva De La Paz<\/li>\n<\/ul>\n<\/li>\n<li><strong>Tribunal<\/strong>\n<ul>\n<li>Presidente del tribunal: Mar\u00eda francisca Vilches de frutos <\/li>\n<li>luc\u00eda Montejo gurruchaga (vocal)<\/li>\n<li>antonia \u00e1ngela Ena bordonada (vocal)<\/li>\n<li>Antonio Fern\u00e1ndez insuela (vocal)<\/li>\n<\/ul>\n<\/li>\n<\/ul>\n<p>&nbsp;<\/p>\n","protected":false},"excerpt":{"rendered":"<p>Tesis doctoral de Inmaculada Plaza Agudo La tesis doctoral im\u00e1genes femeninas en la poes\u00eda de las escritoras espa\u00f1olas de preguerra [&hellip;]<\/p>\n","protected":false},"author":1,"featured_media":0,"comment_status":"open","ping_status":"open","sticky":false,"template":"","format":"standard","meta":{"site-sidebar-layout":"default","site-content-layout":"","ast-site-content-layout":"","site-content-style":"default","site-sidebar-style":"default","ast-global-header-display":"","ast-banner-title-visibility":"","ast-main-header-display":"","ast-hfb-above-header-display":"","ast-hfb-below-header-display":"","ast-hfb-mobile-header-display":"","site-post-title":"","ast-breadcrumbs-content":"","ast-featured-img":"","footer-sml-layout":"","theme-transparent-header-meta":"","adv-header-id-meta":"","stick-header-meta":"","header-above-stick-meta":"","header-main-stick-meta":"","header-below-stick-meta":"","astra-migrate-meta-layouts":"default","ast-page-background-enabled":"default","ast-page-background-meta":{"desktop":{"background-color":"var(--ast-global-color-4)","background-image":"","background-repeat":"repeat","background-position":"center center","background-size":"auto","background-attachment":"scroll","background-type":"","background-media":"","overlay-type":"","overlay-color":"","overlay-gradient":""},"tablet":{"background-color":"","background-image":"","background-repeat":"repeat","background-position":"center center","background-size":"auto","background-attachment":"scroll","background-type":"","background-media":"","overlay-type":"","overlay-color":"","overlay-gradient":""},"mobile":{"background-color":"","background-image":"","background-repeat":"repeat","background-position":"center center","background-size":"auto","background-attachment":"scroll","background-type":"","background-media":"","overlay-type":"","overlay-color":"","overlay-gradient":""}},"ast-content-background-meta":{"desktop":{"background-color":"var(--ast-global-color-5)","background-image":"","background-repeat":"repeat","background-position":"center center","background-size":"auto","background-attachment":"scroll","background-type":"","background-media":"","overlay-type":"","overlay-color":"","overlay-gradient":""},"tablet":{"background-color":"var(--ast-global-color-5)","background-image":"","background-repeat":"repeat","background-position":"center center","background-size":"auto","background-attachment":"scroll","background-type":"","background-media":"","overlay-type":"","overlay-color":"","overlay-gradient":""},"mobile":{"background-color":"var(--ast-global-color-5)","background-image":"","background-repeat":"repeat","background-position":"center center","background-size":"auto","background-attachment":"scroll","background-type":"","background-media":"","overlay-type":"","overlay-color":"","overlay-gradient":""}},"footnotes":""},"categories":[149,1867,9386,628],"tags":[128008,9273,215457,7448,6654,215458],"class_list":["post-107229","post","type-post","status-publish","format-standard","hentry","category-critica-de-textos","category-historia-de-la-literatura-espanola","category-salamanca","category-teoria-analisis-y-critica-literarios","tag-antonia-angela-ena-bordonada","tag-antonio-fernandez-insuela","tag-inmaculada-plaza-agudo","tag-lucia-montejo-gurruchaga","tag-maria-francisca-vilches-de-frutos","tag-pilar-nieva-de-la-paz"],"_links":{"self":[{"href":"https:\/\/www.deberes.net\/tesis\/wp-json\/wp\/v2\/posts\/107229","targetHints":{"allow":["GET"]}}],"collection":[{"href":"https:\/\/www.deberes.net\/tesis\/wp-json\/wp\/v2\/posts"}],"about":[{"href":"https:\/\/www.deberes.net\/tesis\/wp-json\/wp\/v2\/types\/post"}],"author":[{"embeddable":true,"href":"https:\/\/www.deberes.net\/tesis\/wp-json\/wp\/v2\/users\/1"}],"replies":[{"embeddable":true,"href":"https:\/\/www.deberes.net\/tesis\/wp-json\/wp\/v2\/comments?post=107229"}],"version-history":[{"count":0,"href":"https:\/\/www.deberes.net\/tesis\/wp-json\/wp\/v2\/posts\/107229\/revisions"}],"wp:attachment":[{"href":"https:\/\/www.deberes.net\/tesis\/wp-json\/wp\/v2\/media?parent=107229"}],"wp:term":[{"taxonomy":"category","embeddable":true,"href":"https:\/\/www.deberes.net\/tesis\/wp-json\/wp\/v2\/categories?post=107229"},{"taxonomy":"post_tag","embeddable":true,"href":"https:\/\/www.deberes.net\/tesis\/wp-json\/wp\/v2\/tags?post=107229"}],"curies":[{"name":"wp","href":"https:\/\/api.w.org\/{rel}","templated":true}]}}