{"id":107272,"date":"2011-09-03T00:00:00","date_gmt":"2011-09-03T00:00:00","guid":{"rendered":"https:\/\/www.deberes.net\/tesis\/sin-categoria\/emulacion-de-los-efectos-de-la-radiacion-ionizante-en-dispositivos-analogicos-mediante-laser-pulsado-de-femtosegundo-sintonizable\/"},"modified":"2011-09-03T00:00:00","modified_gmt":"2011-09-03T00:00:00","slug":"emulacion-de-los-efectos-de-la-radiacion-ionizante-en-dispositivos-analogicos-mediante-laser-pulsado-de-femtosegundo-sintonizable","status":"publish","type":"post","link":"https:\/\/www.deberes.net\/tesis\/fisica\/emulacion-de-los-efectos-de-la-radiacion-ionizante-en-dispositivos-analogicos-mediante-laser-pulsado-de-femtosegundo-sintonizable\/","title":{"rendered":"Emulaci\u00f3n de los efectos de la radiaci\u00f3n ionizante en dispositivos anal\u00f3gicos mediante laser pulsado de femtosegundo sintonizable."},"content":{"rendered":"<h2>Tesis doctoral de <strong> Isabel Lopez Calle <\/strong><\/h2>\n<p>\u00abel d\u00eda 5 de noviembre de 2001, la sonda espacial \u00ab\u00bbmicrowave anisotropy probe (map)\u00bb\u00bb realizaba una misi\u00f3n de la nasa para medir la anisotrop\u00eda de las microondas de la radiaci\u00f3n de fondo provenientes del origen de universo o \u00ab\u00bbbig bang\u00bb\u00bb. Durante un inst ante, se reinici\u00f3 el procesador principal de control de la sonda espacial provocando la configuraci\u00f3n de su funcionamiento en \u00ab\u00bbmodo seguro\u00bb\u00bb y cancelando las funciones programadas que no eran imprescindibles. La nasa invirti\u00f3 varios d\u00edas en poder toma r nuevamente el control de la sonda espacial, con la consiguiente p\u00e9rdida de numerosos datos cient\u00edficos programados para su adquisici\u00f3n [jo05]. Si este comportamiento ocurr\u00eda con regularidad, el \u00e9xito de la misi\u00f3n probablemente se ver\u00eda comprometido . Era importante encontrar la causa del mal funcionamiento del procesador y, si fuera posible, su mitigaci\u00f3n. La pieza clave en la investigaci\u00f3n que realiz\u00f3 la nasa fue la observaci\u00f3n de que el error se produjo durante un evento solar, caracterizado por el gran incremento en el flujo de protones e iones pesados emitidos por el sol. Los ingenieros especializados en efectos de la radiaci\u00f3n concluyeron que una de estas part\u00edculas fue la culpable del error, particularmente cuando descubrieron que el  circuito de reinicio del procesador conten\u00eda tres comparadores de tensi\u00f3n (lm139). An\u00e1lisis previos revelaban la aparici\u00f3n de largos transitorios de voltaje en la salida del dispositivo lm139 cuando \u00e9ste se expon\u00eda frente a un haz de iones pesados [ ni96]. La funci\u00f3n del circuito de reinicio era monitorizar la tensi\u00f3n de alimentaci\u00f3n y mandar un comando de apagado al procesador si la tensi\u00f3n ca\u00eda por debajo de un nivel de referencia de 2.5 v [po02]. Finalmente, el equipo de ingenieros concluy\u00f3 q ue una part\u00edcula ionizante proveniente de un evento solar produjo un transitorio de voltaje negativo en la salida de uno de los lm139 suficientemente largo como para reiniciar el procesador de la sonda map. El error en map no fue el \u00fanico problema at ribuido a la generaci\u00f3n de transitorios producidos por efectos de la radiaci\u00f3n observado en una sonda espacial. Durante a\u00f1os siguientes, problemas en las sondas cassini [pr02], soho [ha99, ha01] y terra tambi\u00e9n fueron atribuidos a la aparici\u00f3n de tra nsitorios. la radiaci\u00f3n natural presente en el espacio afecta a los componentes electr\u00f3nicos que est\u00e1n embarcados en sat\u00e9lites y misiones espaciales, alterando su comportamiento e incluso da\u00f1\u00e1ndolos permanentemente. El hecho de que estos fen\u00f3menos se\u00bb<\/p>\n<p>&nbsp;<\/p>\n<h3>Datos acad\u00e9micos de la tesis doctoral \u00ab<strong>Emulaci\u00f3n de los efectos de la radiaci\u00f3n ionizante en dispositivos anal\u00f3gicos mediante laser pulsado de femtosegundo sintonizable.<\/strong>\u00ab<\/h3>\n<ul>\n<li><strong>T\u00edtulo de la tesis:<\/strong>\u00a0 Emulaci\u00f3n de los efectos de la radiaci\u00f3n ionizante en dispositivos anal\u00f3gicos mediante laser pulsado de femtosegundo sintonizable. <\/li>\n<li><strong>Autor:<\/strong>\u00a0 Isabel Lopez Calle <\/li>\n<li><strong>Universidad:<\/strong>\u00a0 Complutense de Madrid<\/li>\n<li><strong>Fecha de lectura de la tesis:<\/strong>\u00a0 09\/03\/2011<\/li>\n<\/ul>\n<p>&nbsp;<\/p>\n<h3>Direcci\u00f3n y tribunal<\/h3>\n<ul>\n<li><strong>Director de la tesis<\/strong>\n<ul>\n<li>Francisco Javier Franco Pel\u00e1ez<\/li>\n<\/ul>\n<\/li>\n<li><strong>Tribunal<\/strong>\n<ul>\n<li>Presidente del tribunal: Juan  Andr\u00e9s de Agapito serrano <\/li>\n<li>salvador Hidalgo villena (vocal)<\/li>\n<li>Jos\u00e9 Luis De pablos hern\u00e1ndez (vocal)<\/li>\n<li>Juan  Antonio Maestro de la cuerda (vocal)<\/li>\n<\/ul>\n<\/li>\n<\/ul>\n<p>&nbsp;<\/p>\n","protected":false},"excerpt":{"rendered":"<p>Tesis doctoral de Isabel Lopez Calle \u00abel d\u00eda 5 de noviembre de 2001, la sonda espacial \u00ab\u00bbmicrowave anisotropy probe (map)\u00bb\u00bb [&hellip;]<\/p>\n","protected":false},"author":1,"featured_media":0,"comment_status":"open","ping_status":"open","sticky":false,"template":"","format":"standard","meta":{"site-sidebar-layout":"default","site-content-layout":"","ast-site-content-layout":"","site-content-style":"default","site-sidebar-style":"default","ast-global-header-display":"","ast-banner-title-visibility":"","ast-main-header-display":"","ast-hfb-above-header-display":"","ast-hfb-below-header-display":"","ast-hfb-mobile-header-display":"","site-post-title":"","ast-breadcrumbs-content":"","ast-featured-img":"","footer-sml-layout":"","theme-transparent-header-meta":"","adv-header-id-meta":"","stick-header-meta":"","header-above-stick-meta":"","header-main-stick-meta":"","header-below-stick-meta":"","astra-migrate-meta-layouts":"default","ast-page-background-enabled":"default","ast-page-background-meta":{"desktop":{"background-color":"var(--ast-global-color-4)","background-image":"","background-repeat":"repeat","background-position":"center center","background-size":"auto","background-attachment":"scroll","background-type":"","background-media":"","overlay-type":"","overlay-color":"","overlay-gradient":""},"tablet":{"background-color":"","background-image":"","background-repeat":"repeat","background-position":"center center","background-size":"auto","background-attachment":"scroll","background-type":"","background-media":"","overlay-type":"","overlay-color":"","overlay-gradient":""},"mobile":{"background-color":"","background-image":"","background-repeat":"repeat","background-position":"center center","background-size":"auto","background-attachment":"scroll","background-type":"","background-media":"","overlay-type":"","overlay-color":"","overlay-gradient":""}},"ast-content-background-meta":{"desktop":{"background-color":"var(--ast-global-color-5)","background-image":"","background-repeat":"repeat","background-position":"center center","background-size":"auto","background-attachment":"scroll","background-type":"","background-media":"","overlay-type":"","overlay-color":"","overlay-gradient":""},"tablet":{"background-color":"var(--ast-global-color-5)","background-image":"","background-repeat":"repeat","background-position":"center center","background-size":"auto","background-attachment":"scroll","background-type":"","background-media":"","overlay-type":"","overlay-color":"","overlay-gradient":""},"mobile":{"background-color":"var(--ast-global-color-5)","background-image":"","background-repeat":"repeat","background-position":"center center","background-size":"auto","background-attachment":"scroll","background-type":"","background-media":"","overlay-type":"","overlay-color":"","overlay-gradient":""}},"footnotes":""},"categories":[986,199],"tags":[157918,215532,63606,6124,101813,187722],"class_list":["post-107272","post","type-post","status-publish","format-standard","hentry","category-complutense-de-madrid","category-fisica","tag-francisco-javier-franco-pelaez","tag-isabel-lopez-calle","tag-jose-luis-de-pablos-hernandez","tag-juan-andres-de-agapito-serrano","tag-juan-antonio-maestro-de-la-cuerda","tag-salvador-hidalgo-villena"],"_links":{"self":[{"href":"https:\/\/www.deberes.net\/tesis\/wp-json\/wp\/v2\/posts\/107272","targetHints":{"allow":["GET"]}}],"collection":[{"href":"https:\/\/www.deberes.net\/tesis\/wp-json\/wp\/v2\/posts"}],"about":[{"href":"https:\/\/www.deberes.net\/tesis\/wp-json\/wp\/v2\/types\/post"}],"author":[{"embeddable":true,"href":"https:\/\/www.deberes.net\/tesis\/wp-json\/wp\/v2\/users\/1"}],"replies":[{"embeddable":true,"href":"https:\/\/www.deberes.net\/tesis\/wp-json\/wp\/v2\/comments?post=107272"}],"version-history":[{"count":0,"href":"https:\/\/www.deberes.net\/tesis\/wp-json\/wp\/v2\/posts\/107272\/revisions"}],"wp:attachment":[{"href":"https:\/\/www.deberes.net\/tesis\/wp-json\/wp\/v2\/media?parent=107272"}],"wp:term":[{"taxonomy":"category","embeddable":true,"href":"https:\/\/www.deberes.net\/tesis\/wp-json\/wp\/v2\/categories?post=107272"},{"taxonomy":"post_tag","embeddable":true,"href":"https:\/\/www.deberes.net\/tesis\/wp-json\/wp\/v2\/tags?post=107272"}],"curies":[{"name":"wp","href":"https:\/\/api.w.org\/{rel}","templated":true}]}}