{"id":107315,"date":"2011-11-03T00:00:00","date_gmt":"2011-11-03T00:00:00","guid":{"rendered":"https:\/\/www.deberes.net\/tesis\/sin-categoria\/capital-social-y-desarrollo-en-europa\/"},"modified":"2011-11-03T00:00:00","modified_gmt":"2011-11-03T00:00:00","slug":"capital-social-y-desarrollo-en-europa","status":"publish","type":"post","link":"https:\/\/www.deberes.net\/tesis\/economia-internacional\/capital-social-y-desarrollo-en-europa\/","title":{"rendered":"Capital social y desarrollo en europa"},"content":{"rendered":"<h2>Tesis doctoral de <strong> Marta Portela Maseda <\/strong><\/h2>\n<p>El objetivo de esta tesis es profundizar en la investigaci\u00f3n sobre el capital social, que se define como \u00ablas instituciones, relaciones y normas que conforman la cantidad y calidad de las interacciones sociales de una sociedad\u00bb (banco mundial, 1998). Existen diversos estudios que nos indican que este tipo de capital tiene importancia en el desarrollo. Se trata de analizar la relaci\u00f3n existente entre el capital y el desarrollo econ\u00f3mico, es decir, estudiar la influencia que ejercen las instituciones y el comportamiento de la sociedad en el desarrollo. Con esto se intenta explicar el distinto nivel de crecimiento observando niveles de capital humano y, por lo tanto, punto de partida equivalentes. Se busca una raz\u00f3n que ayude a comprender por qu\u00e9 una naci\u00f3n se desarrolla m\u00e1s r\u00e1pidamente que la otra y el concepto de capital social puede ayudar a esta comprensi\u00f3n. El capital social est\u00e1 muy relacionado con el capital humano, dado que este reside en los individuos y el primero en las relaciones que mantienen esos individuos. Debido a que la implicaci\u00f3n del capital humano en el desarrollo ya se ha demostrado mediante numerosos estudios emp\u00edricos, la implicaci\u00f3n del capital en el crecimiento debe ser, tambi\u00e9n, tenida en cuenta. En el trabajo se expondr\u00e1n las definiciones m\u00e1s importantes del capital social, sus diferentes clasificaciones y distintas medias del mismo. De momento no existe una definici\u00f3n un\u00e1nime del t\u00e9rmino, pero la mayor\u00eda de ellas hacen referencia a las redes, normas, instituciones, valores compartidos, etc. Siendo una de las definiciones m\u00e1s aceptadas la que se propone al principio del resumen. La tarea de medir el capital social est\u00e1 resultando bastante complicada debido a que la amplitud del concepto no puede ser recogida por una \u00fanica medida y se est\u00e1n empleando variables aproximativas que recogen los diferentes aspectos del t\u00e9rmino. En esta investigaci\u00f3n se tratar\u00e1 de buscar o, incluso, elaborar un o unos indicadores que nos permitan cuantificar mejor ese concepto. Para finalizar, se expondr\u00e1 un modelo econom\u00e9trico, en la l\u00ednea de los existentes en la literatura sobre el tema, para poder cuantificar la influencia de este capital en el crecimiento econ\u00f3mico. En estos modelos se incluyen medidas de capital social, capital humano y capital f\u00edsico, puesto que estos tres capitales son fundamentales para el desarrollo econ\u00f3mico y, tambi\u00e9n, social de los pa\u00edses.<\/p>\n<p>&nbsp;<\/p>\n<h3>Datos acad\u00e9micos de la tesis doctoral \u00ab<strong>Capital social y desarrollo en europa<\/strong>\u00ab<\/h3>\n<ul>\n<li><strong>T\u00edtulo de la tesis:<\/strong>\u00a0 Capital social y desarrollo en europa <\/li>\n<li><strong>Autor:<\/strong>\u00a0 Marta Portela Maseda <\/li>\n<li><strong>Universidad:<\/strong>\u00a0 Santiago de compostela<\/li>\n<li><strong>Fecha de lectura de la tesis:<\/strong>\u00a0 11\/03\/2011<\/li>\n<\/ul>\n<p>&nbsp;<\/p>\n<h3>Direcci\u00f3n y tribunal<\/h3>\n<ul>\n<li><strong>Director de la tesis<\/strong>\n<ul>\n<li>M\u00aa Isabel Neira Gomez<\/li>\n<\/ul>\n<\/li>\n<li><strong>Tribunal<\/strong>\n<ul>\n<li>Presidente del tribunal: alberto Vaquero Garc\u00eda <\/li>\n<li>gregorio Gim\u00e9nez esteban (vocal)<\/li>\n<li>Jos\u00e9 Manuel Pastor  mons\u00e1lvez (vocal)<\/li>\n<li>Francisco Javier Salinas jim\u00e9nez (vocal)<\/li>\n<\/ul>\n<\/li>\n<\/ul>\n<p>&nbsp;<\/p>\n","protected":false},"excerpt":{"rendered":"<p>Tesis doctoral de Marta Portela Maseda El objetivo de esta tesis es profundizar en la investigaci\u00f3n sobre el capital social, [&hellip;]<\/p>\n","protected":false},"author":1,"featured_media":0,"comment_status":"open","ping_status":"open","sticky":false,"template":"","format":"standard","meta":{"site-sidebar-layout":"default","site-content-layout":"","ast-site-content-layout":"","site-content-style":"default","site-sidebar-style":"default","ast-global-header-display":"","ast-banner-title-visibility":"","ast-main-header-display":"","ast-hfb-above-header-display":"","ast-hfb-below-header-display":"","ast-hfb-mobile-header-display":"","site-post-title":"","ast-breadcrumbs-content":"","ast-featured-img":"","footer-sml-layout":"","theme-transparent-header-meta":"","adv-header-id-meta":"","stick-header-meta":"","header-above-stick-meta":"","header-main-stick-meta":"","header-below-stick-meta":"","astra-migrate-meta-layouts":"default","ast-page-background-enabled":"default","ast-page-background-meta":{"desktop":{"background-color":"var(--ast-global-color-4)","background-image":"","background-repeat":"repeat","background-position":"center center","background-size":"auto","background-attachment":"scroll","background-type":"","background-media":"","overlay-type":"","overlay-color":"","overlay-gradient":""},"tablet":{"background-color":"","background-image":"","background-repeat":"repeat","background-position":"center center","background-size":"auto","background-attachment":"scroll","background-type":"","background-media":"","overlay-type":"","overlay-color":"","overlay-gradient":""},"mobile":{"background-color":"","background-image":"","background-repeat":"repeat","background-position":"center center","background-size":"auto","background-attachment":"scroll","background-type":"","background-media":"","overlay-type":"","overlay-color":"","overlay-gradient":""}},"ast-content-background-meta":{"desktop":{"background-color":"var(--ast-global-color-5)","background-image":"","background-repeat":"repeat","background-position":"center center","background-size":"auto","background-attachment":"scroll","background-type":"","background-media":"","overlay-type":"","overlay-color":"","overlay-gradient":""},"tablet":{"background-color":"var(--ast-global-color-5)","background-image":"","background-repeat":"repeat","background-position":"center center","background-size":"auto","background-attachment":"scroll","background-type":"","background-media":"","overlay-type":"","overlay-color":"","overlay-gradient":""},"mobile":{"background-color":"var(--ast-global-color-5)","background-image":"","background-repeat":"repeat","background-position":"center center","background-size":"auto","background-attachment":"scroll","background-type":"","background-media":"","overlay-type":"","overlay-color":"","overlay-gradient":""}},"footnotes":""},"categories":[974,3132,910,963,977],"tags":[37071,131985,215602,215603,215601,99727],"class_list":["post-107315","post","type-post","status-publish","format-standard","hentry","category-econometria","category-economia-general","category-economia-internacional","category-economia-sectorial","category-santiago-de-compostela","tag-alberto-vaquero-garcia","tag-francisco-javier-salinas-jimenez","tag-gregorio-gimenez-esteban","tag-jose-manuel-pastor-monsalvez","tag-marta-portela-maseda","tag-ma-isabel-neira-gomez"],"_links":{"self":[{"href":"https:\/\/www.deberes.net\/tesis\/wp-json\/wp\/v2\/posts\/107315","targetHints":{"allow":["GET"]}}],"collection":[{"href":"https:\/\/www.deberes.net\/tesis\/wp-json\/wp\/v2\/posts"}],"about":[{"href":"https:\/\/www.deberes.net\/tesis\/wp-json\/wp\/v2\/types\/post"}],"author":[{"embeddable":true,"href":"https:\/\/www.deberes.net\/tesis\/wp-json\/wp\/v2\/users\/1"}],"replies":[{"embeddable":true,"href":"https:\/\/www.deberes.net\/tesis\/wp-json\/wp\/v2\/comments?post=107315"}],"version-history":[{"count":0,"href":"https:\/\/www.deberes.net\/tesis\/wp-json\/wp\/v2\/posts\/107315\/revisions"}],"wp:attachment":[{"href":"https:\/\/www.deberes.net\/tesis\/wp-json\/wp\/v2\/media?parent=107315"}],"wp:term":[{"taxonomy":"category","embeddable":true,"href":"https:\/\/www.deberes.net\/tesis\/wp-json\/wp\/v2\/categories?post=107315"},{"taxonomy":"post_tag","embeddable":true,"href":"https:\/\/www.deberes.net\/tesis\/wp-json\/wp\/v2\/tags?post=107315"}],"curies":[{"name":"wp","href":"https:\/\/api.w.org\/{rel}","templated":true}]}}