{"id":107368,"date":"2018-03-11T10:31:40","date_gmt":"2018-03-11T10:31:40","guid":{"rendered":"https:\/\/www.deberes.net\/tesis\/sin-categoria\/la-obligacion-preventiva-de-coordinacion-de-actividades-empresariales-tecnicas-de-gestion-para-un-cumplimiento-optimizado\/"},"modified":"2018-03-11T10:31:40","modified_gmt":"2018-03-11T10:31:40","slug":"la-obligacion-preventiva-de-coordinacion-de-actividades-empresariales-tecnicas-de-gestion-para-un-cumplimiento-optimizado","status":"publish","type":"post","link":"https:\/\/www.deberes.net\/tesis\/derecho-del-trabajo-y-de-la-seguridad-social\/la-obligacion-preventiva-de-coordinacion-de-actividades-empresariales-tecnicas-de-gestion-para-un-cumplimiento-optimizado\/","title":{"rendered":"La obligaci\u00f3n preventiva de coordinaci\u00f3n de actividades empresariales. t\u00e9cnicas de gesti\u00f3n para un cumplimiento optimizado."},"content":{"rendered":"<h2>Tesis doctoral de <strong> M\u00aa Jos\u00e9 Fern\u00e1ndez Mart\u00ednez <\/strong><\/h2>\n<p>Las dificultades en la aplicaci\u00f3n de la legislaci\u00f3n en materia de seguridad y salud -en las cada vez m\u00e1s frecuentes situaciones de concurrencia empresarial- requiere la adopci\u00f3n de nuevos m\u00e9todos y t\u00e9cnicas que faciliten un cumplimiento optimizado de las obligaciones empresariales, en este campo preventivo tan relevante para combatir la siniestralidad laboral.  el estudio llevado a cabo con esta tesis doctoral de la evoluci\u00f3n a nivel legislativo y judicial de la coordinaci\u00f3n de actividades empresariales, y su repercusi\u00f3n en la negociaci\u00f3n colectiva, ha permitido determinar: el nivel de desarrollo legislativo de las obligaciones empresariales en esta materia, verificar la implantaci\u00f3n de la legislaci\u00f3n en las empresas y determinar los principales incumplimientos o deficiencias en la aplicaci\u00f3n efectiva de la preceptiva coordinaci\u00f3n de actividades preventivas. en base a este an\u00e1lisis se plantea una metodolog\u00eda para la implantaci\u00f3n de un sistema de gesti\u00f3n global en materia de coordinaci\u00f3n preventiva, que permita a las empresas -y de forma especial a las pyme- disponer de los instrumentos de gesti\u00f3n adecuados para la aplicaci\u00f3n de una coordinaci\u00f3n preventiva efectiva y eficaz.<\/p>\n<p>&nbsp;<\/p>\n<h3>Datos acad\u00e9micos de la tesis doctoral \u00ab<strong>La obligaci\u00f3n preventiva de coordinaci\u00f3n de actividades empresariales. t\u00e9cnicas de gesti\u00f3n para un cumplimiento optimizado.<\/strong>\u00ab<\/h3>\n<ul>\n<li><strong>T\u00edtulo de la tesis:<\/strong>\u00a0 La obligaci\u00f3n preventiva de coordinaci\u00f3n de actividades empresariales. t\u00e9cnicas de gesti\u00f3n para un cumplimiento optimizado. <\/li>\n<li><strong>Autor:<\/strong>\u00a0 M\u00aa Jos\u00e9 Fern\u00e1ndez Mart\u00ednez <\/li>\n<li><strong>Universidad:<\/strong>\u00a0 Jaume i de castell\u00f3n<\/li>\n<li><strong>Fecha de lectura de la tesis:<\/strong>\u00a0 14\/03\/2011<\/li>\n<\/ul>\n<p>&nbsp;<\/p>\n<h3>Direcci\u00f3n y tribunal<\/h3>\n<ul>\n<li><strong>Director de la tesis<\/strong>\n<ul>\n<li>Mar\u00eda  Amparo Garrigues Gim\u00e9nez<\/li>\n<\/ul>\n<\/li>\n<li><strong>Tribunal<\/strong>\n<ul>\n<li>Presidente del tribunal: joaquin Aparicio tovar <\/li>\n<li>Fernando Camas roda (vocal)<\/li>\n<li>\u00e1ngel Antonio Blasco pellicer (vocal)<\/li>\n<li>carolina Mart\u00ednez moreno (vocal)<\/li>\n<\/ul>\n<\/li>\n<\/ul>\n<p>&nbsp;<\/p>\n","protected":false},"excerpt":{"rendered":"<p>Tesis doctoral de M\u00aa Jos\u00e9 Fern\u00e1ndez Mart\u00ednez Las dificultades en la aplicaci\u00f3n de la legislaci\u00f3n en materia de seguridad y [&hellip;]<\/p>\n","protected":false},"author":1,"featured_media":0,"comment_status":"open","ping_status":"open","sticky":false,"template":"","format":"standard","meta":{"site-sidebar-layout":"default","site-content-layout":"","ast-site-content-layout":"","site-content-style":"default","site-sidebar-style":"default","ast-global-header-display":"","ast-banner-title-visibility":"","ast-main-header-display":"","ast-hfb-above-header-display":"","ast-hfb-below-header-display":"","ast-hfb-mobile-header-display":"","site-post-title":"","ast-breadcrumbs-content":"","ast-featured-img":"","footer-sml-layout":"","theme-transparent-header-meta":"","adv-header-id-meta":"","stick-header-meta":"","header-above-stick-meta":"","header-main-stick-meta":"","header-below-stick-meta":"","astra-migrate-meta-layouts":"default","ast-page-background-enabled":"default","ast-page-background-meta":{"desktop":{"background-color":"var(--ast-global-color-4)","background-image":"","background-repeat":"repeat","background-position":"center center","background-size":"auto","background-attachment":"scroll","background-type":"","background-media":"","overlay-type":"","overlay-color":"","overlay-gradient":""},"tablet":{"background-color":"","background-image":"","background-repeat":"repeat","background-position":"center center","background-size":"auto","background-attachment":"scroll","background-type":"","background-media":"","overlay-type":"","overlay-color":"","overlay-gradient":""},"mobile":{"background-color":"","background-image":"","background-repeat":"repeat","background-position":"center center","background-size":"auto","background-attachment":"scroll","background-type":"","background-media":"","overlay-type":"","overlay-color":"","overlay-gradient":""}},"ast-content-background-meta":{"desktop":{"background-color":"var(--ast-global-color-5)","background-image":"","background-repeat":"repeat","background-position":"center center","background-size":"auto","background-attachment":"scroll","background-type":"","background-media":"","overlay-type":"","overlay-color":"","overlay-gradient":""},"tablet":{"background-color":"var(--ast-global-color-5)","background-image":"","background-repeat":"repeat","background-position":"center center","background-size":"auto","background-attachment":"scroll","background-type":"","background-media":"","overlay-type":"","overlay-color":"","overlay-gradient":""},"mobile":{"background-color":"var(--ast-global-color-5)","background-image":"","background-repeat":"repeat","background-position":"center center","background-size":"auto","background-attachment":"scroll","background-type":"","background-media":"","overlay-type":"","overlay-color":"","overlay-gradient":""}},"footnotes":""},"categories":[2170,18725],"tags":[11487,9373,174634,39408,215686,215685],"class_list":["post-107368","post","type-post","status-publish","format-standard","hentry","category-derecho-del-trabajo-y-de-la-seguridad-social","category-jaume-i-de-castellon","tag-angel-antonio-blasco-pellicer","tag-carolina-Martinez-moreno","tag-fernando-camas-roda","tag-joaquin-aparicio-tovar","tag-maria-amparo-garrigues-gimenez","tag-ma-jose-fernandez-Martinez"],"_links":{"self":[{"href":"https:\/\/www.deberes.net\/tesis\/wp-json\/wp\/v2\/posts\/107368","targetHints":{"allow":["GET"]}}],"collection":[{"href":"https:\/\/www.deberes.net\/tesis\/wp-json\/wp\/v2\/posts"}],"about":[{"href":"https:\/\/www.deberes.net\/tesis\/wp-json\/wp\/v2\/types\/post"}],"author":[{"embeddable":true,"href":"https:\/\/www.deberes.net\/tesis\/wp-json\/wp\/v2\/users\/1"}],"replies":[{"embeddable":true,"href":"https:\/\/www.deberes.net\/tesis\/wp-json\/wp\/v2\/comments?post=107368"}],"version-history":[{"count":0,"href":"https:\/\/www.deberes.net\/tesis\/wp-json\/wp\/v2\/posts\/107368\/revisions"}],"wp:attachment":[{"href":"https:\/\/www.deberes.net\/tesis\/wp-json\/wp\/v2\/media?parent=107368"}],"wp:term":[{"taxonomy":"category","embeddable":true,"href":"https:\/\/www.deberes.net\/tesis\/wp-json\/wp\/v2\/categories?post=107368"},{"taxonomy":"post_tag","embeddable":true,"href":"https:\/\/www.deberes.net\/tesis\/wp-json\/wp\/v2\/tags?post=107368"}],"curies":[{"name":"wp","href":"https:\/\/api.w.org\/{rel}","templated":true}]}}