{"id":107461,"date":"2018-03-11T10:31:49","date_gmt":"2018-03-11T10:31:49","guid":{"rendered":"https:\/\/www.deberes.net\/tesis\/sin-categoria\/caractera%c2%adsticas-psicoinstruccionales-de-alumnado-preadolescente-y-rendimiento-academico-en-la-educacion-arta%c2%adstica-escolar\/"},"modified":"2018-03-11T10:31:49","modified_gmt":"2018-03-11T10:31:49","slug":"caractera%c2%adsticas-psicoinstruccionales-de-alumnado-preadolescente-y-rendimiento-academico-en-la-educacion-arta%c2%adstica-escolar","status":"publish","type":"post","link":"https:\/\/www.deberes.net\/tesis\/psicologia-escolar\/caractera%c2%adsticas-psicoinstruccionales-de-alumnado-preadolescente-y-rendimiento-academico-en-la-educacion-arta%c2%adstica-escolar\/","title":{"rendered":"Caracter\u00edsticas psicoinstruccionales de alumnado preadolescente y rendimiento acad\u00e9mico en la educaci\u00f3n art\u00edstica escolar"},"content":{"rendered":"<h2>Tesis doctoral de <strong> Pablo Lekue Rodriguez <\/strong><\/h2>\n<p>Esta tesis investiga la relaci\u00f3n de determinadas caracter\u00edsticas del alumnado de educaci\u00f3n primaria y de secundaria (teor\u00edas impl\u00edcitas de la inteligencia, metas acad\u00e9micas de logro, autoconcepto social, compromiso con las tareas art\u00edsticas y actitudes hacia la ense\u00f1anza art\u00edstica en la escuela) con el rendimiento acad\u00e9mico en la asignatura de educaci\u00f3n art\u00edstica (calificaci\u00f3n y comprensi\u00f3n art\u00edstica). Se formulan cuatro hip\u00f3tesis que plantean relaci\u00f3n d\u00e9bil de las calificaciones acad\u00e9micas en la asignatura de artes visuales con el nivel de comprensi\u00f3n, as\u00ed como relaci\u00f3n positiva y significativa del rendimiento acad\u00e9mico en educaci\u00f3n art\u00edstica con concepciones sobre la propia inteligencia como incremental, con el compromiso con las tareas art\u00edsticas, con las actitudes hacia la asignatura, con las metas de aprendizaje y con el autoconcepto social. Los resultados confirman parcialmente las hip\u00f3tesis de investigaci\u00f3n pues se constata cierta relaci\u00f3n significativa, positiva e irregular entre calificaci\u00f3n en educaci\u00f3n art\u00edstica y comprensi\u00f3n art\u00edstica, se confirma la relaci\u00f3n previamente hipotetizada del compromiso con las tareas art\u00edsticas y de las actitudes hacia la educaci\u00f3n art\u00edstica con el rendimiento acad\u00e9mico en la asignatura de arte, y se se\u00f1ala asimismo relaci\u00f3n estad\u00edsticamente significativa de las metas acad\u00e9micas de aprendizaje y del autoconcepto social con la calificaci\u00f3n y con la comprensi\u00f3n art\u00edsticas, si bien las metas de desempe\u00f1o tambi\u00e9n muestran ciertas relaciones significativas con el rendimiento art\u00edstico. Se concluye subrayando la relevancia de esta tesis al establecer relaciones significativas entre caracter\u00edsticas del alumnado y su rendimiento acad\u00e9mico en la asignatura de educaci\u00f3n pl\u00e1stica y visual.<\/p>\n<p>&nbsp;<\/p>\n<h3>Datos acad\u00e9micos de la tesis doctoral \u00ab<strong>Caracter\u00edsticas psicoinstruccionales de alumnado preadolescente y rendimiento acad\u00e9mico en la educaci\u00f3n art\u00edstica escolar<\/strong>\u00ab<\/h3>\n<ul>\n<li><strong>T\u00edtulo de la tesis:<\/strong>\u00a0 Caracter\u00edsticas psicoinstruccionales de alumnado preadolescente y rendimiento acad\u00e9mico en la educaci\u00f3n art\u00edstica escolar <\/li>\n<li><strong>Autor:<\/strong>\u00a0 Pablo Lekue Rodriguez <\/li>\n<li><strong>Universidad:<\/strong>\u00a0 Pa\u00eds vasco\/euskal herriko unibertsitatea<\/li>\n<li><strong>Fecha de lectura de la tesis:<\/strong>\u00a0 18\/03\/2011<\/li>\n<\/ul>\n<p>&nbsp;<\/p>\n<h3>Direcci\u00f3n y tribunal<\/h3>\n<ul>\n<li><strong>Director de la tesis<\/strong>\n<ul>\n<li>Jos\u00e9 Domingo Villarroel Villamor<\/li>\n<\/ul>\n<\/li>\n<li><strong>Tribunal<\/strong>\n<ul>\n<li>Presidente del tribunal: maravillas Diaz gomez <\/li>\n<li>Jos\u00e9 Luis Navarro sierra (vocal)<\/li>\n<li>Antonio Valle arias (vocal)<\/li>\n<li>Luis Alvarez perez (vocal)<\/li>\n<\/ul>\n<\/li>\n<\/ul>\n<p>&nbsp;<\/p>\n","protected":false},"excerpt":{"rendered":"<p>Tesis doctoral de Pablo Lekue Rodriguez Esta tesis investiga la relaci\u00f3n de determinadas caracter\u00edsticas del alumnado de educaci\u00f3n primaria y [&hellip;]<\/p>\n","protected":false},"author":1,"featured_media":0,"comment_status":"open","ping_status":"open","sticky":false,"template":"","format":"standard","meta":{"site-sidebar-layout":"default","site-content-layout":"","ast-site-content-layout":"","site-content-style":"default","site-sidebar-style":"default","ast-global-header-display":"","ast-banner-title-visibility":"","ast-main-header-display":"","ast-hfb-above-header-display":"","ast-hfb-below-header-display":"","ast-hfb-mobile-header-display":"","site-post-title":"","ast-breadcrumbs-content":"","ast-featured-img":"","footer-sml-layout":"","theme-transparent-header-meta":"","adv-header-id-meta":"","stick-header-meta":"","header-above-stick-meta":"","header-main-stick-meta":"","header-below-stick-meta":"","astra-migrate-meta-layouts":"default","ast-page-background-enabled":"default","ast-page-background-meta":{"desktop":{"background-color":"var(--ast-global-color-4)","background-image":"","background-repeat":"repeat","background-position":"center center","background-size":"auto","background-attachment":"scroll","background-type":"","background-media":"","overlay-type":"","overlay-color":"","overlay-gradient":""},"tablet":{"background-color":"","background-image":"","background-repeat":"repeat","background-position":"center center","background-size":"auto","background-attachment":"scroll","background-type":"","background-media":"","overlay-type":"","overlay-color":"","overlay-gradient":""},"mobile":{"background-color":"","background-image":"","background-repeat":"repeat","background-position":"center center","background-size":"auto","background-attachment":"scroll","background-type":"","background-media":"","overlay-type":"","overlay-color":"","overlay-gradient":""}},"ast-content-background-meta":{"desktop":{"background-color":"var(--ast-global-color-5)","background-image":"","background-repeat":"repeat","background-position":"center center","background-size":"auto","background-attachment":"scroll","background-type":"","background-media":"","overlay-type":"","overlay-color":"","overlay-gradient":""},"tablet":{"background-color":"var(--ast-global-color-5)","background-image":"","background-repeat":"repeat","background-position":"center center","background-size":"auto","background-attachment":"scroll","background-type":"","background-media":"","overlay-type":"","overlay-color":"","overlay-gradient":""},"mobile":{"background-color":"var(--ast-global-color-5)","background-image":"","background-repeat":"repeat","background-position":"center center","background-size":"auto","background-attachment":"scroll","background-type":"","background-media":"","overlay-type":"","overlay-color":"","overlay-gradient":""}},"footnotes":""},"categories":[6020,12909,7302,460],"tags":[89823,53113,73329,8881,54870,215838],"class_list":["post-107461","post","type-post","status-publish","format-standard","hentry","category-evaluacion-de-alumnos","category-pais-vasco-euskal-herriko-unibertsitatea","category-procesos-cognitivos","category-psicologia-escolar","tag-antonio-valle-arias","tag-jose-domingo-villarroel-villamor","tag-jose-luis-navarro-sierra","tag-luis-alvarez-perez","tag-maravillas-diaz-gomez","tag-pablo-lekue-rodriguez"],"_links":{"self":[{"href":"https:\/\/www.deberes.net\/tesis\/wp-json\/wp\/v2\/posts\/107461","targetHints":{"allow":["GET"]}}],"collection":[{"href":"https:\/\/www.deberes.net\/tesis\/wp-json\/wp\/v2\/posts"}],"about":[{"href":"https:\/\/www.deberes.net\/tesis\/wp-json\/wp\/v2\/types\/post"}],"author":[{"embeddable":true,"href":"https:\/\/www.deberes.net\/tesis\/wp-json\/wp\/v2\/users\/1"}],"replies":[{"embeddable":true,"href":"https:\/\/www.deberes.net\/tesis\/wp-json\/wp\/v2\/comments?post=107461"}],"version-history":[{"count":0,"href":"https:\/\/www.deberes.net\/tesis\/wp-json\/wp\/v2\/posts\/107461\/revisions"}],"wp:attachment":[{"href":"https:\/\/www.deberes.net\/tesis\/wp-json\/wp\/v2\/media?parent=107461"}],"wp:term":[{"taxonomy":"category","embeddable":true,"href":"https:\/\/www.deberes.net\/tesis\/wp-json\/wp\/v2\/categories?post=107461"},{"taxonomy":"post_tag","embeddable":true,"href":"https:\/\/www.deberes.net\/tesis\/wp-json\/wp\/v2\/tags?post=107461"}],"curies":[{"name":"wp","href":"https:\/\/api.w.org\/{rel}","templated":true}]}}