{"id":107469,"date":"2018-03-11T10:31:49","date_gmt":"2018-03-11T10:31:49","guid":{"rendered":"https:\/\/www.deberes.net\/tesis\/sin-categoria\/implicaciones-demograficas-a-largo-plazo-de-la-inmigracion-internacional-en-espana\/"},"modified":"2018-03-11T10:31:49","modified_gmt":"2018-03-11T10:31:49","slug":"implicaciones-demograficas-a-largo-plazo-de-la-inmigracion-internacional-en-espana","status":"publish","type":"post","link":"https:\/\/www.deberes.net\/tesis\/complutense-de-madrid\/implicaciones-demograficas-a-largo-plazo-de-la-inmigracion-internacional-en-espana\/","title":{"rendered":"Implicaciones demogr\u00e1ficas a largo plazo de la inmigraci\u00f3n internacional en espa\u00f1a."},"content":{"rendered":"<h2>Tesis doctoral de <strong> Hector Daniel Vega Macias <\/strong><\/h2>\n<p>\u00abesta investigaci\u00f3n trata sobre las implicaciones demogr\u00e1ficas de la inmigraci\u00f3n internacional en espa\u00f1a. Con base en el an\u00e1lisis y la prospectiva demogr\u00e1ficos se muestra que la inmigraci\u00f3n forma parte de una serie de variables que, en su conjunto, so n indispensables en la reproducci\u00f3n de la poblaci\u00f3n. La inmigraci\u00f3n tendr\u00e1 cada vez m\u00e1s un papel compensatorio directo e indirecto en el crecimiento demogr\u00e1fico y en el envejecimiento poblacional cuyos efectos a largo plazo no pueden ser desde\u00f1ados. Incluso, en un plano teor\u00e9tico, se expone que cualquier nivel de migraci\u00f3n constante en volumen y en composici\u00f3n por edades, conducir\u00edan en el largo plazo a mantener invariables el tama\u00f1o de poblaci\u00f3n y la estabilidad de la estructura etaria. asimism o, algunas corrientes te\u00f3ricas se\u00f1alan que en los pa\u00edses industrializados, la inmigraci\u00f3n combinada con bajos niveles de fecundidad est\u00e1 provocando cambios en la composici\u00f3n de la poblaci\u00f3n. Esto ha llevado a proponer la idea de una tercera transici\u00f3 n demogr\u00e1fica, la cual est\u00e1 relacionada con profundos cambios \u00e9tnicos en los pa\u00edses receptores. En esta tesis se analizan estos argumentos te\u00f3ricos a la luz del caso espa\u00f1ol.\u00bb<\/p>\n<p>&nbsp;<\/p>\n<h3>Datos acad\u00e9micos de la tesis doctoral \u00ab<strong>Implicaciones demogr\u00e1ficas a largo plazo de la inmigraci\u00f3n internacional en espa\u00f1a.<\/strong>\u00ab<\/h3>\n<ul>\n<li><strong>T\u00edtulo de la tesis:<\/strong>\u00a0 Implicaciones demogr\u00e1ficas a largo plazo de la inmigraci\u00f3n internacional en espa\u00f1a. <\/li>\n<li><strong>Autor:<\/strong>\u00a0 Hector Daniel Vega Macias <\/li>\n<li><strong>Universidad:<\/strong>\u00a0 Complutense de Madrid<\/li>\n<li><strong>Fecha de lectura de la tesis:<\/strong>\u00a0 18\/03\/2011<\/li>\n<\/ul>\n<p>&nbsp;<\/p>\n<h3>Direcci\u00f3n y tribunal<\/h3>\n<ul>\n<li><strong>Director de la tesis<\/strong>\n<ul>\n<li>Joaquin Arango Vila Belda<\/li>\n<\/ul>\n<\/li>\n<li><strong>Tribunal<\/strong>\n<ul>\n<li>Presidente del tribunal: david Reher sullivan <\/li>\n<li>andreu Domingo valls (vocal)<\/li>\n<li>diego Ramiro fari\u00f1as (vocal)<\/li>\n<li>teresa Castro mart\u00edn (vocal)<\/li>\n<\/ul>\n<\/li>\n<\/ul>\n<p>&nbsp;<\/p>\n","protected":false},"excerpt":{"rendered":"<p>Tesis doctoral de Hector Daniel Vega Macias \u00abesta investigaci\u00f3n trata sobre las implicaciones demogr\u00e1ficas de la inmigraci\u00f3n internacional en espa\u00f1a. [&hellip;]<\/p>\n","protected":false},"author":1,"featured_media":0,"comment_status":"open","ping_status":"open","sticky":false,"template":"","format":"standard","meta":{"site-sidebar-layout":"default","site-content-layout":"","ast-site-content-layout":"","site-content-style":"default","site-sidebar-style":"default","ast-global-header-display":"","ast-banner-title-visibility":"","ast-main-header-display":"","ast-hfb-above-header-display":"","ast-hfb-below-header-display":"","ast-hfb-mobile-header-display":"","site-post-title":"","ast-breadcrumbs-content":"","ast-featured-img":"","footer-sml-layout":"","theme-transparent-header-meta":"","adv-header-id-meta":"","stick-header-meta":"","header-above-stick-meta":"","header-main-stick-meta":"","header-below-stick-meta":"","astra-migrate-meta-layouts":"default","ast-page-background-enabled":"default","ast-page-background-meta":{"desktop":{"background-color":"var(--ast-global-color-4)","background-image":"","background-repeat":"repeat","background-position":"center center","background-size":"auto","background-attachment":"scroll","background-type":"","background-media":"","overlay-type":"","overlay-color":"","overlay-gradient":""},"tablet":{"background-color":"","background-image":"","background-repeat":"repeat","background-position":"center center","background-size":"auto","background-attachment":"scroll","background-type":"","background-media":"","overlay-type":"","overlay-color":"","overlay-gradient":""},"mobile":{"background-color":"","background-image":"","background-repeat":"repeat","background-position":"center center","background-size":"auto","background-attachment":"scroll","background-type":"","background-media":"","overlay-type":"","overlay-color":"","overlay-gradient":""}},"ast-content-background-meta":{"desktop":{"background-color":"var(--ast-global-color-5)","background-image":"","background-repeat":"repeat","background-position":"center center","background-size":"auto","background-attachment":"scroll","background-type":"","background-media":"","overlay-type":"","overlay-color":"","overlay-gradient":""},"tablet":{"background-color":"var(--ast-global-color-5)","background-image":"","background-repeat":"repeat","background-position":"center center","background-size":"auto","background-attachment":"scroll","background-type":"","background-media":"","overlay-type":"","overlay-color":"","overlay-gradient":""},"mobile":{"background-color":"var(--ast-global-color-5)","background-image":"","background-repeat":"repeat","background-position":"center center","background-size":"auto","background-attachment":"scroll","background-type":"","background-media":"","overlay-type":"","overlay-color":"","overlay-gradient":""}},"footnotes":""},"categories":[986,1066],"tags":[48720,48333,93220,215852,64405,57852],"class_list":["post-107469","post","type-post","status-publish","format-standard","hentry","category-complutense-de-madrid","category-demografia","tag-andreu-domingo-valls","tag-david-reher-sullivan","tag-diego-ramiro-farinas","tag-hector-daniel-vega-macias","tag-joaquin-arango-vila-belda","tag-teresa-castro-martin"],"_links":{"self":[{"href":"https:\/\/www.deberes.net\/tesis\/wp-json\/wp\/v2\/posts\/107469","targetHints":{"allow":["GET"]}}],"collection":[{"href":"https:\/\/www.deberes.net\/tesis\/wp-json\/wp\/v2\/posts"}],"about":[{"href":"https:\/\/www.deberes.net\/tesis\/wp-json\/wp\/v2\/types\/post"}],"author":[{"embeddable":true,"href":"https:\/\/www.deberes.net\/tesis\/wp-json\/wp\/v2\/users\/1"}],"replies":[{"embeddable":true,"href":"https:\/\/www.deberes.net\/tesis\/wp-json\/wp\/v2\/comments?post=107469"}],"version-history":[{"count":0,"href":"https:\/\/www.deberes.net\/tesis\/wp-json\/wp\/v2\/posts\/107469\/revisions"}],"wp:attachment":[{"href":"https:\/\/www.deberes.net\/tesis\/wp-json\/wp\/v2\/media?parent=107469"}],"wp:term":[{"taxonomy":"category","embeddable":true,"href":"https:\/\/www.deberes.net\/tesis\/wp-json\/wp\/v2\/categories?post=107469"},{"taxonomy":"post_tag","embeddable":true,"href":"https:\/\/www.deberes.net\/tesis\/wp-json\/wp\/v2\/tags?post=107469"}],"curies":[{"name":"wp","href":"https:\/\/api.w.org\/{rel}","templated":true}]}}