{"id":107568,"date":"2018-03-11T10:32:01","date_gmt":"2018-03-11T10:32:01","guid":{"rendered":"https:\/\/www.deberes.net\/tesis\/sin-categoria\/as-viaxes-pola-nosa-terra-e-a-razon-da-sua-escrita-no-primeiro-terzo-do-seculo-xx\/"},"modified":"2018-03-11T10:32:01","modified_gmt":"2018-03-11T10:32:01","slug":"as-viaxes-pola-nosa-terra-e-a-razon-da-sua-escrita-no-primeiro-terzo-do-seculo-xx","status":"publish","type":"post","link":"https:\/\/www.deberes.net\/tesis\/critica-de-textos\/as-viaxes-pola-nosa-terra-e-a-razon-da-sua-escrita-no-primeiro-terzo-do-seculo-xx\/","title":{"rendered":"As viaxes pola nosa terra e a raz\u00f3n da s\u00faa escrita no primeiro terzo do s\u00e9culo xx"},"content":{"rendered":"<h2>Tesis doctoral de <strong> Alberto Allegue Leira <\/strong><\/h2>\n<p>O traballo procura explicar cinco raz\u00f3ns que axudan a entender a escrita, en galego, de relatos de viaxes por galiza durante o primeiro terzo do s\u00e9culo xx. En primeiro lugar, estudamos a relaci\u00f3n coa pol\u00edtica, xa que estes textos parecen formar parte dunha estratexia dos autores galeguistas para desenvolveren, baixo a censura, un discurso identitario que enfrontase un espa\u00f1olismo cada vez m\u00e1is exacerbado. A seguir, examinamos o v\u00ednculo destes textos co mercado; constatamos como lingua e ideolox\u00eda conformaban unha barreira infranque\u00e1bel para os galeguistas, autores que desatenderon as oportunidades do mercado pola s\u00faa vontade de crear un p\u00fablico. Despois, para mellor comprender o novidoso cultivo na nosa lingua deste subx\u00e9nero literario relacion\u00e1molo con outros discursos presentes no \u00abcontraespazo p\u00fablico\u00bb galego que se consolidaba naquela altura, e identific\u00e1mola como unha importaci\u00f3n literaria que respostaba aos ataques sufridos polo galeguismo. En cuarto lugar, exploramos as conexi\u00f3ns que tales relatos tiveron co turismo, actividade que viviu un gran desenvolvemento nestas d\u00e9cadas; os relatos de viaxes en galego buscaron unha relaci\u00f3n coa terra sensibelmente diferente da experimentada polos turistas. Por \u00faltimo, ocupa a nosa an\u00e1lise a etnograf\u00eda, unha nova disciplina que presenta moitas coincidencias cos relatos de viaxes.  palabras chave: literatura galega do s\u00e9culo xx, literatura de viaxes, identidade, literatura\/sociedade, galiza\/galicia.  the thesis attempts to explain five reasons that could help to understand travel literature about  galicia written in galician during the first third of the twentieth century. Firstly, the influence of politics is explored as these writings partake an strategy by galicianist authors to develop, under censorship, an identificatory discourse against an increasingly exacerbated spanishism. Secondly, the market relevance of this type of non-fiction is considered; it is established that language and ideology formed a unsurmountable barrier for galicianist writers, authors who never cared about book sales but tried to create a readership. Thirdly, in order to familiarize with the flourishment of this literary subgenre in galician attention is paid to the relations with other arguments within the galician \u00abpublic counterspace\u00bb which was then consolidating, these connections lead to the identification of a literary import that responded to the assaults suffered by galicianists. The fourth reason for this analysis is the link between such narratives and turism are examined considering this leisure activity grew significantly during these decades although travel writings in galician sought a relation with the country sensibly different from the tourist experience. Finally, ethnography, a new  discipline sharing with travel literature such aspects as agents, dates, topics&#8230;  keywords: twentieth century galician literature, travel literature, identity,  literature\/society, galiza\/galicia.<\/p>\n<p>&nbsp;<\/p>\n<h3>Datos acad\u00e9micos de la tesis doctoral \u00ab<strong>As viaxes pola nosa terra e a raz\u00f3n da s\u00faa escrita no primeiro terzo do s\u00e9culo xx<\/strong>\u00ab<\/h3>\n<ul>\n<li><strong>T\u00edtulo de la tesis:<\/strong>\u00a0 As viaxes pola nosa terra e a raz\u00f3n da s\u00faa escrita no primeiro terzo do s\u00e9culo xx <\/li>\n<li><strong>Autor:<\/strong>\u00a0 Alberto Allegue Leira <\/li>\n<li><strong>Universidad:<\/strong>\u00a0 A coru\u00f1a<\/li>\n<li><strong>Fecha de lectura de la tesis:<\/strong>\u00a0 25\/03\/2011<\/li>\n<\/ul>\n<p>&nbsp;<\/p>\n<h3>Direcci\u00f3n y tribunal<\/h3>\n<ul>\n<li><strong>Director de la tesis<\/strong>\n<ul>\n<li>sanjuli\u00e1n Fern\u00e1ndez P\u00e9rez<\/li>\n<\/ul>\n<\/li>\n<li><strong>Tribunal<\/strong>\n<ul>\n<li>Presidente del tribunal: justo Gonz\u00e1lez beramendi <\/li>\n<li>dolores Vilavedra fernandez (vocal)<\/li>\n<li>Mar\u00eda pilar Garc\u00eda negro (vocal)<\/li>\n<li>Manuel Santiago Fern\u00e1ndez \u00e1lvarez (vocal)<\/li>\n<\/ul>\n<\/li>\n<\/ul>\n<p>&nbsp;<\/p>\n","protected":false},"excerpt":{"rendered":"<p>Tesis doctoral de Alberto Allegue Leira O traballo procura explicar cinco raz\u00f3ns que axudan a entender a escrita, en galego, [&hellip;]<\/p>\n","protected":false},"author":1,"featured_media":0,"comment_status":"open","ping_status":"open","sticky":false,"template":"","format":"standard","meta":{"site-sidebar-layout":"default","site-content-layout":"","ast-site-content-layout":"","site-content-style":"default","site-sidebar-style":"default","ast-global-header-display":"","ast-banner-title-visibility":"","ast-main-header-display":"","ast-hfb-above-header-display":"","ast-hfb-below-header-display":"","ast-hfb-mobile-header-display":"","site-post-title":"","ast-breadcrumbs-content":"","ast-featured-img":"","footer-sml-layout":"","theme-transparent-header-meta":"","adv-header-id-meta":"","stick-header-meta":"","header-above-stick-meta":"","header-main-stick-meta":"","header-below-stick-meta":"","astra-migrate-meta-layouts":"default","ast-page-background-enabled":"default","ast-page-background-meta":{"desktop":{"background-color":"var(--ast-global-color-4)","background-image":"","background-repeat":"repeat","background-position":"center center","background-size":"auto","background-attachment":"scroll","background-type":"","background-media":"","overlay-type":"","overlay-color":"","overlay-gradient":""},"tablet":{"background-color":"","background-image":"","background-repeat":"repeat","background-position":"center center","background-size":"auto","background-attachment":"scroll","background-type":"","background-media":"","overlay-type":"","overlay-color":"","overlay-gradient":""},"mobile":{"background-color":"","background-image":"","background-repeat":"repeat","background-position":"center center","background-size":"auto","background-attachment":"scroll","background-type":"","background-media":"","overlay-type":"","overlay-color":"","overlay-gradient":""}},"ast-content-background-meta":{"desktop":{"background-color":"var(--ast-global-color-5)","background-image":"","background-repeat":"repeat","background-position":"center center","background-size":"auto","background-attachment":"scroll","background-type":"","background-media":"","overlay-type":"","overlay-color":"","overlay-gradient":""},"tablet":{"background-color":"var(--ast-global-color-5)","background-image":"","background-repeat":"repeat","background-position":"center center","background-size":"auto","background-attachment":"scroll","background-type":"","background-media":"","overlay-type":"","overlay-color":"","overlay-gradient":""},"mobile":{"background-color":"var(--ast-global-color-5)","background-image":"","background-repeat":"repeat","background-position":"center center","background-size":"auto","background-attachment":"scroll","background-type":"","background-media":"","overlay-type":"","overlay-color":"","overlay-gradient":""}},"footnotes":""},"categories":[18576,149,2231,628],"tags":[216005,3319,87647,216006,76213,146998],"class_list":["post-107568","post","type-post","status-publish","format-standard","hentry","category-a-coruna","category-critica-de-textos","category-sociologia-de-la-literatura","category-teoria-analisis-y-critica-literarios","tag-alberto-allegue-leira","tag-dolores-vilavedra-fernandez","tag-justo-gonzalez-beramendi","tag-manuel-santiago-fernandez-alvarez","tag-maria-pilar-garcia-negro","tag-sanjulian-fernandez-perez"],"_links":{"self":[{"href":"https:\/\/www.deberes.net\/tesis\/wp-json\/wp\/v2\/posts\/107568","targetHints":{"allow":["GET"]}}],"collection":[{"href":"https:\/\/www.deberes.net\/tesis\/wp-json\/wp\/v2\/posts"}],"about":[{"href":"https:\/\/www.deberes.net\/tesis\/wp-json\/wp\/v2\/types\/post"}],"author":[{"embeddable":true,"href":"https:\/\/www.deberes.net\/tesis\/wp-json\/wp\/v2\/users\/1"}],"replies":[{"embeddable":true,"href":"https:\/\/www.deberes.net\/tesis\/wp-json\/wp\/v2\/comments?post=107568"}],"version-history":[{"count":0,"href":"https:\/\/www.deberes.net\/tesis\/wp-json\/wp\/v2\/posts\/107568\/revisions"}],"wp:attachment":[{"href":"https:\/\/www.deberes.net\/tesis\/wp-json\/wp\/v2\/media?parent=107568"}],"wp:term":[{"taxonomy":"category","embeddable":true,"href":"https:\/\/www.deberes.net\/tesis\/wp-json\/wp\/v2\/categories?post=107568"},{"taxonomy":"post_tag","embeddable":true,"href":"https:\/\/www.deberes.net\/tesis\/wp-json\/wp\/v2\/tags?post=107568"}],"curies":[{"name":"wp","href":"https:\/\/api.w.org\/{rel}","templated":true}]}}