{"id":107596,"date":"2018-03-11T10:32:01","date_gmt":"2018-03-11T10:32:01","guid":{"rendered":"https:\/\/www.deberes.net\/tesis\/sin-categoria\/pola%c2%adticas-publicas-para-una-gestion-sostenible-de-los-residuos-municipales-un-analisis-aplicado-al-municipio-de-vitoria-gasteiz\/"},"modified":"2018-03-11T10:32:01","modified_gmt":"2018-03-11T10:32:01","slug":"pola%c2%adticas-publicas-para-una-gestion-sostenible-de-los-residuos-municipales-un-analisis-aplicado-al-municipio-de-vitoria-gasteiz","status":"publish","type":"post","link":"https:\/\/www.deberes.net\/tesis\/organizacion-y-gestion-de-empresas\/pola%c2%adticas-publicas-para-una-gestion-sostenible-de-los-residuos-municipales-un-analisis-aplicado-al-municipio-de-vitoria-gasteiz\/","title":{"rendered":"Pol\u00edticas p\u00fablicas para una gesti\u00f3n sostenible de los residuos municipales. un an\u00e1lisis aplicado al municipio de vitoria-gasteiz"},"content":{"rendered":"<h2>Tesis doctoral de <strong> Miren Artaraz Mi\u00f1on <\/strong><\/h2>\n<p>La generaci\u00f3n de residuos s\u00f3lidos municipales ha sufrido en las \u00faltimas d\u00e9cadas un incremento continuado, pero la pol\u00edtica de gesti\u00f3n de residuos actual es inadecuada teniendo en cuenta la sostenibilidad medioambiental, ya que la pr\u00e1ctica m\u00e1s habitual y extendida es el vertido.  el objetivo principal de la investigaci\u00f3n es poner de relieve las caracter\u00edsticas e instrumentos en la gesti\u00f3n de residuos municipales que inciden en la disminuci\u00f3n de la cantidad de residuos depositados en vertedero, tomando como referencia las pol\u00edticas desarrolladas en diversas regiones de los pa\u00edses comunitarios m\u00e1s avanzados en la gesti\u00f3n. Una vez identificadas dichas caracter\u00edsticas e instrumentos, se eval\u00faa su aplicabilidad en el municipio de vitoria-gasteiz. la consecuci\u00f3n del objetivo general se determina mediante una serie de objetivos concretos: (1) conocer la problem\u00e1tica derivada de los residuos y las dificultades para solventarla, (2) explorar los distintos caminos que pueden recorrer los residuos hasta que son eliminados, as\u00ed como las posibilidades de su no generaci\u00f3n, (3) analizar cu\u00e1les son caracter\u00edsticas de los pa\u00edses europeos m\u00e1s avanzados en la gesti\u00f3n de residuos municipales, cuyos \u00edndices de desv\u00edo de vertedero son mayores y que cumplen el objetivo establecido para los residuos biodegradables, (4) estudiar la evoluci\u00f3n y situaci\u00f3n actual de la pol\u00edtica de residuos en la comunidad aut\u00f3noma del pa\u00eds vasco, enmarcada en su contexto nacional, (5) determinar la relaci\u00f3n entre las pol\u00edticas p\u00fablicas e instrumentos econ\u00f3micos y el desv\u00edo de residuos y valorar su aplicabilidad, (6) evaluar si los resultados de las experiencias en las que se han empleado pol\u00edticas p\u00fablicas son v\u00e1lidos para el municipio de vitoria-gasteiz y (7) extraer ense\u00f1anzas y recomendaciones para el dise\u00f1o de las estrategias de gesti\u00f3n de residuos, estableciendo las condiciones necesarias para asegurar en mayor medida el \u00e9xito de las pol\u00edticas de gesti\u00f3n. la metodolog\u00eda est\u00e1 fundamentada en un an\u00e1lisis te\u00f3rico basado en la t\u00e9cnica de recopilaci\u00f3n documental y an\u00e1lisis de contenido, complementado con un estudio emp\u00edrico cuantitativo y cualitativo, a partir de datos proporcionados por el ayuntamiento de vitoria-gasteiz, diversos estudios sociol\u00f3gicos para evaluar el comportamiento ciudadano y entrevistas en profundidad realizadas a los agentes relacionados con los residuos.<\/p>\n<p>&nbsp;<\/p>\n<h3>Datos acad\u00e9micos de la tesis doctoral \u00ab<strong>Pol\u00edticas p\u00fablicas para una gesti\u00f3n sostenible de los residuos municipales. un an\u00e1lisis aplicado al municipio de vitoria-gasteiz<\/strong>\u00ab<\/h3>\n<ul>\n<li><strong>T\u00edtulo de la tesis:<\/strong>\u00a0 Pol\u00edticas p\u00fablicas para una gesti\u00f3n sostenible de los residuos municipales. un an\u00e1lisis aplicado al municipio de vitoria-gasteiz <\/li>\n<li><strong>Autor:<\/strong>\u00a0 Miren Artaraz Mi\u00f1on <\/li>\n<li><strong>Universidad:<\/strong>\u00a0 Pa\u00eds vasco\/euskal herriko unibertsitatea<\/li>\n<li><strong>Fecha de lectura de la tesis:<\/strong>\u00a0 25\/03\/2011<\/li>\n<\/ul>\n<p>&nbsp;<\/p>\n<h3>Direcci\u00f3n y tribunal<\/h3>\n<ul>\n<li><strong>Director de la tesis<\/strong>\n<ul>\n<li>Francisco Javier Forcada Sainz<\/li>\n<\/ul>\n<\/li>\n<li><strong>Tribunal<\/strong>\n<ul>\n<li>Presidente del tribunal: milagros Garcia crespo <\/li>\n<li>xose Carlos Arias moreira (vocal)<\/li>\n<li>tomas Mancha navarro (vocal)<\/li>\n<li>josefa eugenia Fernandez arufe (vocal)<\/li>\n<\/ul>\n<\/li>\n<\/ul>\n<p>&nbsp;<\/p>\n","protected":false},"excerpt":{"rendered":"<p>Tesis doctoral de Miren Artaraz Mi\u00f1on La generaci\u00f3n de residuos s\u00f3lidos municipales ha sufrido en las \u00faltimas d\u00e9cadas un incremento [&hellip;]<\/p>\n","protected":false},"author":1,"featured_media":0,"comment_status":"open","ping_status":"open","sticky":false,"template":"","format":"standard","meta":{"site-sidebar-layout":"default","site-content-layout":"","ast-site-content-layout":"","site-content-style":"default","site-sidebar-style":"default","ast-global-header-display":"","ast-banner-title-visibility":"","ast-main-header-display":"","ast-hfb-above-header-display":"","ast-hfb-below-header-display":"","ast-hfb-mobile-header-display":"","site-post-title":"","ast-breadcrumbs-content":"","ast-featured-img":"","footer-sml-layout":"","theme-transparent-header-meta":"","adv-header-id-meta":"","stick-header-meta":"","header-above-stick-meta":"","header-main-stick-meta":"","header-below-stick-meta":"","astra-migrate-meta-layouts":"default","ast-page-background-enabled":"default","ast-page-background-meta":{"desktop":{"background-color":"var(--ast-global-color-4)","background-image":"","background-repeat":"repeat","background-position":"center center","background-size":"auto","background-attachment":"scroll","background-type":"","background-media":"","overlay-type":"","overlay-color":"","overlay-gradient":""},"tablet":{"background-color":"","background-image":"","background-repeat":"repeat","background-position":"center center","background-size":"auto","background-attachment":"scroll","background-type":"","background-media":"","overlay-type":"","overlay-color":"","overlay-gradient":""},"mobile":{"background-color":"","background-image":"","background-repeat":"repeat","background-position":"center center","background-size":"auto","background-attachment":"scroll","background-type":"","background-media":"","overlay-type":"","overlay-color":"","overlay-gradient":""}},"ast-content-background-meta":{"desktop":{"background-color":"var(--ast-global-color-5)","background-image":"","background-repeat":"repeat","background-position":"center center","background-size":"auto","background-attachment":"scroll","background-type":"","background-media":"","overlay-type":"","overlay-color":"","overlay-gradient":""},"tablet":{"background-color":"var(--ast-global-color-5)","background-image":"","background-repeat":"repeat","background-position":"center center","background-size":"auto","background-attachment":"scroll","background-type":"","background-media":"","overlay-type":"","overlay-color":"","overlay-gradient":""},"mobile":{"background-color":"var(--ast-global-color-5)","background-image":"","background-repeat":"repeat","background-position":"center center","background-size":"auto","background-attachment":"scroll","background-type":"","background-media":"","overlay-type":"","overlay-color":"","overlay-gradient":""}},"footnotes":""},"categories":[18287,1302,12909],"tags":[216046,12732,12733,216045,43069,145272],"class_list":["post-107596","post","type-post","status-publish","format-standard","hentry","category-estudio-de-mercados","category-organizacion-y-gestion-de-empresas","category-pais-vasco-euskal-herriko-unibertsitatea","tag-francisco-javier-forcada-sainz","tag-josefa-eugenia-fernandez-arufe","tag-milagros-garcia-crespo","tag-miren-artaraz-minon","tag-tomas-mancha-navarro","tag-xose-carlos-arias-moreira"],"_links":{"self":[{"href":"https:\/\/www.deberes.net\/tesis\/wp-json\/wp\/v2\/posts\/107596","targetHints":{"allow":["GET"]}}],"collection":[{"href":"https:\/\/www.deberes.net\/tesis\/wp-json\/wp\/v2\/posts"}],"about":[{"href":"https:\/\/www.deberes.net\/tesis\/wp-json\/wp\/v2\/types\/post"}],"author":[{"embeddable":true,"href":"https:\/\/www.deberes.net\/tesis\/wp-json\/wp\/v2\/users\/1"}],"replies":[{"embeddable":true,"href":"https:\/\/www.deberes.net\/tesis\/wp-json\/wp\/v2\/comments?post=107596"}],"version-history":[{"count":0,"href":"https:\/\/www.deberes.net\/tesis\/wp-json\/wp\/v2\/posts\/107596\/revisions"}],"wp:attachment":[{"href":"https:\/\/www.deberes.net\/tesis\/wp-json\/wp\/v2\/media?parent=107596"}],"wp:term":[{"taxonomy":"category","embeddable":true,"href":"https:\/\/www.deberes.net\/tesis\/wp-json\/wp\/v2\/categories?post=107596"},{"taxonomy":"post_tag","embeddable":true,"href":"https:\/\/www.deberes.net\/tesis\/wp-json\/wp\/v2\/tags?post=107596"}],"curies":[{"name":"wp","href":"https:\/\/api.w.org\/{rel}","templated":true}]}}