{"id":107615,"date":"2018-03-11T10:32:01","date_gmt":"2018-03-11T10:32:01","guid":{"rendered":"https:\/\/www.deberes.net\/tesis\/sin-categoria\/dinamica-espacio-temporal-de-usos-cubiertas-del-suelo-y-sostenibilidad-ambiental-en-areas-metropolitanas-de-la-comunidad-valenciana\/"},"modified":"2018-03-11T10:32:01","modified_gmt":"2018-03-11T10:32:01","slug":"dinamica-espacio-temporal-de-usos-cubiertas-del-suelo-y-sostenibilidad-ambiental-en-areas-metropolitanas-de-la-comunidad-valenciana","status":"publish","type":"post","link":"https:\/\/www.deberes.net\/tesis\/conservacion-de-suelos\/dinamica-espacio-temporal-de-usos-cubiertas-del-suelo-y-sostenibilidad-ambiental-en-areas-metropolitanas-de-la-comunidad-valenciana\/","title":{"rendered":"Din\u00e1mica espacio-temporal de usos\/cubiertas del suelo y sostenibilidad ambiental en \u00e1reas metropolitanas de la comunidad Valenciana"},"content":{"rendered":"<h2>Tesis doctoral de <strong> Antonio Valera Lozano <\/strong><\/h2>\n<p>Este trabajo analiza la din\u00e1mica espacio-temporal de los usos y coberturas del suelo en \u00e1reas metropolitanas de la comunitat Valenciana durante el \u00faltimo medio siglo a partir de una cartograf\u00eda detallada. Se ha prestado un especial inter\u00e9s al an\u00e1lisis del proceso de sellado antropog\u00e9nico de los suelos afectados por la urbanizaci\u00f3n, considerando, al mismo tiempo, la capacidad de uso de los mismos. Se ha aplicado una metodolog\u00eda de an\u00e1lisis con sig, generando una cartograf\u00eda a escala 1:10.000 a partir de una leyenda cartogr\u00e1fica de usos\/coberturas del suelo previamente dise\u00f1ada y adaptada a las caracter\u00edsticas de las zonas de estudio. Tambi\u00e9n se ha elaborado y aplicado un sistema de 19 indicadores de base territorial agrupados en 6 \u00e1reas tem\u00e1ticas. as\u00ed, se ha estudiado el crecimiento urbano (1956-1985-1998-2006) en las \u00e1reas metropolitanas de alacant-elx y Valencia, detectando una gran expansi\u00f3n de las superficies contruidas. Tambi\u00e9n se han analizado los cambios en los usos\/coberturas del suelo entre 1956 y 1998 en dos comarcas con din\u00e1micas desigualmente influenciadas por el aamm de Valencia: el camp de t\u00faria y el rinc\u00f3n de ademuz. En la primera se ha producido un gran crecimiento de las superficies construidas, la transformaci\u00f3n de amplias \u00e1reas agr\u00edcolas de secano a regad\u00edo y la expansi\u00f3n de la vegetaci\u00f3n natural. En ademuz el abandono y regeneraci\u00f3n natural de las zonas agr\u00edcolas ha tenido gran incidencia, especialmente en las \u00e1reas m\u00e1s marginales. Por \u00faltimo, se han examinado los cambios acumulativos (1956-1985-2006) de los usos\/coberturas del suelo en los municipios de elx y Valencia. En ambos, las superficies construidas se han expandido de forma considerable sobre \u00e1reas agr\u00edcolas y forestales, y afectando suelos con una capacidad de uso agr\u00edcola elevada o muy elevada.<\/p>\n<p>&nbsp;<\/p>\n<h3>Datos acad\u00e9micos de la tesis doctoral \u00ab<strong>Din\u00e1mica espacio-temporal de usos\/cubiertas del suelo y sostenibilidad ambiental en \u00e1reas metropolitanas de la comunidad Valenciana<\/strong>\u00ab<\/h3>\n<ul>\n<li><strong>T\u00edtulo de la tesis:<\/strong>\u00a0 Din\u00e1mica espacio-temporal de usos\/cubiertas del suelo y sostenibilidad ambiental en \u00e1reas metropolitanas de la comunidad Valenciana <\/li>\n<li><strong>Autor:<\/strong>\u00a0 Antonio Valera Lozano <\/li>\n<li><strong>Universidad:<\/strong>\u00a0 Universitat de val\u00e9ncia (estudi general)<\/li>\n<li><strong>Fecha de lectura de la tesis:<\/strong>\u00a0 28\/03\/2011<\/li>\n<\/ul>\n<p>&nbsp;<\/p>\n<h3>Direcci\u00f3n y tribunal<\/h3>\n<ul>\n<li><strong>Director de la tesis<\/strong>\n<ul>\n<li>Juan S\u00e1nchez D\u00edaz<\/li>\n<\/ul>\n<\/li>\n<li><strong>Tribunal<\/strong>\n<ul>\n<li>Presidente del tribunal: Jorge Olcina cantos <\/li>\n<li>Mar\u00eda Jos\u00e9 Molina donate (vocal)<\/li>\n<li>adolfo Calvo cases (vocal)<\/li>\n<li>Jos\u00e9 Miguel de Paz becares (vocal)<\/li>\n<\/ul>\n<\/li>\n<\/ul>\n<p>&nbsp;<\/p>\n","protected":false},"excerpt":{"rendered":"<p>Tesis doctoral de Antonio Valera Lozano Este trabajo analiza la din\u00e1mica espacio-temporal de los usos y coberturas del suelo en [&hellip;]<\/p>\n","protected":false},"author":1,"featured_media":0,"comment_status":"open","ping_status":"open","sticky":false,"template":"","format":"standard","meta":{"site-sidebar-layout":"default","site-content-layout":"","ast-site-content-layout":"","site-content-style":"default","site-sidebar-style":"default","ast-global-header-display":"","ast-banner-title-visibility":"","ast-main-header-display":"","ast-hfb-above-header-display":"","ast-hfb-below-header-display":"","ast-hfb-mobile-header-display":"","site-post-title":"","ast-breadcrumbs-content":"","ast-featured-img":"","footer-sml-layout":"","theme-transparent-header-meta":"","adv-header-id-meta":"","stick-header-meta":"","header-above-stick-meta":"","header-main-stick-meta":"","header-below-stick-meta":"","astra-migrate-meta-layouts":"default","ast-page-background-enabled":"default","ast-page-background-meta":{"desktop":{"background-color":"var(--ast-global-color-4)","background-image":"","background-repeat":"repeat","background-position":"center center","background-size":"auto","background-attachment":"scroll","background-type":"","background-media":"","overlay-type":"","overlay-color":"","overlay-gradient":""},"tablet":{"background-color":"","background-image":"","background-repeat":"repeat","background-position":"center center","background-size":"auto","background-attachment":"scroll","background-type":"","background-media":"","overlay-type":"","overlay-color":"","overlay-gradient":""},"mobile":{"background-color":"","background-image":"","background-repeat":"repeat","background-position":"center center","background-size":"auto","background-attachment":"scroll","background-type":"","background-media":"","overlay-type":"","overlay-color":"","overlay-gradient":""}},"ast-content-background-meta":{"desktop":{"background-color":"var(--ast-global-color-5)","background-image":"","background-repeat":"repeat","background-position":"center center","background-size":"auto","background-attachment":"scroll","background-type":"","background-media":"","overlay-type":"","overlay-color":"","overlay-gradient":""},"tablet":{"background-color":"var(--ast-global-color-5)","background-image":"","background-repeat":"repeat","background-position":"center center","background-size":"auto","background-attachment":"scroll","background-type":"","background-media":"","overlay-type":"","overlay-color":"","overlay-gradient":""},"mobile":{"background-color":"var(--ast-global-color-5)","background-image":"","background-repeat":"repeat","background-position":"center center","background-size":"auto","background-attachment":"scroll","background-type":"","background-media":"","overlay-type":"","overlay-color":"","overlay-gradient":""}},"footnotes":""},"categories":[3238,13542,14948],"tags":[31314,216077,67710,107437,12249,216078],"class_list":["post-107615","post","type-post","status-publish","format-standard","hentry","category-conservacion-de-suelos","category-sistemas-de-informacion-geografica","category-usos-del-suelo","tag-adolfo-calvo-cases","tag-antonio-valera-lozano","tag-jorge-olcina-cantos","tag-jose-miguel-de-paz-becares","tag-juan-sanchez-diaz","tag-maria-jose-molina-donate"],"_links":{"self":[{"href":"https:\/\/www.deberes.net\/tesis\/wp-json\/wp\/v2\/posts\/107615","targetHints":{"allow":["GET"]}}],"collection":[{"href":"https:\/\/www.deberes.net\/tesis\/wp-json\/wp\/v2\/posts"}],"about":[{"href":"https:\/\/www.deberes.net\/tesis\/wp-json\/wp\/v2\/types\/post"}],"author":[{"embeddable":true,"href":"https:\/\/www.deberes.net\/tesis\/wp-json\/wp\/v2\/users\/1"}],"replies":[{"embeddable":true,"href":"https:\/\/www.deberes.net\/tesis\/wp-json\/wp\/v2\/comments?post=107615"}],"version-history":[{"count":0,"href":"https:\/\/www.deberes.net\/tesis\/wp-json\/wp\/v2\/posts\/107615\/revisions"}],"wp:attachment":[{"href":"https:\/\/www.deberes.net\/tesis\/wp-json\/wp\/v2\/media?parent=107615"}],"wp:term":[{"taxonomy":"category","embeddable":true,"href":"https:\/\/www.deberes.net\/tesis\/wp-json\/wp\/v2\/categories?post=107615"},{"taxonomy":"post_tag","embeddable":true,"href":"https:\/\/www.deberes.net\/tesis\/wp-json\/wp\/v2\/tags?post=107615"}],"curies":[{"name":"wp","href":"https:\/\/api.w.org\/{rel}","templated":true}]}}