{"id":107618,"date":"2018-03-11T10:32:01","date_gmt":"2018-03-11T10:32:01","guid":{"rendered":"https:\/\/www.deberes.net\/tesis\/sin-categoria\/liberalizacion-y-competencia-del-sector-telefonico\/"},"modified":"2018-03-11T10:32:01","modified_gmt":"2018-03-11T10:32:01","slug":"liberalizacion-y-competencia-del-sector-telefonico","status":"publish","type":"post","link":"https:\/\/www.deberes.net\/tesis\/extremadura\/liberalizacion-y-competencia-del-sector-telefonico\/","title":{"rendered":"Liberalizaci\u00f3n y competencia del sector telef\u00f3nico."},"content":{"rendered":"<h2>Tesis doctoral de <strong> Ana Bel\u00e9n Lucas Tobajas <\/strong><\/h2>\n<p>La tesis doctoral tiene por objeto el estudio de la liberalizaci\u00f3n  del sector telef\u00f3nico y su r\u00e9gimen jur\u00eddico. Los procesos privatizadores emprendidos en espa\u00f1a a finales de la d\u00e9cada de los ochenta ha ejercido una influencia decisiva en el desarrollo ecn\u00f3mico y social de espa\u00f1a. La necesidad de proceder a la renovaci\u00f3n de su marco regulador, as\u00ed como de las t\u00e9cnicas jur\u00eddicas aplicables al mismo, surg\u00eda no s\u00f3lo en nuestro pa\u00eds, sino tambi\u00e9n en el resto de estados miembros de la uni\u00f3n europea. Ello lo convert\u00eda en un proceso coordinado, aunque con enormes particularidades dependiendo del grado de evoluci\u00f3n y madurez de los mercados de cada uno de los estados. Actualmente, la revoluci\u00f3n tecnol\u00f3gica que experimenta el sector con el despliegue de fibra \u00f3ptica nos obliga a replantear cuestiones que ya cre\u00edamos superadas con los procesos de liberalizaci\u00f3n. Todas estas cuestiones requer\u00edan de un estudio en profundidad, mediante el an\u00e1lisis y la reflexi\u00f3n que exige la relaizaci\u00f3n de una tesis doctoral. Por otro lado, debemos destacar que se trata de una materia con una enorme transcendencia no s\u00f3lo desde el punto de vista jur\u00eddico, sino tambi\u00e9n pol\u00edtico o econ\u00f3mico, no en vano el tel\u00e9fono se convirti\u00f3 en el invento capaz de revolucionar h\u00e1bitos sociales. Por ello para comprender el valor actual del tel\u00e9fono, hemos estructrado la tesis en tres partes bien diferenciadas. el primer cap\u00edtulo se dedica al an\u00e1lisis de la evoluci\u00f3n hist\u00f3rica iniciado con el estudio de los medios de comunicaci\u00f3n existentes en el siglo xix, para posteriormente centrarnos en el desarrollo experimentado por el tel\u00e9fono. Prestando especial atenci\u00f3n a las primeras normas reguladoras del sector. en el segundo cap\u00edtulo, se estudia la acci\u00f3n comunitaria en materia de telecomunicaciones, en especial las medidas que las instituciones europeas han ido adoptando para lograr la apertura efectiva del sector telef\u00f3nico a la competencia. el tercer cap\u00edtulo, se ha dedicado al estudio de la teor\u00eda de la regulaci\u00f3n y a su influencia en el sector telef\u00f3nico, analizando con detalle el proceso de incorporaci\u00f3n de la normativa comunitaria a nuestro ordenamiento juridico y el esquema legal resultante.  finalmente exponemos las conclusiones finales a las que hemos llegado tras el an\u00e1lisis de estas cuestiones .<\/p>\n<p>&nbsp;<\/p>\n<h3>Datos acad\u00e9micos de la tesis doctoral \u00ab<strong>Liberalizaci\u00f3n y competencia del sector telef\u00f3nico.<\/strong>\u00ab<\/h3>\n<ul>\n<li><strong>T\u00edtulo de la tesis:<\/strong>\u00a0 Liberalizaci\u00f3n y competencia del sector telef\u00f3nico. <\/li>\n<li><strong>Autor:<\/strong>\u00a0 Ana Bel\u00e9n Lucas Tobajas <\/li>\n<li><strong>Universidad:<\/strong>\u00a0 Extremadura<\/li>\n<li><strong>Fecha de lectura de la tesis:<\/strong>\u00a0 28\/03\/2011<\/li>\n<\/ul>\n<p>&nbsp;<\/p>\n<h3>Direcci\u00f3n y tribunal<\/h3>\n<ul>\n<li><strong>Director de la tesis<\/strong>\n<ul>\n<li>Jos\u00e9 Eugenio Soriano Garc\u00eda<\/li>\n<\/ul>\n<\/li>\n<li><strong>Tribunal<\/strong>\n<ul>\n<li>Presidente del tribunal: Santiago Mu\u00f1oz machado <\/li>\n<li>Jos\u00e9 Carlos Laguna de paz (vocal)<\/li>\n<li>tom\u00e1s De la quadra-salcedo fern\u00e1ndez del castillo (vocal)<\/li>\n<li>Santiago Gonz\u00e1lez-varas ib\u00e1\u00f1ez (vocal)<\/li>\n<\/ul>\n<\/li>\n<\/ul>\n<p>&nbsp;<\/p>\n","protected":false},"excerpt":{"rendered":"<p>Tesis doctoral de Ana Bel\u00e9n Lucas Tobajas La tesis doctoral tiene por objeto el estudio de la liberalizaci\u00f3n del sector [&hellip;]<\/p>\n","protected":false},"author":1,"featured_media":0,"comment_status":"open","ping_status":"open","sticky":false,"template":"","format":"standard","meta":{"site-sidebar-layout":"default","site-content-layout":"","ast-site-content-layout":"","site-content-style":"default","site-sidebar-style":"default","ast-global-header-display":"","ast-banner-title-visibility":"","ast-main-header-display":"","ast-hfb-above-header-display":"","ast-hfb-below-header-display":"","ast-hfb-mobile-header-display":"","site-post-title":"","ast-breadcrumbs-content":"","ast-featured-img":"","footer-sml-layout":"","theme-transparent-header-meta":"","adv-header-id-meta":"","stick-header-meta":"","header-above-stick-meta":"","header-main-stick-meta":"","header-below-stick-meta":"","astra-migrate-meta-layouts":"default","ast-page-background-enabled":"default","ast-page-background-meta":{"desktop":{"background-color":"var(--ast-global-color-4)","background-image":"","background-repeat":"repeat","background-position":"center center","background-size":"auto","background-attachment":"scroll","background-type":"","background-media":"","overlay-type":"","overlay-color":"","overlay-gradient":""},"tablet":{"background-color":"","background-image":"","background-repeat":"repeat","background-position":"center center","background-size":"auto","background-attachment":"scroll","background-type":"","background-media":"","overlay-type":"","overlay-color":"","overlay-gradient":""},"mobile":{"background-color":"","background-image":"","background-repeat":"repeat","background-position":"center center","background-size":"auto","background-attachment":"scroll","background-type":"","background-media":"","overlay-type":"","overlay-color":"","overlay-gradient":""}},"ast-content-background-meta":{"desktop":{"background-color":"var(--ast-global-color-5)","background-image":"","background-repeat":"repeat","background-position":"center center","background-size":"auto","background-attachment":"scroll","background-type":"","background-media":"","overlay-type":"","overlay-color":"","overlay-gradient":""},"tablet":{"background-color":"var(--ast-global-color-5)","background-image":"","background-repeat":"repeat","background-position":"center center","background-size":"auto","background-attachment":"scroll","background-type":"","background-media":"","overlay-type":"","overlay-color":"","overlay-gradient":""},"mobile":{"background-color":"var(--ast-global-color-5)","background-image":"","background-repeat":"repeat","background-position":"center center","background-size":"auto","background-attachment":"scroll","background-type":"","background-media":"","overlay-type":"","overlay-color":"","overlay-gradient":""}},"footnotes":""},"categories":[1442,5964,949],"tags":[216082,83825,33446,62569,4898,37574],"class_list":["post-107618","post","type-post","status-publish","format-standard","hentry","category-derecho-administrativo","category-derecho-publico","category-extremadura","tag-ana-belen-lucas-tobajas","tag-jose-carlos-laguna-de-paz","tag-jose-eugenio-soriano-garcia","tag-santiago-gonzalez-varas-ibanez","tag-santiago-munoz-machado","tag-tomas-de-la-quadra-salcedo-fernandez-del-castillo"],"_links":{"self":[{"href":"https:\/\/www.deberes.net\/tesis\/wp-json\/wp\/v2\/posts\/107618","targetHints":{"allow":["GET"]}}],"collection":[{"href":"https:\/\/www.deberes.net\/tesis\/wp-json\/wp\/v2\/posts"}],"about":[{"href":"https:\/\/www.deberes.net\/tesis\/wp-json\/wp\/v2\/types\/post"}],"author":[{"embeddable":true,"href":"https:\/\/www.deberes.net\/tesis\/wp-json\/wp\/v2\/users\/1"}],"replies":[{"embeddable":true,"href":"https:\/\/www.deberes.net\/tesis\/wp-json\/wp\/v2\/comments?post=107618"}],"version-history":[{"count":0,"href":"https:\/\/www.deberes.net\/tesis\/wp-json\/wp\/v2\/posts\/107618\/revisions"}],"wp:attachment":[{"href":"https:\/\/www.deberes.net\/tesis\/wp-json\/wp\/v2\/media?parent=107618"}],"wp:term":[{"taxonomy":"category","embeddable":true,"href":"https:\/\/www.deberes.net\/tesis\/wp-json\/wp\/v2\/categories?post=107618"},{"taxonomy":"post_tag","embeddable":true,"href":"https:\/\/www.deberes.net\/tesis\/wp-json\/wp\/v2\/tags?post=107618"}],"curies":[{"name":"wp","href":"https:\/\/api.w.org\/{rel}","templated":true}]}}