{"id":107747,"date":"2011-01-04T00:00:00","date_gmt":"2011-01-04T00:00:00","guid":{"rendered":"https:\/\/www.deberes.net\/tesis\/sin-categoria\/analisis-de-las-variables-relacionadas-con-el-sobreentrenamiento-y-la-salud-de-las-bailarinas\/"},"modified":"2011-01-04T00:00:00","modified_gmt":"2011-01-04T00:00:00","slug":"analisis-de-las-variables-relacionadas-con-el-sobreentrenamiento-y-la-salud-de-las-bailarinas","status":"publish","type":"post","link":"https:\/\/www.deberes.net\/tesis\/psicologia\/analisis-de-las-variables-relacionadas-con-el-sobreentrenamiento-y-la-salud-de-las-bailarinas\/","title":{"rendered":"An\u00e1lisis de las variables relacionadas con el sobreentrenamiento y la salud de las bailarinas."},"content":{"rendered":"<h2>Tesis doctoral de <strong> F\u00e1tima S\u00e1nchez Bele\u00f1a <\/strong><\/h2>\n<p>\u00abla danza es una forma de expresi\u00f3n art\u00edstica que para ser desempe\u00f1ada a nivel profesional requiere un esfuerzo f\u00edsico y psicol\u00f3gico similares al \u00e1mbito deportivo. De ah\u00ed que los bailarines\/as que se dedican profesionalmente a esta actividad compartan  los riesgos de salud presentes en el mundo del deporte.  este trabajo pretende estudiar el sobreentrenamiento, un cuadro de fatiga extrema ampliamente estudiado en el \u00e1mbito del deporte, que aparece cuando el organimo pierde la capacidad de recupera ci\u00f3n tras los entrenamientos. En este trabajo se pretende profundizar en el sobreentrenamiento en el \u00e1mbito de la danza y relacionarlo con la salud. Para ello se ha estudiado un grupo de 240 bailarinas profesionales. Se ha creado una encuesta para re coger los datos relacionados con la actividad y el descanso. Como instrumentos estandarizados de evaluaci\u00f3n se han empleado el profile of mood states (poms) de mcnair, lorr y doppleman (1971) el cuestionario del s\u00edndrome de sobreentrenamiento (csse) (legros 1993), una escala de salud f\u00edsica percibida, escalas de satisfacci\u00f3n, la escala de autoestima de rosenberg (1965), la escala reducida de ansiedad (era) (mart\u00ednez-s\u00e1nchez et al. 1995). los resultados muestran que las bailarinas que presentan m ayores niveles de sobreentrenamiento tambi\u00e9n presentan mayores problemas m\u00e9dicos diagnosticados, mayor ansiedad, menor autoestima, peor percepci\u00f3n de su salud f\u00edsica y peor satisfacci\u00f3n familiar, laboral y global. Las variables psicol\u00f3gicas tienen mu cha relevancia para el desarrollo del sobreentrenamiento, al igual que se observa en el \u00e1mbito deportivo. Se ha encontrado, en las diferentes escalas del poms, el denominado \u00ab\u00bbperfil iceberg\u00bb\u00bb que se observa entre los atletas de alto rendimiento y el d enominado \u00ab\u00bbperfil iceberg invertido\u00bb\u00bb, entre las bailarinas con mayores puntuaciones de sobreentrenamiento, al igual que ocurre en el \u00e1mbito deportivo.\u00bb<\/p>\n<p>&nbsp;<\/p>\n<h3>Datos acad\u00e9micos de la tesis doctoral \u00ab<strong>An\u00e1lisis de las variables relacionadas con el sobreentrenamiento y la salud de las bailarinas.<\/strong>\u00ab<\/h3>\n<ul>\n<li><strong>T\u00edtulo de la tesis:<\/strong>\u00a0 An\u00e1lisis de las variables relacionadas con el sobreentrenamiento y la salud de las bailarinas. <\/li>\n<li><strong>Autor:<\/strong>\u00a0 F\u00e1tima S\u00e1nchez Bele\u00f1a <\/li>\n<li><strong>Universidad:<\/strong>\u00a0 Complutense de Madrid<\/li>\n<li><strong>Fecha de lectura de la tesis:<\/strong>\u00a0 01\/04\/2011<\/li>\n<\/ul>\n<p>&nbsp;<\/p>\n<h3>Direcci\u00f3n y tribunal<\/h3>\n<ul>\n<li><strong>Director de la tesis<\/strong>\n<ul>\n<li>Juan  Francisco Diaz Morales<\/li>\n<\/ul>\n<\/li>\n<li><strong>Tribunal<\/strong>\n<ul>\n<li>Presidente del tribunal: eva Mar\u00eda Diaz ramiro <\/li>\n<li>rosa Mar\u00eda Limi\u00f1ana gras (vocal)<\/li>\n<li>adela Fust\u00e9 escolano (vocal)<\/li>\n<li>Jes\u00fas Gonz\u00e1lez requena (vocal)<\/li>\n<\/ul>\n<\/li>\n<\/ul>\n<p>&nbsp;<\/p>\n","protected":false},"excerpt":{"rendered":"<p>Tesis doctoral de F\u00e1tima S\u00e1nchez Bele\u00f1a \u00abla danza es una forma de expresi\u00f3n art\u00edstica que para ser desempe\u00f1ada a nivel [&hellip;]<\/p>\n","protected":false},"author":1,"featured_media":0,"comment_status":"open","ping_status":"open","sticky":false,"template":"","format":"standard","meta":{"site-sidebar-layout":"default","site-content-layout":"","ast-site-content-layout":"","site-content-style":"default","site-sidebar-style":"default","ast-global-header-display":"","ast-banner-title-visibility":"","ast-main-header-display":"","ast-hfb-above-header-display":"","ast-hfb-below-header-display":"","ast-hfb-mobile-header-display":"","site-post-title":"","ast-breadcrumbs-content":"","ast-featured-img":"","footer-sml-layout":"","theme-transparent-header-meta":"","adv-header-id-meta":"","stick-header-meta":"","header-above-stick-meta":"","header-main-stick-meta":"","header-below-stick-meta":"","astra-migrate-meta-layouts":"default","ast-page-background-enabled":"default","ast-page-background-meta":{"desktop":{"background-color":"var(--ast-global-color-4)","background-image":"","background-repeat":"repeat","background-position":"center center","background-size":"auto","background-attachment":"scroll","background-type":"","background-media":"","overlay-type":"","overlay-color":"","overlay-gradient":""},"tablet":{"background-color":"","background-image":"","background-repeat":"repeat","background-position":"center center","background-size":"auto","background-attachment":"scroll","background-type":"","background-media":"","overlay-type":"","overlay-color":"","overlay-gradient":""},"mobile":{"background-color":"","background-image":"","background-repeat":"repeat","background-position":"center center","background-size":"auto","background-attachment":"scroll","background-type":"","background-media":"","overlay-type":"","overlay-color":"","overlay-gradient":""}},"ast-content-background-meta":{"desktop":{"background-color":"var(--ast-global-color-5)","background-image":"","background-repeat":"repeat","background-position":"center center","background-size":"auto","background-attachment":"scroll","background-type":"","background-media":"","overlay-type":"","overlay-color":"","overlay-gradient":""},"tablet":{"background-color":"var(--ast-global-color-5)","background-image":"","background-repeat":"repeat","background-position":"center center","background-size":"auto","background-attachment":"scroll","background-type":"","background-media":"","overlay-type":"","overlay-color":"","overlay-gradient":""},"mobile":{"background-color":"var(--ast-global-color-5)","background-image":"","background-repeat":"repeat","background-position":"center center","background-size":"auto","background-attachment":"scroll","background-type":"","background-media":"","overlay-type":"","overlay-color":"","overlay-gradient":""}},"footnotes":""},"categories":[986,324],"tags":[42179,178758,216277,4737,42264,124712],"class_list":["post-107747","post","type-post","status-publish","format-standard","hentry","category-complutense-de-madrid","category-psicologia","tag-adela-fuste-escolano","tag-eva-maria-diaz-ramiro","tag-fatima-sanchez-belena","tag-jesus-gonzalez-requena","tag-juan-francisco-diaz-morales","tag-rosa-maria-liminana-gras"],"_links":{"self":[{"href":"https:\/\/www.deberes.net\/tesis\/wp-json\/wp\/v2\/posts\/107747","targetHints":{"allow":["GET"]}}],"collection":[{"href":"https:\/\/www.deberes.net\/tesis\/wp-json\/wp\/v2\/posts"}],"about":[{"href":"https:\/\/www.deberes.net\/tesis\/wp-json\/wp\/v2\/types\/post"}],"author":[{"embeddable":true,"href":"https:\/\/www.deberes.net\/tesis\/wp-json\/wp\/v2\/users\/1"}],"replies":[{"embeddable":true,"href":"https:\/\/www.deberes.net\/tesis\/wp-json\/wp\/v2\/comments?post=107747"}],"version-history":[{"count":0,"href":"https:\/\/www.deberes.net\/tesis\/wp-json\/wp\/v2\/posts\/107747\/revisions"}],"wp:attachment":[{"href":"https:\/\/www.deberes.net\/tesis\/wp-json\/wp\/v2\/media?parent=107747"}],"wp:term":[{"taxonomy":"category","embeddable":true,"href":"https:\/\/www.deberes.net\/tesis\/wp-json\/wp\/v2\/categories?post=107747"},{"taxonomy":"post_tag","embeddable":true,"href":"https:\/\/www.deberes.net\/tesis\/wp-json\/wp\/v2\/tags?post=107747"}],"curies":[{"name":"wp","href":"https:\/\/api.w.org\/{rel}","templated":true}]}}