{"id":107751,"date":"2011-04-04T00:00:00","date_gmt":"2011-04-04T00:00:00","guid":{"rendered":"https:\/\/www.deberes.net\/tesis\/sin-categoria\/trastorno-por-estres-postraumatico-en-menores-que-han-sufrido-maltrato-familiar-directo-y-exposicion-a-violencia-de-genero\/"},"modified":"2011-04-04T00:00:00","modified_gmt":"2011-04-04T00:00:00","slug":"trastorno-por-estres-postraumatico-en-menores-que-han-sufrido-maltrato-familiar-directo-y-exposicion-a-violencia-de-genero","status":"publish","type":"post","link":"https:\/\/www.deberes.net\/tesis\/psicopatologia\/trastorno-por-estres-postraumatico-en-menores-que-han-sufrido-maltrato-familiar-directo-y-exposicion-a-violencia-de-genero\/","title":{"rendered":"Trastorno por estr\u00e9s  postraum\u00e1tico en menores que han sufrido maltrato familiar: directo y exposici\u00f3n a violencia de g\u00e9nero."},"content":{"rendered":"<h2>Tesis doctoral de <strong> Maravillas Castro Saez <\/strong><\/h2>\n<p>Esta investigaci\u00f3n tiene como objetivo general obtener datos acerca de la presencia del trastorno por estr\u00e9s postraum\u00e1tico (tept) en menores que han sufrido maltrato intrafamiliar cr\u00f3nico y presentan alteraciones psicol\u00f3gicas graves. La muestra est\u00e1 formada por 102 menores de edades comprendidas entre los 8 y 17 a\u00f1os y se divide en dos grupos: el grupo i est\u00e1 compuesto por 64 menores, que viven con su familia biol\u00f3gica, principalmente las madres, y han estado expuestos\/as a violencia de g\u00e9nero; y el grupo ii, que lo componen 38 menores tutelados\/as por la comunidad aut\u00f3noma de la regi\u00f3n de murcia. El instrumento utilizado es el child ptsd symptom scale (cpss) de foa, johnson, feeny y tredwell (2001), basado en los criterios diagn\u00f3sticos para tept del dsm-iv (apa, 1994) y dsm-iv-tr (apa, 2000). A la luz de los resultados obtenidos podemos concluir que: (a) los actuales criterios dsm son muy exigentes y no son lo suficientemente sensibles y adecuados para detectar la presencia del tept en la infancia; (b) es necesario valorar la afectaci\u00f3n subsindr\u00f3mica de los\/as menores que no cumplen criterios suficientes para el diagn\u00f3stico; (c) el criterio de evitaci\u00f3n del dsm-iv-tr es demasiado restrictivo. Si se baja el umbral de 3 a 1 s\u00edntoma, tal como propone el dsm-v, se mejora la detecci\u00f3n de casos positivos; (d) se han encontrado diferencias estad\u00edsticamente significativas entre chicos y chicas, con una mayor preValencia en sintomatolog\u00eda tept en las chicas siguiendo los criterios del dsm-iv-tr; (e) no se han hallado diferencias estad\u00edsticamente significativas en tept entre grupos de edad (8-12 y 13-17); (f) no se han obtenido diferencias estad\u00edsticamente significativas en tept entre las submuestras, hallando una preValencia de tept similar en los\/as menores tutelados y los\/as expuestos a violencia de g\u00e9nero; (h) a mayor sintomatolog\u00eda tept se produce un mayor deterioro en las \u00e1reas vitales, especialmente en el \u00e1rea familiar.  palabras clave:  infancia, adolescencia, maltrato infantil, violencia familiar, exposici\u00f3n de menores a violencia, violencia de g\u00e9nero, menores tutelados, trauma, psicopatolog\u00eda infantil, estr\u00e9s postraum\u00e1tico, tept, tept parcial, dsm-v, evaluaci\u00f3n psicol\u00f3gica, preValencia.  key words:  childhood, adolescence, child abuse, family violence, children exposed to violence, gender violence, foster children, trauma, child psychopathology, posttraumatic stress, ptsd, partial ptsd, dsm-v, psychological assessment, prevalence.<\/p>\n<p>&nbsp;<\/p>\n<h3>Datos acad\u00e9micos de la tesis doctoral \u00ab<strong>Trastorno por estr\u00e9s  postraum\u00e1tico en menores que han sufrido maltrato familiar: directo y exposici\u00f3n a violencia de g\u00e9nero.<\/strong>\u00ab<\/h3>\n<ul>\n<li><strong>T\u00edtulo de la tesis:<\/strong>\u00a0 Trastorno por estr\u00e9s  postraum\u00e1tico en menores que han sufrido maltrato familiar: directo y exposici\u00f3n a violencia de g\u00e9nero. <\/li>\n<li><strong>Autor:<\/strong>\u00a0 Maravillas Castro Saez <\/li>\n<li><strong>Universidad:<\/strong>\u00a0 Murcia<\/li>\n<li><strong>Fecha de lectura de la tesis:<\/strong>\u00a0 04\/04\/2011<\/li>\n<\/ul>\n<p>&nbsp;<\/p>\n<h3>Direcci\u00f3n y tribunal<\/h3>\n<ul>\n<li><strong>Director de la tesis<\/strong>\n<ul>\n<li>Juan  Jose Lopez Garcia<\/li>\n<\/ul>\n<\/li>\n<li><strong>Tribunal<\/strong>\n<ul>\n<li>Presidente del tribunal: cristina Botella arbona <\/li>\n<li>immaculada G\u00f3mez becerra (vocal)<\/li>\n<li>Jes\u00fas Gonz\u00e1lez requena (vocal)<\/li>\n<li>azucena Garc\u00eda palacios (vocal)<\/li>\n<\/ul>\n<\/li>\n<\/ul>\n<p>&nbsp;<\/p>\n","protected":false},"excerpt":{"rendered":"<p>Tesis doctoral de Maravillas Castro Saez Esta investigaci\u00f3n tiene como objetivo general obtener datos acerca de la presencia del trastorno [&hellip;]<\/p>\n","protected":false},"author":1,"featured_media":0,"comment_status":"open","ping_status":"open","sticky":false,"template":"","format":"standard","meta":{"site-sidebar-layout":"default","site-content-layout":"","ast-site-content-layout":"","site-content-style":"default","site-sidebar-style":"default","ast-global-header-display":"","ast-banner-title-visibility":"","ast-main-header-display":"","ast-hfb-above-header-display":"","ast-hfb-below-header-display":"","ast-hfb-mobile-header-display":"","site-post-title":"","ast-breadcrumbs-content":"","ast-featured-img":"","footer-sml-layout":"","theme-transparent-header-meta":"","adv-header-id-meta":"","stick-header-meta":"","header-above-stick-meta":"","header-main-stick-meta":"","header-below-stick-meta":"","astra-migrate-meta-layouts":"default","ast-page-background-enabled":"default","ast-page-background-meta":{"desktop":{"background-color":"var(--ast-global-color-4)","background-image":"","background-repeat":"repeat","background-position":"center center","background-size":"auto","background-attachment":"scroll","background-type":"","background-media":"","overlay-type":"","overlay-color":"","overlay-gradient":""},"tablet":{"background-color":"","background-image":"","background-repeat":"repeat","background-position":"center center","background-size":"auto","background-attachment":"scroll","background-type":"","background-media":"","overlay-type":"","overlay-color":"","overlay-gradient":""},"mobile":{"background-color":"","background-image":"","background-repeat":"repeat","background-position":"center center","background-size":"auto","background-attachment":"scroll","background-type":"","background-media":"","overlay-type":"","overlay-color":"","overlay-gradient":""}},"ast-content-background-meta":{"desktop":{"background-color":"var(--ast-global-color-5)","background-image":"","background-repeat":"repeat","background-position":"center center","background-size":"auto","background-attachment":"scroll","background-type":"","background-media":"","overlay-type":"","overlay-color":"","overlay-gradient":""},"tablet":{"background-color":"var(--ast-global-color-5)","background-image":"","background-repeat":"repeat","background-position":"center center","background-size":"auto","background-attachment":"scroll","background-type":"","background-media":"","overlay-type":"","overlay-color":"","overlay-gradient":""},"mobile":{"background-color":"var(--ast-global-color-5)","background-image":"","background-repeat":"repeat","background-position":"center center","background-size":"auto","background-attachment":"scroll","background-type":"","background-media":"","overlay-type":"","overlay-color":"","overlay-gradient":""}},"footnotes":""},"categories":[1175,8235,487,970,325],"tags":[89930,12122,212750,4737,22134,216287],"class_list":["post-107751","post","type-post","status-publish","format-standard","hentry","category-evaluacion-y-diagnostico-en-psicologia","category-murcia","category-psicologia-clinica","category-psicologia-del-nino-y-del-adolescente","category-psicopatologia","tag-azucena-garcia-palacios","tag-cristina-botella-arbona","tag-immaculada-gomez-becerra","tag-jesus-gonzalez-requena","tag-juan-jose-lopez-garcia","tag-maravillas-castro-saez"],"_links":{"self":[{"href":"https:\/\/www.deberes.net\/tesis\/wp-json\/wp\/v2\/posts\/107751","targetHints":{"allow":["GET"]}}],"collection":[{"href":"https:\/\/www.deberes.net\/tesis\/wp-json\/wp\/v2\/posts"}],"about":[{"href":"https:\/\/www.deberes.net\/tesis\/wp-json\/wp\/v2\/types\/post"}],"author":[{"embeddable":true,"href":"https:\/\/www.deberes.net\/tesis\/wp-json\/wp\/v2\/users\/1"}],"replies":[{"embeddable":true,"href":"https:\/\/www.deberes.net\/tesis\/wp-json\/wp\/v2\/comments?post=107751"}],"version-history":[{"count":0,"href":"https:\/\/www.deberes.net\/tesis\/wp-json\/wp\/v2\/posts\/107751\/revisions"}],"wp:attachment":[{"href":"https:\/\/www.deberes.net\/tesis\/wp-json\/wp\/v2\/media?parent=107751"}],"wp:term":[{"taxonomy":"category","embeddable":true,"href":"https:\/\/www.deberes.net\/tesis\/wp-json\/wp\/v2\/categories?post=107751"},{"taxonomy":"post_tag","embeddable":true,"href":"https:\/\/www.deberes.net\/tesis\/wp-json\/wp\/v2\/tags?post=107751"}],"curies":[{"name":"wp","href":"https:\/\/api.w.org\/{rel}","templated":true}]}}