{"id":107753,"date":"2011-04-04T00:00:00","date_gmt":"2011-04-04T00:00:00","guid":{"rendered":"https:\/\/www.deberes.net\/tesis\/sin-categoria\/avaliaa%c2%a7ao-do-desempenho-profissional-do-educador-de-infa%c2%a2ncia-contributos-da-autoavaliaa%c2%a7ao\/"},"modified":"2011-04-04T00:00:00","modified_gmt":"2011-04-04T00:00:00","slug":"avaliaa%c2%a7ao-do-desempenho-profissional-do-educador-de-infa%c2%a2ncia-contributos-da-autoavaliaa%c2%a7ao","status":"publish","type":"post","link":"https:\/\/www.deberes.net\/tesis\/santiago-de-compostela\/avaliaa%c2%a7ao-do-desempenho-profissional-do-educador-de-infa%c2%a2ncia-contributos-da-autoavaliaa%c2%a7ao\/","title":{"rendered":"Avalia\u00c1\u00a7\u00c1\u00a3o do desempenho profissional do educador de inf\u00c1\u00a2ncia: contributos da autoavalia\u00c1\u00a7\u00c1\u00a3o"},"content":{"rendered":"<h2>Tesis doctoral de <strong> Mar\u00eda  Orqu\u00ed\u00c2\u00addea Alves Oliveira Campos <\/strong><\/h2>\n<p>Nesta tese, desenvolve-se a problem\u00e1tica da avalia\u00ed\u00a7\u00ed\u00a3o de desempenho profissional dos educadores de inf\u00ed\u00a2ncia, focalizando a dimens\u00ed\u00a3o da auto-avalia\u00ed\u00a7\u00ed\u00a3o como componente de constru\u00ed\u00a7\u00ed\u00a3o de pr\u00e1ticas educativas orientadas para as mudan\u00ed\u00a7as de desempenho.<\/p>\n<p>&nbsp;<\/p>\n<h3>Datos acad\u00e9micos de la tesis doctoral \u00ab<strong>Avalia\u00c1\u00a7\u00c1\u00a3o do desempenho profissional do educador de inf\u00c1\u00a2ncia: contributos da autoavalia\u00c1\u00a7\u00c1\u00a3o<\/strong>\u00ab<\/h3>\n<ul>\n<li><strong>T\u00edtulo de la tesis:<\/strong>\u00a0 Avalia\u00c1\u00a7\u00c1\u00a3o do desempenho profissional do educador de inf\u00c1\u00a2ncia: contributos da autoavalia\u00c1\u00a7\u00c1\u00a3o <\/li>\n<li><strong>Autor:<\/strong>\u00a0 Mar\u00eda  Orqu\u00ed\u00c2\u00addea Alves Oliveira Campos <\/li>\n<li><strong>Universidad:<\/strong>\u00a0 Santiago de compostela<\/li>\n<li><strong>Fecha de lectura de la tesis:<\/strong>\u00a0 04\/04\/2011<\/li>\n<\/ul>\n<p>&nbsp;<\/p>\n<h3>Direcci\u00f3n y tribunal<\/h3>\n<ul>\n<li><strong>Director de la tesis<\/strong>\n<ul>\n<li>Eduardo Jos\u00e9 Fuentes Abeledo<\/li>\n<\/ul>\n<\/li>\n<li><strong>Tribunal<\/strong>\n<ul>\n<li>Presidente del tribunal: Carlos Rosales lopez <\/li>\n<li>Mar\u00eda  da concei\u00ed\u00a7\u00ed\u00a3o Henriques serreno couvaneiro (vocal)<\/li>\n<li>Jos\u00e9 Tejada fernandez (vocal)<\/li>\n<li>Mar\u00eda  palmira Carlos alves (vocal)<\/li>\n<\/ul>\n<\/li>\n<\/ul>\n<p>&nbsp;<\/p>\n","protected":false},"excerpt":{"rendered":"<p>Tesis doctoral de Mar\u00eda Orqu\u00ed\u00c2\u00addea Alves Oliveira Campos Nesta tese, desenvolve-se a problem\u00e1tica da avalia\u00ed\u00a7\u00ed\u00a3o de desempenho profissional dos educadores [&hellip;]<\/p>\n","protected":false},"author":1,"featured_media":0,"comment_status":"open","ping_status":"open","sticky":false,"template":"","format":"standard","meta":{"site-sidebar-layout":"default","site-content-layout":"","ast-site-content-layout":"","site-content-style":"default","site-sidebar-style":"default","ast-global-header-display":"","ast-banner-title-visibility":"","ast-main-header-display":"","ast-hfb-above-header-display":"","ast-hfb-below-header-display":"","ast-hfb-mobile-header-display":"","site-post-title":"","ast-breadcrumbs-content":"","ast-featured-img":"","footer-sml-layout":"","theme-transparent-header-meta":"","adv-header-id-meta":"","stick-header-meta":"","header-above-stick-meta":"","header-main-stick-meta":"","header-below-stick-meta":"","astra-migrate-meta-layouts":"default","ast-page-background-enabled":"default","ast-page-background-meta":{"desktop":{"background-color":"var(--ast-global-color-4)","background-image":"","background-repeat":"repeat","background-position":"center center","background-size":"auto","background-attachment":"scroll","background-type":"","background-media":"","overlay-type":"","overlay-color":"","overlay-gradient":""},"tablet":{"background-color":"","background-image":"","background-repeat":"repeat","background-position":"center center","background-size":"auto","background-attachment":"scroll","background-type":"","background-media":"","overlay-type":"","overlay-color":"","overlay-gradient":""},"mobile":{"background-color":"","background-image":"","background-repeat":"repeat","background-position":"center center","background-size":"auto","background-attachment":"scroll","background-type":"","background-media":"","overlay-type":"","overlay-color":"","overlay-gradient":""}},"ast-content-background-meta":{"desktop":{"background-color":"var(--ast-global-color-5)","background-image":"","background-repeat":"repeat","background-position":"center center","background-size":"auto","background-attachment":"scroll","background-type":"","background-media":"","overlay-type":"","overlay-color":"","overlay-gradient":""},"tablet":{"background-color":"var(--ast-global-color-5)","background-image":"","background-repeat":"repeat","background-position":"center center","background-size":"auto","background-attachment":"scroll","background-type":"","background-media":"","overlay-type":"","overlay-color":"","overlay-gradient":""},"mobile":{"background-color":"var(--ast-global-color-5)","background-image":"","background-repeat":"repeat","background-position":"center center","background-size":"auto","background-attachment":"scroll","background-type":"","background-media":"","overlay-type":"","overlay-color":"","overlay-gradient":""}},"footnotes":""},"categories":[5250,977],"tags":[2626,83182,13979,216290,216289,216291],"class_list":["post-107753","post","type-post","status-publish","format-standard","hentry","category-filosofia-de-las-ciencias-sociales","category-santiago-de-compostela","tag-carlos-rosales-lopez","tag-eduardo-jose-fuentes-abeledo","tag-jose-tejada-fernandez","tag-maria-da-conceiiio-henriques-serreno-couvaneiro","tag-maria-orquiadea-alves-oliveira-campos","tag-maria-palmira-carlos-alves"],"_links":{"self":[{"href":"https:\/\/www.deberes.net\/tesis\/wp-json\/wp\/v2\/posts\/107753","targetHints":{"allow":["GET"]}}],"collection":[{"href":"https:\/\/www.deberes.net\/tesis\/wp-json\/wp\/v2\/posts"}],"about":[{"href":"https:\/\/www.deberes.net\/tesis\/wp-json\/wp\/v2\/types\/post"}],"author":[{"embeddable":true,"href":"https:\/\/www.deberes.net\/tesis\/wp-json\/wp\/v2\/users\/1"}],"replies":[{"embeddable":true,"href":"https:\/\/www.deberes.net\/tesis\/wp-json\/wp\/v2\/comments?post=107753"}],"version-history":[{"count":0,"href":"https:\/\/www.deberes.net\/tesis\/wp-json\/wp\/v2\/posts\/107753\/revisions"}],"wp:attachment":[{"href":"https:\/\/www.deberes.net\/tesis\/wp-json\/wp\/v2\/media?parent=107753"}],"wp:term":[{"taxonomy":"category","embeddable":true,"href":"https:\/\/www.deberes.net\/tesis\/wp-json\/wp\/v2\/categories?post=107753"},{"taxonomy":"post_tag","embeddable":true,"href":"https:\/\/www.deberes.net\/tesis\/wp-json\/wp\/v2\/tags?post=107753"}],"curies":[{"name":"wp","href":"https:\/\/api.w.org\/{rel}","templated":true}]}}