{"id":107754,"date":"2011-04-04T00:00:00","date_gmt":"2011-04-04T00:00:00","guid":{"rendered":"https:\/\/www.deberes.net\/tesis\/sin-categoria\/pedro-perez-diaz-su-aportacion-a-la-genesis-y-regulacion-de-los-cabildos-insulares\/"},"modified":"2011-04-04T00:00:00","modified_gmt":"2011-04-04T00:00:00","slug":"pedro-perez-diaz-su-aportacion-a-la-genesis-y-regulacion-de-los-cabildos-insulares","status":"publish","type":"post","link":"https:\/\/www.deberes.net\/tesis\/administracion-publica\/pedro-perez-diaz-su-aportacion-a-la-genesis-y-regulacion-de-los-cabildos-insulares\/","title":{"rendered":"Pedro p\u00e9rez d\u00edaz. su aportaci\u00f3n a la g\u00e9nesis y regulaci\u00f3n de los cabildos insulares"},"content":{"rendered":"<h2>Tesis doctoral de <strong> Juan  Jos\u00e9 Rodr\u00edguez Rodr\u00edguez <\/strong><\/h2>\n<p>La presente tesis efectua un estudio pormenorizado de la contribuci\u00f3n del letrado del consejo de estado pedro p\u00e9rez d\u00edaz, nacido en villa de mazo (la palma), en la resurrecci\u00f3n de los cabildos insulares en 1912, confront\u00e1ndola en buena medida con las aportaciones debidas a otros prohombres de la \u00e9poca que intervinieron tambi\u00e9n de forma significativa en la recreaci\u00f3n de estos organismos insulares, tan arraigados en canarias pese a que su presencia en la estructura pol\u00edtico-administrativa del archipi\u00e9lago no ha cumplido el siglo (vel\u00e1zquez cabrera, dom\u00ednguez alfonso, p\u00e9rez armas, ossuna van-de-heede, sol y ortega, poggio \u00e1lvarez, gil-rold\u00e1n, canalejas, morote&#8230;). En este caso, la investigaci\u00f3n no solo abunda en la perspectiva hist\u00f3rica sino tambi\u00e9n en la jur\u00eddica, a\u00fan inexplorada, enfoque en el que se suele obviar la figura del jurista palmero. En consecuencia, el objetivo general del trabajo doctoral es determinar y analizar la aportaci\u00f3n de pedro p\u00e9rez d\u00edaz, en todos los \u00f3rdenes, a la recreaci\u00f3n y primera regulaci\u00f3n de los cabildos insulares, para lo que se produce tambi\u00e9n una importante aproximaci\u00f3n a su vida y pensamiento. La investigaci\u00f3n, en fin, permite demostrar que pedro p\u00e9rez d\u00edaz fue una figura capital tanto en el alumbramiento de los cabildos como en su regulaci\u00f3n inicial, recogida en la ley de 11 de julio de 1912, sobre reorganizaci\u00f3n administrativa y representaci\u00f3n en cortes de las islas canarias, y en el reglamento provisional aprobado por decreto de 12 de octubre del mismo a\u00f1o.               la primera parte (cap\u00edtulos i y ii) contextualiza el objeto de la tesis. El cap\u00edtulo i se ocupa de la vida y personalidad de pedro p\u00e9rez d\u00edaz. En primer lugar, su trayectoria personal y profesional desde su nacimiento en la villa de mazo (la palma) en 1865 hasta su muerte en Madrid en 1930. Detalles de su vida personal (familia, matrimonio e hijos, amigos) y profesional que incluye el consejo de estado (donde fue letrado oficial mayor, e incluso consejero interino en las postrimer\u00edas de su vida), la academia de jurisprudencia y legislaci\u00f3n, la instituci\u00f3n castro o el ateneo de Madrid, entre otras entidades de relevancia del Madrid de la \u00e9poca que frecuent\u00f3 por razones profesionales o por mero inter\u00e9s intelectual. En un segundo ep\u00edgrafe, se efect\u00faa un an\u00e1lisis somero de toda su obra y de su pensamiento, muy influenciados por las doctrinas krausistas o krausoinstitucionistas, de las que bebi\u00f3 sin mesura de sus mentores giner, azc\u00e1rate y salmer\u00f3n, y en las que destac\u00f3 su inter\u00e9s por divulgar el ideario socialista, al amparo de una honda preocupaci\u00f3n por la cuesti\u00f3n social y una indudable veneraci\u00f3n por el fil\u00f3sofo alem\u00e1n karl marx. En \u00faltima instancia, se examinan sus constantes intentos, siempre frustrados, por participar formalmente en la actividad pol\u00edtica como representante del republicanismo palmero en el congreso de los diputados, por obra y gracia de un sistema (el de la restauraci\u00f3n) pervertido por el caciquismo y el pacto entre los partidos afectos al mismo. el cap\u00edtulo ii recoge el contexto hist\u00f3rico-jur\u00eddico-sociol\u00f3gico en el que se recrean los cabildos insulares en 1912, que obligatoriamente nos retrotraer\u00e1 al r\u00e9gimen organizativo instaurado tras la conquista, con los antiguos cabildos-municipios como pilares basilares (primer apartado), y nos llevar\u00e1 sin soluci\u00f3n de continuidad hasta el secular pleito insular (el problema canario in extenso), que se desarroll\u00f3 con gran virulencia a lo largo del siglo xix y que contribuir\u00e1 en buena medida al nacimiento de los modernos cabildos (segundo apartado). Ambos ep\u00edgrafes son esencialmente de construcci\u00f3n bibliogr\u00e1fica y s\u00f3lo pretenden una aproximaci\u00f3n contextualizadora grosso modo que contribuya a explicar los fen\u00f3menos que luego analizamos.            la segunda parte (incluye los cap\u00edtulos iii, iv, v y vi) conforma la secci\u00f3n nuclear de la tesis. Para ello se analizan, junto a la g\u00e9nesis, elaboraci\u00f3n y tramitaci\u00f3n de la ley (cap\u00edtulos iii y iv), el aporte te\u00f3rico inicial de p\u00e9rez d\u00edaz (cap\u00edtulo iii), su participaci\u00f3n en la elaboraci\u00f3n y tramitaci\u00f3n, pese a no ser diputado (cap\u00edtulo iv) y cu\u00e1nto de su posici\u00f3n doctrinal explicitada en el problema canario (1910) y reiterada en numerosos ensayos period\u00edsticos, se recogi\u00f3 finalmente en la ley y en el reglamento regulador de los nuevos cabildos insulares (cap\u00edtulo v), y en su evoluci\u00f3n posterior hasta la constituci\u00f3n de 1978 (cap\u00edtulo vi), donde arranca el r\u00e9gimen actual de la instituci\u00f3n.            al tiempo, se desentra\u00f1a la ley y el reglamento en todo lo concerniente a los cabildos y a las propuestas de p\u00e9rez d\u00edaz (cap\u00edtulo v). Asimismo, se analizan, aunque m\u00e1s someramente, la aportaci\u00f3n de otras figuras de la \u00e9poca que tambi\u00e9n coadyuvaron a la recreaci\u00f3n de los cabildos insulares, como las de ram\u00f3n gil rold\u00e1n, manuel vel\u00e1zquez cabrera o benito p\u00e9rez armas (adem\u00e1s de manuel de ossuna, sol y ortega o el palmero poggio, entre otros), as\u00ed como de las asambleas celebradas en tenerife, gran canaria y la palma entre 1908 y 1911, con el objeto de valorar tambi\u00e9n comparativamente la contribuci\u00f3n del mayor de los p\u00e9rez d\u00edaz. Las contribuciones se incluyen a lo largo de todos los cap\u00edtulos sintetizadas, \u00edtem m\u00e1s, en un ep\u00edgrafe propio, en el que se relacionan todas en el estadio correspondiente. El desarrollo, los elementos posteriores de los cabildos son objeto del cap\u00edtulo vi, que, como consecuencia directa de la ley de 1912, s\u00f3lo se tratan hasta la constituci\u00f3n de 1978. Sobre el r\u00e9gimen vigente (fuera del objeto de estudio),, no obstante, se ofrece un cat\u00e1logo de referencias bibliogr\u00e1ficas (cap\u00edtulo vii.2).          una vez culminada la labor investigadora, se infieren una serie de conclusiones, ordenadas num\u00e9ricamente, donde se vierten los principales resultados de la misma, de acuerdo con los objetivos planteados, aunque sin pretensiones de exhaustividad ni de reproducir de forma resumida el contenido del trabajo.           se adjuntan varios documentos, como adenda, que complementan la informaci\u00f3n contenida en este trabajo, en su mayor parte reproducciones de sus ensayos period\u00edsticos, que albergan sus consideraciones autonomistas y descentralizadoras, y, entre ellos, el folleto que recoge gran parte de las tesis cabildicias de p\u00e9rez d\u00edaz, el problema canario (pese a que se ha reeditado en dos ocasiones), publicado por primera vez en santa cruz de la palma en 1910.<\/p>\n<p>&nbsp;<\/p>\n<h3>Datos acad\u00e9micos de la tesis doctoral \u00ab<strong>Pedro p\u00e9rez d\u00edaz. su aportaci\u00f3n a la g\u00e9nesis y regulaci\u00f3n de los cabildos insulares<\/strong>\u00ab<\/h3>\n<ul>\n<li><strong>T\u00edtulo de la tesis:<\/strong>\u00a0 Pedro p\u00e9rez d\u00edaz. su aportaci\u00f3n a la g\u00e9nesis y regulaci\u00f3n de los cabildos insulares <\/li>\n<li><strong>Autor:<\/strong>\u00a0 Juan  Jos\u00e9 Rodr\u00edguez Rodr\u00edguez <\/li>\n<li><strong>Universidad:<\/strong>\u00a0 La laguna<\/li>\n<li><strong>Fecha de lectura de la tesis:<\/strong>\u00a0 04\/04\/2011<\/li>\n<\/ul>\n<p>&nbsp;<\/p>\n<h3>Direcci\u00f3n y tribunal<\/h3>\n<ul>\n<li><strong>Director de la tesis<\/strong>\n<ul>\n<li>Jos\u00e9 Adrian Garcia Rojas<\/li>\n<\/ul>\n<\/li>\n<li><strong>Tribunal<\/strong>\n<ul>\n<li>Presidente del tribunal: enrique Alvarez conde <\/li>\n<li>Santiago Gonz\u00e1lez-varas ib\u00e1\u00f1ez (vocal)<\/li>\n<li>Juan Hernandez bravo de laguna (vocal)<\/li>\n<li>Jos\u00e9 Luis Rivero ceballos (vocal)<\/li>\n<\/ul>\n<\/li>\n<\/ul>\n<p>&nbsp;<\/p>\n","protected":false},"excerpt":{"rendered":"<p>Tesis doctoral de Juan Jos\u00e9 Rodr\u00edguez Rodr\u00edguez La presente tesis efectua un estudio pormenorizado de la contribuci\u00f3n del letrado del [&hellip;]<\/p>\n","protected":false},"author":1,"featured_media":0,"comment_status":"open","ping_status":"open","sticky":false,"template":"","format":"standard","meta":{"site-sidebar-layout":"default","site-content-layout":"","ast-site-content-layout":"","site-content-style":"default","site-sidebar-style":"default","ast-global-header-display":"","ast-banner-title-visibility":"","ast-main-header-display":"","ast-hfb-above-header-display":"","ast-hfb-below-header-display":"","ast-hfb-mobile-header-display":"","site-post-title":"","ast-breadcrumbs-content":"","ast-featured-img":"","footer-sml-layout":"","theme-transparent-header-meta":"","adv-header-id-meta":"","stick-header-meta":"","header-above-stick-meta":"","header-main-stick-meta":"","header-below-stick-meta":"","astra-migrate-meta-layouts":"default","ast-page-background-enabled":"default","ast-page-background-meta":{"desktop":{"background-color":"var(--ast-global-color-4)","background-image":"","background-repeat":"repeat","background-position":"center center","background-size":"auto","background-attachment":"scroll","background-type":"","background-media":"","overlay-type":"","overlay-color":"","overlay-gradient":""},"tablet":{"background-color":"","background-image":"","background-repeat":"repeat","background-position":"center center","background-size":"auto","background-attachment":"scroll","background-type":"","background-media":"","overlay-type":"","overlay-color":"","overlay-gradient":""},"mobile":{"background-color":"","background-image":"","background-repeat":"repeat","background-position":"center center","background-size":"auto","background-attachment":"scroll","background-type":"","background-media":"","overlay-type":"","overlay-color":"","overlay-gradient":""}},"ast-content-background-meta":{"desktop":{"background-color":"var(--ast-global-color-5)","background-image":"","background-repeat":"repeat","background-position":"center center","background-size":"auto","background-attachment":"scroll","background-type":"","background-media":"","overlay-type":"","overlay-color":"","overlay-gradient":""},"tablet":{"background-color":"var(--ast-global-color-5)","background-image":"","background-repeat":"repeat","background-position":"center center","background-size":"auto","background-attachment":"scroll","background-type":"","background-media":"","overlay-type":"","overlay-color":"","overlay-gradient":""},"mobile":{"background-color":"var(--ast-global-color-5)","background-image":"","background-repeat":"repeat","background-position":"center center","background-size":"auto","background-attachment":"scroll","background-type":"","background-media":"","overlay-type":"","overlay-color":"","overlay-gradient":""}},"footnotes":""},"categories":[856,1442,6324,9915],"tags":[7163,67669,192142,150381,216292,62569],"class_list":["post-107754","post","type-post","status-publish","format-standard","hentry","category-administracion-publica","category-derecho-administrativo","category-instituciones-regionales","category-la-laguna","tag-enrique-alvarez-conde","tag-jose-adrian-garcia-rojas","tag-jose-luis-rivero-ceballos","tag-juan-hernandez-bravo-de-laguna","tag-juan-jose-rodriguez-rodriguez","tag-santiago-gonzalez-varas-ibanez"],"_links":{"self":[{"href":"https:\/\/www.deberes.net\/tesis\/wp-json\/wp\/v2\/posts\/107754","targetHints":{"allow":["GET"]}}],"collection":[{"href":"https:\/\/www.deberes.net\/tesis\/wp-json\/wp\/v2\/posts"}],"about":[{"href":"https:\/\/www.deberes.net\/tesis\/wp-json\/wp\/v2\/types\/post"}],"author":[{"embeddable":true,"href":"https:\/\/www.deberes.net\/tesis\/wp-json\/wp\/v2\/users\/1"}],"replies":[{"embeddable":true,"href":"https:\/\/www.deberes.net\/tesis\/wp-json\/wp\/v2\/comments?post=107754"}],"version-history":[{"count":0,"href":"https:\/\/www.deberes.net\/tesis\/wp-json\/wp\/v2\/posts\/107754\/revisions"}],"wp:attachment":[{"href":"https:\/\/www.deberes.net\/tesis\/wp-json\/wp\/v2\/media?parent=107754"}],"wp:term":[{"taxonomy":"category","embeddable":true,"href":"https:\/\/www.deberes.net\/tesis\/wp-json\/wp\/v2\/categories?post=107754"},{"taxonomy":"post_tag","embeddable":true,"href":"https:\/\/www.deberes.net\/tesis\/wp-json\/wp\/v2\/tags?post=107754"}],"curies":[{"name":"wp","href":"https:\/\/api.w.org\/{rel}","templated":true}]}}