{"id":107804,"date":"2011-06-04T00:00:00","date_gmt":"2011-06-04T00:00:00","guid":{"rendered":"https:\/\/www.deberes.net\/tesis\/sin-categoria\/cultura-i-identitat-nacional-a-la-catalunya-autonoma-1980-1995\/"},"modified":"2011-06-04T00:00:00","modified_gmt":"2011-06-04T00:00:00","slug":"cultura-i-identitat-nacional-a-la-catalunya-autonoma-1980-1995","status":"publish","type":"post","link":"https:\/\/www.deberes.net\/tesis\/barcelona\/cultura-i-identitat-nacional-a-la-catalunya-autonoma-1980-1995\/","title":{"rendered":"Cultura i identitat nacional a la catalunya aut\u00f3noma (1980-1995)"},"content":{"rendered":"<h2>Tesis doctoral de <strong> Francisco Javier Filella Pla <\/strong><\/h2>\n<p>El objetivo de esta tesis ha sido valorar la evoluci\u00f3n del debate sobre cultura e identidad en la catalu\u00f1a aut\u00f3noma en el per\u00edodo de quince a\u00f1os que se inicia en 1980, cuan se celebran las primeras elecciones auton\u00f3micas tras el franquismo, y finaliza en 1995, cuando la coalici\u00f3n ciu pierde la mayor\u00eda absoluta de que hab\u00eda dispuesto en el parlamento de catalu\u00f1a desde 1984. El despliegue de la identidad catalana iniciada a partir de 1980 por los gobiernos de ciu coincidi\u00f3, pues, con el debate sobre la identidad que en todo el mundo occidental se enmarc\u00f3 dentro de la pol\u00e9mica sobre el fin de la modernidad. Tras una etapa entre 1980 y 1985 caracterizada por un profundo debate, en 1986 se inicio una nueva etapa en que, a la estrategia posibilista del pujolismo, se sumaban nuevas alternativas, que van desde el federalismo socialista hasta el nuevo sobiranismo. Las distintas propuestas de modelo ling\u00ed\u00bc\u00edstico, la ambig\u00ed\u00bcedad en la definici\u00f3n de la cultura catalana y el encaje entre catalu\u00f1a y espa\u00f1a son algunas de las cuestiones tratadas a lo largo del estudio. Las fuentes documentales utilizadas abarcan desde los ensayos sobre la cuesti\u00f3n publicados en el curso de los quince a\u00f1os estudiados hasta una amplia hemerograf\u00eda que incluye los diarios y revistas de mayor divulgaci\u00f3n o las jornadas de debate realizadas en el per\u00edodo estudiado.<\/p>\n<p>&nbsp;<\/p>\n<h3>Datos acad\u00e9micos de la tesis doctoral \u00ab<strong>Cultura i identitat nacional a la catalunya aut\u00f3noma (1980-1995)<\/strong>\u00ab<\/h3>\n<ul>\n<li><strong>T\u00edtulo de la tesis:<\/strong>\u00a0 Cultura i identitat nacional a la catalunya aut\u00f3noma (1980-1995) <\/li>\n<li><strong>Autor:<\/strong>\u00a0 Francisco Javier Filella Pla <\/li>\n<li><strong>Universidad:<\/strong>\u00a0 Barcelona<\/li>\n<li><strong>Fecha de lectura de la tesis:<\/strong>\u00a0 06\/04\/2011<\/li>\n<\/ul>\n<p>&nbsp;<\/p>\n<h3>Direcci\u00f3n y tribunal<\/h3>\n<ul>\n<li><strong>Director de la tesis<\/strong>\n<ul>\n<li>Carles Santacana Torres<\/li>\n<\/ul>\n<\/li>\n<li><strong>Tribunal<\/strong>\n<ul>\n<li>Presidente del tribunal: jordi Casassas ymbert <\/li>\n<li>jordi Sales coderch (vocal)<\/li>\n<li>  (vocal)<\/li>\n<li>  (vocal)<\/li>\n<\/ul>\n<\/li>\n<\/ul>\n<p>&nbsp;<\/p>\n","protected":false},"excerpt":{"rendered":"<p>Tesis doctoral de Francisco Javier Filella Pla El objetivo de esta tesis ha sido valorar la evoluci\u00f3n del debate sobre [&hellip;]<\/p>\n","protected":false},"author":1,"featured_media":0,"comment_status":"open","ping_status":"open","sticky":false,"template":"","format":"standard","meta":{"site-sidebar-layout":"default","site-content-layout":"","ast-site-content-layout":"","site-content-style":"default","site-sidebar-style":"default","ast-global-header-display":"","ast-banner-title-visibility":"","ast-main-header-display":"","ast-hfb-above-header-display":"","ast-hfb-below-header-display":"","ast-hfb-mobile-header-display":"","site-post-title":"","ast-breadcrumbs-content":"","ast-featured-img":"","footer-sml-layout":"","theme-transparent-header-meta":"","adv-header-id-meta":"","stick-header-meta":"","header-above-stick-meta":"","header-main-stick-meta":"","header-below-stick-meta":"","astra-migrate-meta-layouts":"default","ast-page-background-enabled":"default","ast-page-background-meta":{"desktop":{"background-color":"var(--ast-global-color-4)","background-image":"","background-repeat":"repeat","background-position":"center center","background-size":"auto","background-attachment":"scroll","background-type":"","background-media":"","overlay-type":"","overlay-color":"","overlay-gradient":""},"tablet":{"background-color":"","background-image":"","background-repeat":"repeat","background-position":"center center","background-size":"auto","background-attachment":"scroll","background-type":"","background-media":"","overlay-type":"","overlay-color":"","overlay-gradient":""},"mobile":{"background-color":"","background-image":"","background-repeat":"repeat","background-position":"center center","background-size":"auto","background-attachment":"scroll","background-type":"","background-media":"","overlay-type":"","overlay-color":"","overlay-gradient":""}},"ast-content-background-meta":{"desktop":{"background-color":"var(--ast-global-color-5)","background-image":"","background-repeat":"repeat","background-position":"center center","background-size":"auto","background-attachment":"scroll","background-type":"","background-media":"","overlay-type":"","overlay-color":"","overlay-gradient":""},"tablet":{"background-color":"var(--ast-global-color-5)","background-image":"","background-repeat":"repeat","background-position":"center center","background-size":"auto","background-attachment":"scroll","background-type":"","background-media":"","overlay-type":"","overlay-color":"","overlay-gradient":""},"mobile":{"background-color":"var(--ast-global-color-5)","background-image":"","background-repeat":"repeat","background-position":"center center","background-size":"auto","background-attachment":"scroll","background-type":"","background-media":"","overlay-type":"","overlay-color":"","overlay-gradient":""}},"footnotes":""},"categories":[951,1816,3538],"tags":[118150,216362,19127,32949],"class_list":["post-107804","post","type-post","status-publish","format-standard","hentry","category-barcelona","category-historia-contemporanea","category-historia-de-las-ideas-politicas","tag-carles-santacana-torres","tag-francisco-javier-filella-pla","tag-jordi-casassas-ymbert","tag-jordi-sales-coderch"],"_links":{"self":[{"href":"https:\/\/www.deberes.net\/tesis\/wp-json\/wp\/v2\/posts\/107804","targetHints":{"allow":["GET"]}}],"collection":[{"href":"https:\/\/www.deberes.net\/tesis\/wp-json\/wp\/v2\/posts"}],"about":[{"href":"https:\/\/www.deberes.net\/tesis\/wp-json\/wp\/v2\/types\/post"}],"author":[{"embeddable":true,"href":"https:\/\/www.deberes.net\/tesis\/wp-json\/wp\/v2\/users\/1"}],"replies":[{"embeddable":true,"href":"https:\/\/www.deberes.net\/tesis\/wp-json\/wp\/v2\/comments?post=107804"}],"version-history":[{"count":0,"href":"https:\/\/www.deberes.net\/tesis\/wp-json\/wp\/v2\/posts\/107804\/revisions"}],"wp:attachment":[{"href":"https:\/\/www.deberes.net\/tesis\/wp-json\/wp\/v2\/media?parent=107804"}],"wp:term":[{"taxonomy":"category","embeddable":true,"href":"https:\/\/www.deberes.net\/tesis\/wp-json\/wp\/v2\/categories?post=107804"},{"taxonomy":"post_tag","embeddable":true,"href":"https:\/\/www.deberes.net\/tesis\/wp-json\/wp\/v2\/tags?post=107804"}],"curies":[{"name":"wp","href":"https:\/\/api.w.org\/{rel}","templated":true}]}}