{"id":107886,"date":"2011-08-04T00:00:00","date_gmt":"2011-08-04T00:00:00","guid":{"rendered":"https:\/\/www.deberes.net\/tesis\/sin-categoria\/hacia-el-desarrollo-sostenible-la%c2%adquidos-ionicos-como-catalizadores-para-la-transposicion-de-beckmann-y-reacciones-de-formacion-de-enlaces-c-c\/"},"modified":"2011-08-04T00:00:00","modified_gmt":"2011-08-04T00:00:00","slug":"hacia-el-desarrollo-sostenible-la%c2%adquidos-ionicos-como-catalizadores-para-la-transposicion-de-beckmann-y-reacciones-de-formacion-de-enlaces-c-c","status":"publish","type":"post","link":"https:\/\/www.deberes.net\/tesis\/quimica-organica\/hacia-el-desarrollo-sostenible-la%c2%adquidos-ionicos-como-catalizadores-para-la-transposicion-de-beckmann-y-reacciones-de-formacion-de-enlaces-c-c\/","title":{"rendered":"Hacia el desarrollo sostenible: l\u00edquidos i\u00f3nicos como catalizadores para la transposici\u00f3n de beckmann y reacciones de formaci\u00f3n de enlaces c-c"},"content":{"rendered":"<h2>Tesis doctoral de <strong> Raquel Mont\u00f3n Molina <\/strong><\/h2>\n<p>La degradaci\u00f3n ambiental se ha convertido en un importante problema al que deben enfrentarse la ciencia y la tecnolog\u00eda. Los temas tratados en este trabajo, pretenden aunar, con la introducci\u00f3n de los l\u00edquidos i\u00f3nicos en distintos procesos, la preocupaci\u00f3n por el medio ambiente y las inquietudes constantes del progreso. \tes por esto que lo largo de esta tesis se han desarrollado nuevos sistemas catal\u00edticos basados en l\u00edquidos i\u00f3nicos, que seguidamente se han aplicado a procesos qu\u00edmicos de inter\u00e9s:  &#8211;\tse ha realizado un estudio de la transposici\u00f3n de beckmann de oximas c\u00edclicas para la obtenci\u00f3n de los mon\u00f3meros que posteriormente conformar\u00e1n las fibras de nailon, empleando para ello l\u00edquidos i\u00f3nicos como catalizadores y medios de reacci\u00f3n y estudiando mediante t\u00e9cnicas de resonancia magn\u00e9tica nuclear, el mecanismo que se lleva a cabo en este proceso.  &#8211;\tpor otra parte se ha preparado y caracterizado completamente un material h\u00edbrido org\u00e1nico-inorg\u00e1nico-metal, mediante el intercambio parcial de los protones de un polioxometalato con la unidad cati\u00f3nica de un l\u00edquido i\u00f3nico y pd2+. Este material, como catalizador heterogeneo permite llevar a cabo la reacci\u00f3n de heck de acoplamiento c-c.  &#8211;\tfinalmente se han desarrollado organocatalizadores con caracter\u00edsticas de l\u00edquido i\u00f3nico, que poseen tambi\u00e9n bifuncionalidad \u00e1cido-base, con capacidad para emular la actividad de determinados sistemas enzim\u00e1ticos. Estos nuevos catalizadores se han aplicado en reacciones de formaci\u00f3n de enlaces c-c como knoevenagel, claisen-schmidt, adici\u00f3n de michael y reacci\u00f3n de henry.<\/p>\n<p>&nbsp;<\/p>\n<h3>Datos acad\u00e9micos de la tesis doctoral \u00ab<strong>Hacia el desarrollo sostenible: l\u00edquidos i\u00f3nicos como catalizadores para la transposici\u00f3n de beckmann y reacciones de formaci\u00f3n de enlaces c-c<\/strong>\u00ab<\/h3>\n<ul>\n<li><strong>T\u00edtulo de la tesis:<\/strong>\u00a0 Hacia el desarrollo sostenible: l\u00edquidos i\u00f3nicos como catalizadores para la transposici\u00f3n de beckmann y reacciones de formaci\u00f3n de enlaces c-c <\/li>\n<li><strong>Autor:<\/strong>\u00a0 Raquel Mont\u00f3n Molina <\/li>\n<li><strong>Universidad:<\/strong>\u00a0 Polit\u00e9cnica de Valencia<\/li>\n<li><strong>Fecha de lectura de la tesis:<\/strong>\u00a0 08\/04\/2011<\/li>\n<\/ul>\n<p>&nbsp;<\/p>\n<h3>Direcci\u00f3n y tribunal<\/h3>\n<ul>\n<li><strong>Director de la tesis<\/strong>\n<ul>\n<li>Sara Iborra Chornet<\/li>\n<\/ul>\n<\/li>\n<li><strong>Tribunal<\/strong>\n<ul>\n<li>Presidente del tribunal: Jaime Primo millo <\/li>\n<li>pablo joaqu\u00edn Miguel dolz (vocal)<\/li>\n<li>Francisco Estevan estevan (vocal)<\/li>\n<li>rosa M\u00aa Llusar barelles (vocal)<\/li>\n<\/ul>\n<\/li>\n<\/ul>\n<p>&nbsp;<\/p>\n","protected":false},"excerpt":{"rendered":"<p>Tesis doctoral de Raquel Mont\u00f3n Molina La degradaci\u00f3n ambiental se ha convertido en un importante problema al que deben enfrentarse [&hellip;]<\/p>\n","protected":false},"author":1,"featured_media":0,"comment_status":"open","ping_status":"open","sticky":false,"template":"","format":"standard","meta":{"site-sidebar-layout":"default","site-content-layout":"","ast-site-content-layout":"","site-content-style":"default","site-sidebar-style":"default","ast-global-header-display":"","ast-banner-title-visibility":"","ast-main-header-display":"","ast-hfb-above-header-display":"","ast-hfb-below-header-display":"","ast-hfb-mobile-header-display":"","site-post-title":"","ast-breadcrumbs-content":"","ast-featured-img":"","footer-sml-layout":"","theme-transparent-header-meta":"","adv-header-id-meta":"","stick-header-meta":"","header-above-stick-meta":"","header-main-stick-meta":"","header-below-stick-meta":"","astra-migrate-meta-layouts":"default","ast-page-background-enabled":"default","ast-page-background-meta":{"desktop":{"background-color":"var(--ast-global-color-4)","background-image":"","background-repeat":"repeat","background-position":"center center","background-size":"auto","background-attachment":"scroll","background-type":"","background-media":"","overlay-type":"","overlay-color":"","overlay-gradient":""},"tablet":{"background-color":"","background-image":"","background-repeat":"repeat","background-position":"center center","background-size":"auto","background-attachment":"scroll","background-type":"","background-media":"","overlay-type":"","overlay-color":"","overlay-gradient":""},"mobile":{"background-color":"","background-image":"","background-repeat":"repeat","background-position":"center center","background-size":"auto","background-attachment":"scroll","background-type":"","background-media":"","overlay-type":"","overlay-color":"","overlay-gradient":""}},"ast-content-background-meta":{"desktop":{"background-color":"var(--ast-global-color-5)","background-image":"","background-repeat":"repeat","background-position":"center center","background-size":"auto","background-attachment":"scroll","background-type":"","background-media":"","overlay-type":"","overlay-color":"","overlay-gradient":""},"tablet":{"background-color":"var(--ast-global-color-5)","background-image":"","background-repeat":"repeat","background-position":"center center","background-size":"auto","background-attachment":"scroll","background-type":"","background-media":"","overlay-type":"","overlay-color":"","overlay-gradient":""},"mobile":{"background-color":"var(--ast-global-color-5)","background-image":"","background-repeat":"repeat","background-position":"center center","background-size":"auto","background-attachment":"scroll","background-type":"","background-media":"","overlay-type":"","overlay-color":"","overlay-gradient":""}},"footnotes":""},"categories":[2746,16820,457,416,130949],"tags":[216497,6779,198766,216496,52560,26810],"class_list":["post-107886","post","type-post","status-publish","format-standard","hentry","category-catalisis","category-politecnica-de-valencia","category-quimica-farmaceutica","category-quimica-organica","category-sales-fundidas","tag-francisco-estevan-estevan","tag-jaime-primo-millo","tag-pablo-joaquin-miguel-dolz","tag-raquel-monton-molina","tag-rosa-ma-llusar-barelles","tag-sara-iborra-chornet"],"_links":{"self":[{"href":"https:\/\/www.deberes.net\/tesis\/wp-json\/wp\/v2\/posts\/107886","targetHints":{"allow":["GET"]}}],"collection":[{"href":"https:\/\/www.deberes.net\/tesis\/wp-json\/wp\/v2\/posts"}],"about":[{"href":"https:\/\/www.deberes.net\/tesis\/wp-json\/wp\/v2\/types\/post"}],"author":[{"embeddable":true,"href":"https:\/\/www.deberes.net\/tesis\/wp-json\/wp\/v2\/users\/1"}],"replies":[{"embeddable":true,"href":"https:\/\/www.deberes.net\/tesis\/wp-json\/wp\/v2\/comments?post=107886"}],"version-history":[{"count":0,"href":"https:\/\/www.deberes.net\/tesis\/wp-json\/wp\/v2\/posts\/107886\/revisions"}],"wp:attachment":[{"href":"https:\/\/www.deberes.net\/tesis\/wp-json\/wp\/v2\/media?parent=107886"}],"wp:term":[{"taxonomy":"category","embeddable":true,"href":"https:\/\/www.deberes.net\/tesis\/wp-json\/wp\/v2\/categories?post=107886"},{"taxonomy":"post_tag","embeddable":true,"href":"https:\/\/www.deberes.net\/tesis\/wp-json\/wp\/v2\/tags?post=107886"}],"curies":[{"name":"wp","href":"https:\/\/api.w.org\/{rel}","templated":true}]}}