{"id":107900,"date":"2011-08-04T00:00:00","date_gmt":"2011-08-04T00:00:00","guid":{"rendered":"https:\/\/www.deberes.net\/tesis\/sin-categoria\/analisis-de-las-acciones-tecnico-tacticas-del-boxeo-de-rendimiento\/"},"modified":"2011-08-04T00:00:00","modified_gmt":"2011-08-04T00:00:00","slug":"analisis-de-las-acciones-tecnico-tacticas-del-boxeo-de-rendimiento","status":"publish","type":"post","link":"https:\/\/www.deberes.net\/tesis\/grupos-sociales\/analisis-de-las-acciones-tecnico-tacticas-del-boxeo-de-rendimiento\/","title":{"rendered":"An\u00e1lisis de las acciones t\u00e9cnico-t\u00e1cticas del boxeo de rendimiento"},"content":{"rendered":"<h2>Tesis doctoral de <strong> Maykel Balmaseda Alburquerque <\/strong><\/h2>\n<p>En la presente investigaci\u00f3n se ha realizado la aproximaci\u00f3n al boxeo distinguiendo diversos aspectos relevantes de la situaci\u00f3n pr\u00e1xica. A partir del marco te\u00f3rico propuesto por parlebas (2001) hemos abordado la descripci\u00f3n de las acciones en el boxeo de rendimiento. como primera fase hemos llevado a cabo una aproximaci\u00f3n retrospectiva sobre la evoluci\u00f3n que ha tenido las investigaciones en el boxeo, para ello se ha realizado una revisi\u00f3n de la literatura espec\u00edfica referente a los diferentes estudios m\u00e1s representativos y que describan las acciones t\u00e9cnico-t\u00e1cticas en el boxeo, con lo cual hemos consolidado las bases de nuestra investigaci\u00f3n. una vez acotado el problema de estudio hemos establecido los objetivos (tanto general como espec\u00edficos), las hip\u00f3tesis, el dise\u00f1o empleado en la investigaci\u00f3n y los tipos de an\u00e1lisis empleados.  para llevar a cabo la investigaci\u00f3n se ha realizado dos estudios, primero observacional y despu\u00e9s cualitativo. Respecto al primero, hemos confeccionado la herramienta observacional que  combina formatos de campo y sistemas de categor\u00edas ofreciendo un mejor nivel de concreci\u00f3n en los aspectos que est\u00e1n m\u00e1s relacionados con la observaci\u00f3n del desarrollo de las acciones t\u00e9cnico-t\u00e1cticas del boxeo de rendimiento. Para determinar la calidad del dato se han utilizado los \u00edndices de acuerdo y de asociaci\u00f3n, a los que han ido incorporando nuevos an\u00e1lisis m\u00e1s exigentes al tiempo que precisos como los empleados habitualmente para expresar la variabilidad a trav\u00e9s de los an\u00e1lisis de la varianza y de generalizabilidad. Finalmente se han realizado los an\u00e1lisis de componentes de varianza y generalizabilidad aplicados al modelo configurado por las facetas definidas para caracterizar el accionar en el boxeo. Igualmente se recoge an\u00e1lisis secuencial que ha posibilitado la descripci\u00f3n de las transiciones y patrones conductuales obtenidos en el an\u00e1lisis de las conductas estrat\u00e9gicas, el uso del espacio, las distancias de combates, los tipos y modos de acci\u00f3n tanto ofensiva como defensiva.  tras la configuraci\u00f3n de la herramienta taxon\u00f3mica y la obtenci\u00f3n de los resultados se ha desarrollado una fase de grupos de discusi\u00f3n con expertos. A partir de las opiniones de los expertos hemos podido contrastar el grado de validez de la propuesta realizada y los aspectos que se consideran relevantes dentro del conjunto de acciones t\u00e9cnico-t\u00e1cticas en el boxeo que se les present\u00f3. una vez terminados los dos estudios anteriormente referidos, se ha llevado a cabo una discusi\u00f3n, mediante la triangulaci\u00f3n de los resultados obtenidos del estudio 1, el estudio 2 y el cap\u00edtulo de las investigaciones precedentes. Posteriormente se determinaron las conclusiones finales de nuestra investigaci\u00f3n, haciendo las inferencias pertinentes tanto de sus limitaciones, as\u00ed como de sus posibles propuestas de futuro.<\/p>\n<p>&nbsp;<\/p>\n<h3>Datos acad\u00e9micos de la tesis doctoral \u00ab<strong>An\u00e1lisis de las acciones t\u00e9cnico-t\u00e1cticas del boxeo de rendimiento<\/strong>\u00ab<\/h3>\n<ul>\n<li><strong>T\u00edtulo de la tesis:<\/strong>\u00a0 An\u00e1lisis de las acciones t\u00e9cnico-t\u00e1cticas del boxeo de rendimiento <\/li>\n<li><strong>Autor:<\/strong>\u00a0 Maykel Balmaseda Alburquerque <\/li>\n<li><strong>Universidad:<\/strong>\u00a0 Pa\u00eds vasco\/euskal herriko unibertsitatea<\/li>\n<li><strong>Fecha de lectura de la tesis:<\/strong>\u00a0 08\/04\/2011<\/li>\n<\/ul>\n<p>&nbsp;<\/p>\n<h3>Direcci\u00f3n y tribunal<\/h3>\n<ul>\n<li><strong>Director de la tesis<\/strong>\n<ul>\n<li>Oidui Usabiaga Arruabarrena<\/li>\n<\/ul>\n<\/li>\n<li><strong>Tribunal<\/strong>\n<ul>\n<li>Presidente del tribunal: Mar\u00eda teresa Anguera argilaga <\/li>\n<li>oscar Garay plaza (vocal)<\/li>\n<li>daniel Martos garcia (vocal)<\/li>\n<li>julen Idarreta galarraga (vocal)<\/li>\n<\/ul>\n<\/li>\n<\/ul>\n<p>&nbsp;<\/p>\n","protected":false},"excerpt":{"rendered":"<p>Tesis doctoral de Maykel Balmaseda Alburquerque En la presente investigaci\u00f3n se ha realizado la aproximaci\u00f3n al boxeo distinguiendo diversos aspectos [&hellip;]<\/p>\n","protected":false},"author":1,"featured_media":0,"comment_status":"open","ping_status":"open","sticky":false,"template":"","format":"standard","meta":{"site-sidebar-layout":"default","site-content-layout":"","ast-site-content-layout":"","site-content-style":"default","site-sidebar-style":"default","ast-global-header-display":"","ast-banner-title-visibility":"","ast-main-header-display":"","ast-hfb-above-header-display":"","ast-hfb-below-header-display":"","ast-hfb-mobile-header-display":"","site-post-title":"","ast-breadcrumbs-content":"","ast-featured-img":"","footer-sml-layout":"","theme-transparent-header-meta":"","adv-header-id-meta":"","stick-header-meta":"","header-above-stick-meta":"","header-main-stick-meta":"","header-below-stick-meta":"","astra-migrate-meta-layouts":"default","ast-page-background-enabled":"default","ast-page-background-meta":{"desktop":{"background-color":"var(--ast-global-color-4)","background-image":"","background-repeat":"repeat","background-position":"center center","background-size":"auto","background-attachment":"scroll","background-type":"","background-media":"","overlay-type":"","overlay-color":"","overlay-gradient":""},"tablet":{"background-color":"","background-image":"","background-repeat":"repeat","background-position":"center center","background-size":"auto","background-attachment":"scroll","background-type":"","background-media":"","overlay-type":"","overlay-color":"","overlay-gradient":""},"mobile":{"background-color":"","background-image":"","background-repeat":"repeat","background-position":"center center","background-size":"auto","background-attachment":"scroll","background-type":"","background-media":"","overlay-type":"","overlay-color":"","overlay-gradient":""}},"ast-content-background-meta":{"desktop":{"background-color":"var(--ast-global-color-5)","background-image":"","background-repeat":"repeat","background-position":"center center","background-size":"auto","background-attachment":"scroll","background-type":"","background-media":"","overlay-type":"","overlay-color":"","overlay-gradient":""},"tablet":{"background-color":"var(--ast-global-color-5)","background-image":"","background-repeat":"repeat","background-position":"center center","background-size":"auto","background-attachment":"scroll","background-type":"","background-media":"","overlay-type":"","overlay-color":"","overlay-gradient":""},"mobile":{"background-color":"var(--ast-global-color-5)","background-image":"","background-repeat":"repeat","background-position":"center center","background-size":"auto","background-attachment":"scroll","background-type":"","background-media":"","overlay-type":"","overlay-color":"","overlay-gradient":""}},"footnotes":""},"categories":[291,12909,996],"tags":[190524,66641,1179,216521,159130,71420],"class_list":["post-107900","post","type-post","status-publish","format-standard","hentry","category-grupos-sociales","category-pais-vasco-euskal-herriko-unibertsitatea","category-psicologia-social","tag-daniel-martos-garcia","tag-julen-idarreta-galarraga","tag-maria-teresa-anguera-argilaga","tag-maykel-balmaseda-alburquerque","tag-oidui-usabiaga-arruabarrena","tag-oscar-garay-plaza"],"_links":{"self":[{"href":"https:\/\/www.deberes.net\/tesis\/wp-json\/wp\/v2\/posts\/107900","targetHints":{"allow":["GET"]}}],"collection":[{"href":"https:\/\/www.deberes.net\/tesis\/wp-json\/wp\/v2\/posts"}],"about":[{"href":"https:\/\/www.deberes.net\/tesis\/wp-json\/wp\/v2\/types\/post"}],"author":[{"embeddable":true,"href":"https:\/\/www.deberes.net\/tesis\/wp-json\/wp\/v2\/users\/1"}],"replies":[{"embeddable":true,"href":"https:\/\/www.deberes.net\/tesis\/wp-json\/wp\/v2\/comments?post=107900"}],"version-history":[{"count":0,"href":"https:\/\/www.deberes.net\/tesis\/wp-json\/wp\/v2\/posts\/107900\/revisions"}],"wp:attachment":[{"href":"https:\/\/www.deberes.net\/tesis\/wp-json\/wp\/v2\/media?parent=107900"}],"wp:term":[{"taxonomy":"category","embeddable":true,"href":"https:\/\/www.deberes.net\/tesis\/wp-json\/wp\/v2\/categories?post=107900"},{"taxonomy":"post_tag","embeddable":true,"href":"https:\/\/www.deberes.net\/tesis\/wp-json\/wp\/v2\/tags?post=107900"}],"curies":[{"name":"wp","href":"https:\/\/api.w.org\/{rel}","templated":true}]}}