{"id":107944,"date":"2011-12-04T00:00:00","date_gmt":"2011-12-04T00:00:00","guid":{"rendered":"https:\/\/www.deberes.net\/tesis\/sin-categoria\/el-reconocimiento-afectivo-en-el-compromiso-etico-de-ludwig-feuerbach\/"},"modified":"2011-12-04T00:00:00","modified_gmt":"2011-12-04T00:00:00","slug":"el-reconocimiento-afectivo-en-el-compromiso-etico-de-ludwig-feuerbach","status":"publish","type":"post","link":"https:\/\/www.deberes.net\/tesis\/filosofia\/el-reconocimiento-afectivo-en-el-compromiso-etico-de-ludwig-feuerbach\/","title":{"rendered":"El reconocimiento afectivo en el compromiso \u00e9tico de ludwig feuerbach"},"content":{"rendered":"<h2>Tesis doctoral de <strong> Joaquin Gil Mart\u00ednez <\/strong><\/h2>\n<p>El objetivo de esta tesis doctoral consiste en analizar y profundizar en los elementos m\u00e1s relevantes de la filosof\u00eda de feuerbach con la intenci\u00f3n \u00faltima de reflexionar sobre el car\u00e1cter espec\u00edfico de su pensamiento y determinar en qu\u00e9 medida su concepci\u00f3n \u00e9tica, antropol\u00f3gicamente fundada, goza a\u00fan hoy en d\u00eda de vigencia y actualidad en lo referente a la dimensi\u00f3n del reconocimiento afectivo presente en su filosof\u00eda.  por tanto, la presente tesis no pretende constituirse en un mero an\u00e1lisis descriptivo del pensamiento de feuerbach, sino que trata de poner en relaci\u00f3n el contenido de su reflexi\u00f3n filos\u00f3fica con algunas de las cuestiones abordadas por la filosof\u00eda actual, en especial en el campo del reconocimiento rec\u00edproco.  por su parte, la hip\u00f3tesis de partida desde la que se desarrolla la tesis radica en la consideraci\u00f3n de que el leitmotiv de la filosof\u00eda de feuerbach lo constituye, por encima de todo, su preocupaci\u00f3n por la existencia humana en sentido pleno, siendo su concepci\u00f3n antropol\u00f3gica y \u00e9tica la que constituye el elemento m\u00e1s relevante de la filosof\u00eda feuerbachiana a la hora de llevar a cabo una aproximaci\u00f3n cr\u00edtica susceptible de determinar en qu\u00e9 medida se encuentra su pensamiento dotado de actualidad.  as\u00ed mismo, a la hora de abordar el an\u00e1lisis cr\u00edtico de la filosof\u00eda de feuerbach se ha optado por prescindir, en la medida de lo posible, de una aproximaci\u00f3n gen\u00e9tica a su pensamiento, siendo priorizado en su lugar el estudio de su obra en relaci\u00f3n al contenido pr\u00e1ctico y emancipatorio que vertebra su pensamiento.<\/p>\n<p>&nbsp;<\/p>\n<h3>Datos acad\u00e9micos de la tesis doctoral \u00ab<strong>El reconocimiento afectivo en el compromiso \u00e9tico de ludwig feuerbach<\/strong>\u00ab<\/h3>\n<ul>\n<li><strong>T\u00edtulo de la tesis:<\/strong>\u00a0 El reconocimiento afectivo en el compromiso \u00e9tico de ludwig feuerbach <\/li>\n<li><strong>Autor:<\/strong>\u00a0 Joaquin Gil Mart\u00ednez <\/li>\n<li><strong>Universidad:<\/strong>\u00a0 Jaume i de castell\u00f3n<\/li>\n<li><strong>Fecha de lectura de la tesis:<\/strong>\u00a0 12\/04\/2011<\/li>\n<\/ul>\n<p>&nbsp;<\/p>\n<h3>Direcci\u00f3n y tribunal<\/h3>\n<ul>\n<li><strong>Director de la tesis<\/strong>\n<ul>\n<li>Salvador Cabedo  Manuel<\/li>\n<\/ul>\n<\/li>\n<li><strong>Tribunal<\/strong>\n<ul>\n<li>Presidente del tribunal: Jes\u00fas marcial Conill sancho <\/li>\n<li>ursula Reitemeyer (vocal)<\/li>\n<li>adriana Ver\u00edssimo serrao (vocal)<\/li>\n<li>Juan  Antonio Nicol\u00e1s mar\u00edn (vocal)<\/li>\n<\/ul>\n<\/li>\n<\/ul>\n<p>&nbsp;<\/p>\n","protected":false},"excerpt":{"rendered":"<p>Tesis doctoral de Joaquin Gil Mart\u00ednez El objetivo de esta tesis doctoral consiste en analizar y profundizar en los elementos [&hellip;]<\/p>\n","protected":false},"author":1,"featured_media":0,"comment_status":"open","ping_status":"open","sticky":false,"template":"","format":"standard","meta":{"site-sidebar-layout":"default","site-content-layout":"","ast-site-content-layout":"","site-content-style":"default","site-sidebar-style":"default","ast-global-header-display":"","ast-banner-title-visibility":"","ast-main-header-display":"","ast-hfb-above-header-display":"","ast-hfb-below-header-display":"","ast-hfb-mobile-header-display":"","site-post-title":"","ast-breadcrumbs-content":"","ast-featured-img":"","footer-sml-layout":"","theme-transparent-header-meta":"","adv-header-id-meta":"","stick-header-meta":"","header-above-stick-meta":"","header-main-stick-meta":"","header-below-stick-meta":"","astra-migrate-meta-layouts":"default","ast-page-background-enabled":"default","ast-page-background-meta":{"desktop":{"background-color":"var(--ast-global-color-4)","background-image":"","background-repeat":"repeat","background-position":"center center","background-size":"auto","background-attachment":"scroll","background-type":"","background-media":"","overlay-type":"","overlay-color":"","overlay-gradient":""},"tablet":{"background-color":"","background-image":"","background-repeat":"repeat","background-position":"center center","background-size":"auto","background-attachment":"scroll","background-type":"","background-media":"","overlay-type":"","overlay-color":"","overlay-gradient":""},"mobile":{"background-color":"","background-image":"","background-repeat":"repeat","background-position":"center center","background-size":"auto","background-attachment":"scroll","background-type":"","background-media":"","overlay-type":"","overlay-color":"","overlay-gradient":""}},"ast-content-background-meta":{"desktop":{"background-color":"var(--ast-global-color-5)","background-image":"","background-repeat":"repeat","background-position":"center center","background-size":"auto","background-attachment":"scroll","background-type":"","background-media":"","overlay-type":"","overlay-color":"","overlay-gradient":""},"tablet":{"background-color":"var(--ast-global-color-5)","background-image":"","background-repeat":"repeat","background-position":"center center","background-size":"auto","background-attachment":"scroll","background-type":"","background-media":"","overlay-type":"","overlay-color":"","overlay-gradient":""},"mobile":{"background-color":"var(--ast-global-color-5)","background-image":"","background-repeat":"repeat","background-position":"center center","background-size":"auto","background-attachment":"scroll","background-type":"","background-media":"","overlay-type":"","overlay-color":"","overlay-gradient":""}},"footnotes":""},"categories":[960,8649,165,8648,18725],"tags":[216584,12440,216582,69723,32713,216583],"class_list":["post-107944","post","type-post","status-publish","format-standard","hentry","category-antropologia-filosofica","category-etica-filosofica","category-filosofia","category-filosofia-de-la-intersubjetividad","category-jaume-i-de-castellon","tag-adriana-verissimo-serrao","tag-jesus-marcial-conill-sancho","tag-joaquin-gil-Martinez","tag-juan-antonio-nicolas-marin","tag-salvador-cabedo-manuel","tag-ursula-reitemeyer"],"_links":{"self":[{"href":"https:\/\/www.deberes.net\/tesis\/wp-json\/wp\/v2\/posts\/107944","targetHints":{"allow":["GET"]}}],"collection":[{"href":"https:\/\/www.deberes.net\/tesis\/wp-json\/wp\/v2\/posts"}],"about":[{"href":"https:\/\/www.deberes.net\/tesis\/wp-json\/wp\/v2\/types\/post"}],"author":[{"embeddable":true,"href":"https:\/\/www.deberes.net\/tesis\/wp-json\/wp\/v2\/users\/1"}],"replies":[{"embeddable":true,"href":"https:\/\/www.deberes.net\/tesis\/wp-json\/wp\/v2\/comments?post=107944"}],"version-history":[{"count":0,"href":"https:\/\/www.deberes.net\/tesis\/wp-json\/wp\/v2\/posts\/107944\/revisions"}],"wp:attachment":[{"href":"https:\/\/www.deberes.net\/tesis\/wp-json\/wp\/v2\/media?parent=107944"}],"wp:term":[{"taxonomy":"category","embeddable":true,"href":"https:\/\/www.deberes.net\/tesis\/wp-json\/wp\/v2\/categories?post=107944"},{"taxonomy":"post_tag","embeddable":true,"href":"https:\/\/www.deberes.net\/tesis\/wp-json\/wp\/v2\/tags?post=107944"}],"curies":[{"name":"wp","href":"https:\/\/api.w.org\/{rel}","templated":true}]}}