{"id":107974,"date":"2018-03-11T10:32:33","date_gmt":"2018-03-11T10:32:33","guid":{"rendered":"https:\/\/www.deberes.net\/tesis\/sin-categoria\/el-valor-de-la-experiencia-de-ocio-en-la-modernidad-tarda%c2%ada-genesis-y-condiciones-de-posibilidad\/"},"modified":"2018-03-11T10:32:33","modified_gmt":"2018-03-11T10:32:33","slug":"el-valor-de-la-experiencia-de-ocio-en-la-modernidad-tarda%c2%ada-genesis-y-condiciones-de-posibilidad","status":"publish","type":"post","link":"https:\/\/www.deberes.net\/tesis\/filosofia\/el-valor-de-la-experiencia-de-ocio-en-la-modernidad-tarda%c2%ada-genesis-y-condiciones-de-posibilidad\/","title":{"rendered":"El valor de la experiencia de ocio en la modernidad tard\u00eda. g\u00e9nesis y condiciones de posibilidad"},"content":{"rendered":"<h2>Tesis doctoral de <strong> Jaime Cuenca Amigo <\/strong><\/h2>\n<p>En las \u00faltimas d\u00e9cadas, la comprensi\u00f3n del ocio como experiencia dotada de valor en s\u00ed misma ha generado un amplio consenso que trasciende los estudios de ocio. Esta investigaci\u00f3n profundiza en el fen\u00f3meno experiencial contempor\u00e1neo indagando en su relaci\u00f3n con las transformaciones que conducen a la actual sociedad vivencial o consumista. Su objetivo general es delimitar las condiciones que han hecho posible la transformaci\u00f3n del ocio en experiencia valiosa en la modernidad tard\u00eda.  con este objeto se determinan los rasgos caracter\u00edsticos del marco de valoraci\u00f3n que es propio de esta fase de la modernidad y se delimitan las principales concepciones en torno a la valoraci\u00f3n de las pr\u00e1cticas, vigentes en el universo de discurso contempor\u00e1neo. Se recurre aqu\u00ed, con vocaci\u00f3n transdisciplinar, a las aportaciones de discursos tan diversos como la sociolog\u00eda (bauman, schulze), la historia de la vida cotidiana (gumbrecht) o el marketing (holbrook y hirschman, arnould y price), puesto que todos se ocupan de la experiencia valiosa.  estas concepciones se critican y  contrastan desde los planteamientos de la econom\u00eda cultural de groys, un modelo de valor que se muestra pertinente para la comprensi\u00f3n del fen\u00f3meno del ocio en la actualidad. La aplicaci\u00f3n de este modelo al \u00e1mbito del ocio permite aclarar la condici\u00f3n \u00faltima de posibilidad de la experiencia valiosa en la modernidad tard\u00eda.  en las conclusiones se propone una relectura de las notas esenciales de la experiencia de ocio (libertad, satisfacci\u00f3n y autotelismo) a la luz de sus condiciones de posibilidad. Los resultados de la investigaci\u00f3n defienden que las circunstancias objetivas y subjetivas de la experiencia se fusionan en una unidad de significado a trav\u00e9s de un proceso interpretativo. Se abre as\u00ed un horizonte nuevo para la comprensi\u00f3n de la experiencia de ocio, tanto en un contexto te\u00f3rico transdisciplinar como en los m\u00e1s recientes \u00e1mbitos de aplicaci\u00f3n pr\u00e1ctica.<\/p>\n<p>&nbsp;<\/p>\n<h3>Datos acad\u00e9micos de la tesis doctoral \u00ab<strong>El valor de la experiencia de ocio en la modernidad tard\u00eda. g\u00e9nesis y condiciones de posibilidad<\/strong>\u00ab<\/h3>\n<ul>\n<li><strong>T\u00edtulo de la tesis:<\/strong>\u00a0 El valor de la experiencia de ocio en la modernidad tard\u00eda. g\u00e9nesis y condiciones de posibilidad <\/li>\n<li><strong>Autor:<\/strong>\u00a0 Jaime Cuenca Amigo <\/li>\n<li><strong>Universidad:<\/strong>\u00a0 Deusto<\/li>\n<li><strong>Fecha de lectura de la tesis:<\/strong>\u00a0 13\/04\/2011<\/li>\n<\/ul>\n<p>&nbsp;<\/p>\n<h3>Direcci\u00f3n y tribunal<\/h3>\n<ul>\n<li><strong>Director de la tesis<\/strong>\n<ul>\n<li>Jos\u00e9 Francisco Lanceros Mendez<\/li>\n<\/ul>\n<\/li>\n<li><strong>Tribunal<\/strong>\n<ul>\n<li>Presidente del tribunal: Jos\u00e9 Antonio Caride gomez <\/li>\n<li>americo Nunes peres (vocal)<\/li>\n<li>ildefonso Grande esteban (vocal)<\/li>\n<li>Luis Garagalza arrizabalaga (vocal)<\/li>\n<\/ul>\n<\/li>\n<\/ul>\n<p>&nbsp;<\/p>\n","protected":false},"excerpt":{"rendered":"<p>Tesis doctoral de Jaime Cuenca Amigo En las \u00faltimas d\u00e9cadas, la comprensi\u00f3n del ocio como experiencia dotada de valor en [&hellip;]<\/p>\n","protected":false},"author":1,"featured_media":0,"comment_status":"open","ping_status":"open","sticky":false,"template":"","format":"standard","meta":{"site-sidebar-layout":"default","site-content-layout":"","ast-site-content-layout":"","site-content-style":"default","site-sidebar-style":"default","ast-global-header-display":"","ast-banner-title-visibility":"","ast-main-header-display":"","ast-hfb-above-header-display":"","ast-hfb-below-header-display":"","ast-hfb-mobile-header-display":"","site-post-title":"","ast-breadcrumbs-content":"","ast-featured-img":"","footer-sml-layout":"","theme-transparent-header-meta":"","adv-header-id-meta":"","stick-header-meta":"","header-above-stick-meta":"","header-main-stick-meta":"","header-below-stick-meta":"","astra-migrate-meta-layouts":"default","ast-page-background-enabled":"default","ast-page-background-meta":{"desktop":{"background-color":"var(--ast-global-color-4)","background-image":"","background-repeat":"repeat","background-position":"center center","background-size":"auto","background-attachment":"scroll","background-type":"","background-media":"","overlay-type":"","overlay-color":"","overlay-gradient":""},"tablet":{"background-color":"","background-image":"","background-repeat":"repeat","background-position":"center center","background-size":"auto","background-attachment":"scroll","background-type":"","background-media":"","overlay-type":"","overlay-color":"","overlay-gradient":""},"mobile":{"background-color":"","background-image":"","background-repeat":"repeat","background-position":"center center","background-size":"auto","background-attachment":"scroll","background-type":"","background-media":"","overlay-type":"","overlay-color":"","overlay-gradient":""}},"ast-content-background-meta":{"desktop":{"background-color":"var(--ast-global-color-5)","background-image":"","background-repeat":"repeat","background-position":"center center","background-size":"auto","background-attachment":"scroll","background-type":"","background-media":"","overlay-type":"","overlay-color":"","overlay-gradient":""},"tablet":{"background-color":"var(--ast-global-color-5)","background-image":"","background-repeat":"repeat","background-position":"center center","background-size":"auto","background-attachment":"scroll","background-type":"","background-media":"","overlay-type":"","overlay-color":"","overlay-gradient":""},"mobile":{"background-color":"var(--ast-global-color-5)","background-image":"","background-repeat":"repeat","background-position":"center center","background-size":"auto","background-attachment":"scroll","background-type":"","background-media":"","overlay-type":"","overlay-color":"","overlay-gradient":""}},"footnotes":""},"categories":[31910,165,269],"tags":[72822,27221,216626,2625,31964,31966],"class_list":["post-107974","post","type-post","status-publish","format-standard","hentry","category-deusto","category-filosofia","category-sociologia","tag-americo-nunes-peres","tag-ildefonso-grande-esteban","tag-jaime-cuenca-amigo","tag-jose-antonio-caride-gomez","tag-jose-francisco-lanceros-mendez","tag-luis-garagalza-arrizabalaga"],"_links":{"self":[{"href":"https:\/\/www.deberes.net\/tesis\/wp-json\/wp\/v2\/posts\/107974","targetHints":{"allow":["GET"]}}],"collection":[{"href":"https:\/\/www.deberes.net\/tesis\/wp-json\/wp\/v2\/posts"}],"about":[{"href":"https:\/\/www.deberes.net\/tesis\/wp-json\/wp\/v2\/types\/post"}],"author":[{"embeddable":true,"href":"https:\/\/www.deberes.net\/tesis\/wp-json\/wp\/v2\/users\/1"}],"replies":[{"embeddable":true,"href":"https:\/\/www.deberes.net\/tesis\/wp-json\/wp\/v2\/comments?post=107974"}],"version-history":[{"count":0,"href":"https:\/\/www.deberes.net\/tesis\/wp-json\/wp\/v2\/posts\/107974\/revisions"}],"wp:attachment":[{"href":"https:\/\/www.deberes.net\/tesis\/wp-json\/wp\/v2\/media?parent=107974"}],"wp:term":[{"taxonomy":"category","embeddable":true,"href":"https:\/\/www.deberes.net\/tesis\/wp-json\/wp\/v2\/categories?post=107974"},{"taxonomy":"post_tag","embeddable":true,"href":"https:\/\/www.deberes.net\/tesis\/wp-json\/wp\/v2\/tags?post=107974"}],"curies":[{"name":"wp","href":"https:\/\/api.w.org\/{rel}","templated":true}]}}