{"id":107975,"date":"2018-03-11T10:32:33","date_gmt":"2018-03-11T10:32:33","guid":{"rendered":"https:\/\/www.deberes.net\/tesis\/sin-categoria\/modelizacion-de-fenomenos-electrocineticos-en-suspensiones-concentradas-de-parta%c2%adculas-esfericas-mediante-modelos-de-celda-y-doble-capa-dinamica\/"},"modified":"2018-03-11T10:32:33","modified_gmt":"2018-03-11T10:32:33","slug":"modelizacion-de-fenomenos-electrocineticos-en-suspensiones-concentradas-de-parta%c2%adculas-esfericas-mediante-modelos-de-celda-y-doble-capa-dinamica","status":"publish","type":"post","link":"https:\/\/www.deberes.net\/tesis\/fisica-de-coloides\/modelizacion-de-fenomenos-electrocineticos-en-suspensiones-concentradas-de-parta%c2%adculas-esfericas-mediante-modelos-de-celda-y-doble-capa-dinamica\/","title":{"rendered":"Modelizaci\u00f3n de fen\u00f3menos electrocin\u00e9ticos en suspensiones concentradas de part\u00edculas esf\u00e9ricas mediante modelos de celda y doble capa din\u00e1mica"},"content":{"rendered":"<h2>Tesis doctoral de <strong> Juan Cuquejo Mira <\/strong><\/h2>\n<p>El objetivo fundamental de esta tesis doctoral es el desarrollo de un modelo de respuesta electrocin\u00e9tica de una suspensi\u00f3n concentrada de part\u00edculas esf\u00e9ricas en presencia de un campo el\u00e9ctrico alterno que incluya, por primera vez, el modelo de doble capa din\u00e1mica m\u00e1s general elaborado por mangelsdorf y whlte [1], para representar de manera rigurosa los procesos de adsorci\u00f3n superficial y conductancia superficial interna. Dado que las suspensiones concentradas tienen m\u00e1s aplicaciones industriales que las diluidas, adem\u00e1s de ser \u00e9ste el estado natural de muchas de las suspensiones de inter\u00e9s, en esta tesis se ha abordado el estudio de propiedades electrocin\u00e9ticas como la movilidad electrofor\u00e9tica din\u00e1mica, la conductividad el\u00e9ctrica compleja y la respuesta diel\u00e9ctrica de una suspensi\u00f3n concentrada con el objeto de intentar minimizar las discrepancias entre teor\u00edas actuales de respuesta diel\u00e9ctrica [2] y resultados experimentales. Existe, adem\u00e1s, una motivaci\u00f3n adicional que concierne al desarrollo reciente de equipos de medida de tal respuesta din\u00e1mica para suspensiones concentradas en el rango de frecuencias electroac\u00fastico, siendo \u00e9sta una zona poco explorada del espectro de respuesta en frecuencia de dichos sistemas. es bien conocido que cuanto mejor sea la descripci\u00f3n te\u00f3rica de la doble capa que rodea a las part\u00edculas de la suspensi\u00f3n, mejores ser\u00e1n los modelos te\u00f3ricos de respuesta de la misma ante un campo externo que podr\u00e1n crearse. Por ello en el pasado se han desarrollado descripciones de la doble capa cada vez m\u00e1s elaboradas, en particular aquellas que permiten la adsorci\u00f3n de carga en su regi\u00f3n interna en contacto con la superficie de las part\u00edculas, as\u00ed como una contribuci\u00f3n extra a la conductancia del sistema a trav\u00e9s de dicha regi\u00f3n. Esta modificaci\u00f3n ha resultado ser crucial para soslayar discrepancias entre las predicciones de ciertas magnitudes de la doble capa seg\u00fan modelos de diferentes propiedades en suspensiones basados en el mismo cuerpo de ecuaciones electrocin\u00e9ticas. en esta tesis se ha realizado un estudio comparativo de aproximaciones anal\u00edticas para suspensiones concentradas con los resultados num\u00e9ricos obtenidos por el modelo, con el fin de conocer los m\u00e1rgenes de validez de tales aproximaciones. Asimismo se ha hecho un estudio exhaustivo de las condiciones de contorno electrohidrodin\u00e1micas m\u00e1s adecuadas para el modelo de celda en el que se basa nuestra teor\u00eda, concluyendo que son las denominadas de shilov-zharkikh-borkovskaya [3] las m\u00e1s adecuadas por el buen acuerdo obtenido con los resultados experimentales. Las ecuaciones diferenciales del modelo desarrollado han sido resueltas num\u00e9ricamente mediante una t\u00e9cnica basada en el algoritmo de quinto grado de nordsieck, y se ha creado un programa fortran para dicha resoluci\u00f3n num\u00e9rica. Finalmente se ha realizado un estudio exhaustivo de las capacidades predictivas del modelo para muy diferentes condiciones de part\u00edcula y medio de suspensi\u00f3n, as\u00ed como de todos los par\u00e1metros relevantes en el modelo de doble capa din\u00e1mica. Los resultados indican que la incorporaci\u00f3n de una doble capa din\u00e1mica en los modelos electrocin\u00e9ticos da lugar a una reducci\u00f3n importante de la movilidad din\u00e1mica para una amplia variedad de concentraciones de part\u00edculas, as\u00ed como importantes aumentos en los valores de la conductividad el\u00e9ctrica de la suspensi\u00f3n y la constante diel\u00e9ctrica de la misma para un potencial el\u00e9ctrico superficial dado, que se asocian con la superior polarizabilidad el\u00e9ctrica de las part\u00edculas y la conductancia superficial extra en la parte interna de las dobles capas el\u00e9ctricas. [1] christine s. Mangelsdorf y lee r. White, the dynamic double layer. Part 1: theory of a mob\u00edle stem layer. J. Chem. Soc, faraday trans., 94:2441 (1998); the dynamic double layer. Part 2: effects of stern-layer conductlon on the high-frequency electrokinetic transport properties. J. Chem. Soc, faraday trans., 94:2583 (1998) [2] carrique f., Arroyo f. J., Jim\u00e9nez m. L. Y delgado a. V. Dielectric response of concentrated colloidal suspensions. J. Chem. Phys., 118:1945 (2003) [3] shilov v. N., Zharklkh n. I. Y borkovskaya y. B. Theory of non-equilibrium electrosurface phenomena in concentrated disperse systems. 1. Application of non-equilibrium thermodynamics to cell model. Colloid j., 43:434 (1981)<\/p>\n<p>&nbsp;<\/p>\n<h3>Datos acad\u00e9micos de la tesis doctoral \u00ab<strong>Modelizaci\u00f3n de fen\u00f3menos electrocin\u00e9ticos en suspensiones concentradas de part\u00edculas esf\u00e9ricas mediante modelos de celda y doble capa din\u00e1mica<\/strong>\u00ab<\/h3>\n<ul>\n<li><strong>T\u00edtulo de la tesis:<\/strong>\u00a0 Modelizaci\u00f3n de fen\u00f3menos electrocin\u00e9ticos en suspensiones concentradas de part\u00edculas esf\u00e9ricas mediante modelos de celda y doble capa din\u00e1mica <\/li>\n<li><strong>Autor:<\/strong>\u00a0 Juan Cuquejo Mira <\/li>\n<li><strong>Universidad:<\/strong>\u00a0 M\u00e1laga<\/li>\n<li><strong>Fecha de lectura de la tesis:<\/strong>\u00a0 13\/04\/2011<\/li>\n<\/ul>\n<p>&nbsp;<\/p>\n<h3>Direcci\u00f3n y tribunal<\/h3>\n<ul>\n<li><strong>Director de la tesis<\/strong>\n<ul>\n<li>Felix Carrique Fernandez<\/li>\n<\/ul>\n<\/li>\n<li><strong>Tribunal<\/strong>\n<ul>\n<li>Presidente del tribunal: Jos\u00e9 ram\u00f3n Ramos barrado <\/li>\n<li>Jos\u00e9 Juan Lopez garcia (vocal)<\/li>\n<li>angel vicente Delgado mora (vocal)<\/li>\n<li>Mar\u00eda  Luisa Jim\u00e9nez olivares (vocal)<\/li>\n<\/ul>\n<\/li>\n<\/ul>\n<p>&nbsp;<\/p>\n","protected":false},"excerpt":{"rendered":"<p>Tesis doctoral de Juan Cuquejo Mira El objetivo fundamental de esta tesis doctoral es el desarrollo de un modelo de [&hellip;]<\/p>\n","protected":false},"author":1,"featured_media":0,"comment_status":"open","ping_status":"open","sticky":false,"template":"","format":"standard","meta":{"site-sidebar-layout":"default","site-content-layout":"","ast-site-content-layout":"","site-content-style":"default","site-sidebar-style":"default","ast-global-header-display":"","ast-banner-title-visibility":"","ast-main-header-display":"","ast-hfb-above-header-display":"","ast-hfb-below-header-display":"","ast-hfb-mobile-header-display":"","site-post-title":"","ast-breadcrumbs-content":"","ast-featured-img":"","footer-sml-layout":"","theme-transparent-header-meta":"","adv-header-id-meta":"","stick-header-meta":"","header-above-stick-meta":"","header-main-stick-meta":"","header-below-stick-meta":"","astra-migrate-meta-layouts":"default","ast-page-background-enabled":"default","ast-page-background-meta":{"desktop":{"background-color":"var(--ast-global-color-4)","background-image":"","background-repeat":"repeat","background-position":"center center","background-size":"auto","background-attachment":"scroll","background-type":"","background-media":"","overlay-type":"","overlay-color":"","overlay-gradient":""},"tablet":{"background-color":"","background-image":"","background-repeat":"repeat","background-position":"center center","background-size":"auto","background-attachment":"scroll","background-type":"","background-media":"","overlay-type":"","overlay-color":"","overlay-gradient":""},"mobile":{"background-color":"","background-image":"","background-repeat":"repeat","background-position":"center center","background-size":"auto","background-attachment":"scroll","background-type":"","background-media":"","overlay-type":"","overlay-color":"","overlay-gradient":""}},"ast-content-background-meta":{"desktop":{"background-color":"var(--ast-global-color-5)","background-image":"","background-repeat":"repeat","background-position":"center center","background-size":"auto","background-attachment":"scroll","background-type":"","background-media":"","overlay-type":"","overlay-color":"","overlay-gradient":""},"tablet":{"background-color":"var(--ast-global-color-5)","background-image":"","background-repeat":"repeat","background-position":"center center","background-size":"auto","background-attachment":"scroll","background-type":"","background-media":"","overlay-type":"","overlay-color":"","overlay-gradient":""},"mobile":{"background-color":"var(--ast-global-color-5)","background-image":"","background-repeat":"repeat","background-position":"center center","background-size":"auto","background-attachment":"scroll","background-type":"","background-media":"","overlay-type":"","overlay-color":"","overlay-gradient":""}},"footnotes":""},"categories":[1424,3511,1157,7834,28680],"tags":[4408,4411,99375,61321,216627,216628],"class_list":["post-107975","post","type-post","status-publish","format-standard","hentry","category-electroquimica","category-fenomenos-de-transporte","category-fisica-de-coloides","category-malaga","category-mecanica-de-medios-continuos","tag-angel-vicente-delgado-mora","tag-felix-carrique-fernandez","tag-jose-juan-lopez-garcia","tag-jose-ramon-ramos-barrado","tag-juan-cuquejo-mira","tag-maria-luisa-jimenez-olivares"],"_links":{"self":[{"href":"https:\/\/www.deberes.net\/tesis\/wp-json\/wp\/v2\/posts\/107975","targetHints":{"allow":["GET"]}}],"collection":[{"href":"https:\/\/www.deberes.net\/tesis\/wp-json\/wp\/v2\/posts"}],"about":[{"href":"https:\/\/www.deberes.net\/tesis\/wp-json\/wp\/v2\/types\/post"}],"author":[{"embeddable":true,"href":"https:\/\/www.deberes.net\/tesis\/wp-json\/wp\/v2\/users\/1"}],"replies":[{"embeddable":true,"href":"https:\/\/www.deberes.net\/tesis\/wp-json\/wp\/v2\/comments?post=107975"}],"version-history":[{"count":0,"href":"https:\/\/www.deberes.net\/tesis\/wp-json\/wp\/v2\/posts\/107975\/revisions"}],"wp:attachment":[{"href":"https:\/\/www.deberes.net\/tesis\/wp-json\/wp\/v2\/media?parent=107975"}],"wp:term":[{"taxonomy":"category","embeddable":true,"href":"https:\/\/www.deberes.net\/tesis\/wp-json\/wp\/v2\/categories?post=107975"},{"taxonomy":"post_tag","embeddable":true,"href":"https:\/\/www.deberes.net\/tesis\/wp-json\/wp\/v2\/tags?post=107975"}],"curies":[{"name":"wp","href":"https:\/\/api.w.org\/{rel}","templated":true}]}}