{"id":107982,"date":"2018-03-11T10:32:38","date_gmt":"2018-03-11T10:32:38","guid":{"rendered":"https:\/\/www.deberes.net\/tesis\/sin-categoria\/la-fotografa%c2%ada-como-instrumento-para-la-creatividad-y-la-inclusion-en-personas-con-diversidad-funcional\/"},"modified":"2018-03-11T10:32:38","modified_gmt":"2018-03-11T10:32:38","slug":"la-fotografa%c2%ada-como-instrumento-para-la-creatividad-y-la-inclusion-en-personas-con-diversidad-funcional","status":"publish","type":"post","link":"https:\/\/www.deberes.net\/tesis\/ciencias-de-las-artes-y-las-letras\/la-fotografa%c2%ada-como-instrumento-para-la-creatividad-y-la-inclusion-en-personas-con-diversidad-funcional\/","title":{"rendered":"La fotograf\u00edacomo instrumento para la creatividad y la inclusi\u00f3n en personas con diversidad funcional."},"content":{"rendered":"<h2>Tesis doctoral de <strong> Beatriz M\u00fanera Barbosa <\/strong><\/h2>\n<p>Resumen tesis doctoral la fotograf\u00eda como instrumento para la creatividad y la inclusi\u00f3n en personas con diversidad funcional   palabras clave: fotograf\u00eda, educaci\u00f3n art\u00edstica, creatividad, inclusi\u00f3n, diversidad funcional.    esta investigaci\u00f3n es el  resultado de la ense\u00f1anza de la t\u00e9cnica fotogr\u00e1fica como instrumento para la creatividad y la inclusi\u00f3n en personas con diversidad funcional, concretamente, en nuestro caso, lesionados medulares.  las personas que constituyen el sujeto de esta inves tigaci\u00f3n son un grupo vulnerable, casi marginal, de individuos con limitaciones en la movilidad y que socialmente requieren de mayor visibilizaci\u00f3n y reconocimiento. Lo que busca esta investigaci\u00f3n es vincular la fotograf\u00eda como una herramienta art\u00eds tica para que estas personas, motivadas e interesadas por la imagen, logren ser creadores art\u00edsticos, comunicadores y parte activa de la sociedad  a la que pertenecen. hemos desarrollado de esta manera una asignatura, \u00c2\u00bffotograf\u00eda para la diversidad f uncional\u00c2\u00bf, que, adem\u00e1s de dar cuenta de unos contenidos espec\u00edficos para nuestro grupo, aborda no s\u00f3lo las tem\u00e1ticas necesarias de la fotograf\u00eda, sino que responde a unos par\u00e1metros de accesibilidad, comunicaci\u00f3n y expresi\u00f3n. somos conscientes de la importancia de la educaci\u00f3n, y concretamente de la educaci\u00f3n art\u00edstica, en procesos formativos que posibiliten transformaciones sociales. La pr\u00e1ctica fotogr\u00e1fica, adem\u00e1s de ser un camino innovador y todav\u00eda no transitado, intenta, con el uso de las n uevas tecnolog\u00edas de la informaci\u00f3n y la comunicaci\u00f3n (ntic), mostrar c\u00f3mo desde el arte y la educaci\u00f3n art\u00edstica se puede trabajar por el cambio social.  la aplicaci\u00f3n de la fotograf\u00eda como acto de ver, que pone en contacto la realidad y su represen taci\u00f3n, permitiendo la construcci\u00f3n de un gesto art\u00edstico mediante el desarrollo de un equipamiento audiovisual adaptado y accesible, ha permitido que personas con diversidad funcional no solamente capten fragmentos de su propia realidad, sino que di spongan de recursos para expresar, comunicar y exponer sus inquietudes humanas, sensibles y est\u00e9ticas.  reivindicar el valor de la \u00c2\u00bfdiversidad humana\u00c2\u00bf y la participaci\u00f3n de todos en esa diversidad, es otro de los prop\u00f3sitos de la investigaci\u00f3n.<\/p>\n<p>&nbsp;<\/p>\n<h3>Datos acad\u00e9micos de la tesis doctoral \u00ab<strong>La fotograf\u00edacomo instrumento para la creatividad y la inclusi\u00f3n en personas con diversidad funcional.<\/strong>\u00ab<\/h3>\n<ul>\n<li><strong>T\u00edtulo de la tesis:<\/strong>\u00a0 La fotograf\u00edacomo instrumento para la creatividad y la inclusi\u00f3n en personas con diversidad funcional. <\/li>\n<li><strong>Autor:<\/strong>\u00a0 Beatriz M\u00fanera Barbosa <\/li>\n<li><strong>Universidad:<\/strong>\u00a0 Complutense de Madrid<\/li>\n<li><strong>Fecha de lectura de la tesis:<\/strong>\u00a0 14\/04\/2011<\/li>\n<\/ul>\n<p>&nbsp;<\/p>\n<h3>Direcci\u00f3n y tribunal<\/h3>\n<ul>\n<li><strong>Director de la tesis<\/strong>\n<ul>\n<li>Mar\u00eda  Del Carmen Moreno Saez<\/li>\n<\/ul>\n<\/li>\n<li><strong>Tribunal<\/strong>\n<ul>\n<li>Presidente del tribunal: daniel Zapatero guillen <\/li>\n<li>Mar\u00eda Jes\u00fas Abad tejerina (vocal)<\/li>\n<li>norberto Gonzalez jimenez (vocal)<\/li>\n<li>cristobal Marin tovar (vocal)<\/li>\n<\/ul>\n<\/li>\n<\/ul>\n<p>&nbsp;<\/p>\n","protected":false},"excerpt":{"rendered":"<p>Tesis doctoral de Beatriz M\u00fanera Barbosa Resumen tesis doctoral la fotograf\u00eda como instrumento para la creatividad y la inclusi\u00f3n en [&hellip;]<\/p>\n","protected":false},"author":1,"featured_media":0,"comment_status":"open","ping_status":"open","sticky":false,"template":"","format":"standard","meta":{"site-sidebar-layout":"default","site-content-layout":"","ast-site-content-layout":"","site-content-style":"default","site-sidebar-style":"default","ast-global-header-display":"","ast-banner-title-visibility":"","ast-main-header-display":"","ast-hfb-above-header-display":"","ast-hfb-below-header-display":"","ast-hfb-mobile-header-display":"","site-post-title":"","ast-breadcrumbs-content":"","ast-featured-img":"","footer-sml-layout":"","theme-transparent-header-meta":"","adv-header-id-meta":"","stick-header-meta":"","header-above-stick-meta":"","header-main-stick-meta":"","header-below-stick-meta":"","astra-migrate-meta-layouts":"default","ast-page-background-enabled":"default","ast-page-background-meta":{"desktop":{"background-color":"var(--ast-global-color-4)","background-image":"","background-repeat":"repeat","background-position":"center center","background-size":"auto","background-attachment":"scroll","background-type":"","background-media":"","overlay-type":"","overlay-color":"","overlay-gradient":""},"tablet":{"background-color":"","background-image":"","background-repeat":"repeat","background-position":"center center","background-size":"auto","background-attachment":"scroll","background-type":"","background-media":"","overlay-type":"","overlay-color":"","overlay-gradient":""},"mobile":{"background-color":"","background-image":"","background-repeat":"repeat","background-position":"center center","background-size":"auto","background-attachment":"scroll","background-type":"","background-media":"","overlay-type":"","overlay-color":"","overlay-gradient":""}},"ast-content-background-meta":{"desktop":{"background-color":"var(--ast-global-color-5)","background-image":"","background-repeat":"repeat","background-position":"center center","background-size":"auto","background-attachment":"scroll","background-type":"","background-media":"","overlay-type":"","overlay-color":"","overlay-gradient":""},"tablet":{"background-color":"var(--ast-global-color-5)","background-image":"","background-repeat":"repeat","background-position":"center center","background-size":"auto","background-attachment":"scroll","background-type":"","background-media":"","overlay-type":"","overlay-color":"","overlay-gradient":""},"mobile":{"background-color":"var(--ast-global-color-5)","background-image":"","background-repeat":"repeat","background-position":"center center","background-size":"auto","background-attachment":"scroll","background-type":"","background-media":"","overlay-type":"","overlay-color":"","overlay-gradient":""}},"footnotes":""},"categories":[147,986],"tags":[216639,151505,132207,56250,61950,133651],"class_list":["post-107982","post","type-post","status-publish","format-standard","hentry","category-ciencias-de-las-artes-y-las-letras","category-complutense-de-madrid","tag-beatriz-munera-barbosa","tag-cristobal-marin-tovar","tag-daniel-zapatero-guillen","tag-maria-del-carmen-moreno-saez","tag-maria-jesus-abad-tejerina","tag-norberto-gonzalez-jimenez"],"_links":{"self":[{"href":"https:\/\/www.deberes.net\/tesis\/wp-json\/wp\/v2\/posts\/107982","targetHints":{"allow":["GET"]}}],"collection":[{"href":"https:\/\/www.deberes.net\/tesis\/wp-json\/wp\/v2\/posts"}],"about":[{"href":"https:\/\/www.deberes.net\/tesis\/wp-json\/wp\/v2\/types\/post"}],"author":[{"embeddable":true,"href":"https:\/\/www.deberes.net\/tesis\/wp-json\/wp\/v2\/users\/1"}],"replies":[{"embeddable":true,"href":"https:\/\/www.deberes.net\/tesis\/wp-json\/wp\/v2\/comments?post=107982"}],"version-history":[{"count":0,"href":"https:\/\/www.deberes.net\/tesis\/wp-json\/wp\/v2\/posts\/107982\/revisions"}],"wp:attachment":[{"href":"https:\/\/www.deberes.net\/tesis\/wp-json\/wp\/v2\/media?parent=107982"}],"wp:term":[{"taxonomy":"category","embeddable":true,"href":"https:\/\/www.deberes.net\/tesis\/wp-json\/wp\/v2\/categories?post=107982"},{"taxonomy":"post_tag","embeddable":true,"href":"https:\/\/www.deberes.net\/tesis\/wp-json\/wp\/v2\/tags?post=107982"}],"curies":[{"name":"wp","href":"https:\/\/api.w.org\/{rel}","templated":true}]}}