{"id":108027,"date":"2018-03-11T10:32:38","date_gmt":"2018-03-11T10:32:38","guid":{"rendered":"https:\/\/www.deberes.net\/tesis\/sin-categoria\/dinamica-productiva-de-forrajes-de-diferentes-cultivares-de-triticales-y-avenas-como-suplemento-a-los-pastos-de-dehesa-y-pastizales-del-s-o-de-la-pena%c2%adnsula-iberica\/"},"modified":"2018-03-11T10:32:38","modified_gmt":"2018-03-11T10:32:38","slug":"dinamica-productiva-de-forrajes-de-diferentes-cultivares-de-triticales-y-avenas-como-suplemento-a-los-pastos-de-dehesa-y-pastizales-del-s-o-de-la-pena%c2%adnsula-iberica","status":"publish","type":"post","link":"https:\/\/www.deberes.net\/tesis\/ciencias-agrarias\/dinamica-productiva-de-forrajes-de-diferentes-cultivares-de-triticales-y-avenas-como-suplemento-a-los-pastos-de-dehesa-y-pastizales-del-s-o-de-la-pena%c2%adnsula-iberica\/","title":{"rendered":"Din\u00e1mica productiva de forrajes de diferentes cultivares de triticales y avenas como suplemento a los pastos de dehesa y pastizales del s.o. de la pen\u00ednsula ib\u00e9rica"},"content":{"rendered":"<h2>Tesis doctoral de <strong> Sara Morales Rodrigo <\/strong><\/h2>\n<p>En el manejo de la dehesa existen momentos en los que el pasto natural no cubre las necesidades alimenticias de los animales, por lo que se suele realizar una la siembra de cultivos forrajeros de apoyo que se cosechan a final de primavera y se henifican. Sin embargo existen deficiencias en invierno no cubiertas por este tipo de cultivos. En este sentido se plante\u00f3 el presente estudio para comprobar la productividad y calidad de cuatro cultivares de triticale y tres de avena en comparaci\u00f3n con los dos cultivos forrajeros m\u00e1s habituales (el cultivo de veza-avena y el raigr\u00e1s anual) en dos localizaciones diferentes, realizando un aprovechamiento a final de primavera o dos aprovechamientos: uno invernal y otro a final de primavera. En cada momento de aprovechamiento se determinaron el rendimiento en biomasa y los siguientes par\u00e1metros de calidad: prote\u00edna, digestibilidad de la materia org\u00e1nica, fibras, lignina y cenizas. Los resultados mostraron que las especies\/cultivares en estudio superaron en tres de las cuatro situaciones al raigr\u00e1s. Se  encontraron alternativas reales al cultivo de veza-avena, ya que los triticales incluidos en el experimento lo igualaron o superaron en producci\u00f3n, aprovechando en dos ocasiones, en tres de las cuatro situaciones del estudio. Finalmente se constat\u00f3 que la calidad de la biomasa aument\u00f3 al realizar dos aprovechamientos al forraje, aumentando su contenido en prote\u00edna y disminuyendo la fibra. Por tanto se puede concluir que existen alternativas adecuadas con cultivos forrajeros para cubrir las deficiencias en alimento de los pastos naturales de dehesa, tanto invernales como estivales.<\/p>\n<p>&nbsp;<\/p>\n<h3>Datos acad\u00e9micos de la tesis doctoral \u00ab<strong>Din\u00e1mica productiva de forrajes de diferentes cultivares de triticales y avenas como suplemento a los pastos de dehesa y pastizales del s.o. de la pen\u00ednsula ib\u00e9rica<\/strong>\u00ab<\/h3>\n<ul>\n<li><strong>T\u00edtulo de la tesis:<\/strong>\u00a0 Din\u00e1mica productiva de forrajes de diferentes cultivares de triticales y avenas como suplemento a los pastos de dehesa y pastizales del s.o. de la pen\u00ednsula ib\u00e9rica <\/li>\n<li><strong>Autor:<\/strong>\u00a0 Sara Morales Rodrigo <\/li>\n<li><strong>Universidad:<\/strong>\u00a0 Extremadura<\/li>\n<li><strong>Fecha de lectura de la tesis:<\/strong>\u00a0 15\/04\/2011<\/li>\n<\/ul>\n<p>&nbsp;<\/p>\n<h3>Direcci\u00f3n y tribunal<\/h3>\n<ul>\n<li><strong>Director de la tesis<\/strong>\n<ul>\n<li>b\u00e1rcenas Poblaciones Su\u00e1rez<\/li>\n<\/ul>\n<\/li>\n<li><strong>Tribunal<\/strong>\n<ul>\n<li>Presidente del tribunal: leopoldo Olea m\u00e1rquez de prado <\/li>\n<li>Ana rita Pereira da costa (vocal)<\/li>\n<li>Carlos Ferrer  benimeli (vocal)<\/li>\n<li>roc\u00edo Vel\u00e1zquez otero (vocal)<\/li>\n<\/ul>\n<\/li>\n<\/ul>\n<p>&nbsp;<\/p>\n","protected":false},"excerpt":{"rendered":"<p>Tesis doctoral de Sara Morales Rodrigo En el manejo de la dehesa existen momentos en los que el pasto natural [&hellip;]<\/p>\n","protected":false},"author":1,"featured_media":0,"comment_status":"open","ping_status":"open","sticky":false,"template":"","format":"standard","meta":{"site-sidebar-layout":"default","site-content-layout":"","ast-site-content-layout":"","site-content-style":"default","site-sidebar-style":"default","ast-global-header-display":"","ast-banner-title-visibility":"","ast-main-header-display":"","ast-hfb-above-header-display":"","ast-hfb-below-header-display":"","ast-hfb-mobile-header-display":"","site-post-title":"","ast-breadcrumbs-content":"","ast-featured-img":"","footer-sml-layout":"","theme-transparent-header-meta":"","adv-header-id-meta":"","stick-header-meta":"","header-above-stick-meta":"","header-main-stick-meta":"","header-below-stick-meta":"","astra-migrate-meta-layouts":"default","ast-page-background-enabled":"default","ast-page-background-meta":{"desktop":{"background-color":"var(--ast-global-color-4)","background-image":"","background-repeat":"repeat","background-position":"center center","background-size":"auto","background-attachment":"scroll","background-type":"","background-media":"","overlay-type":"","overlay-color":"","overlay-gradient":""},"tablet":{"background-color":"","background-image":"","background-repeat":"repeat","background-position":"center center","background-size":"auto","background-attachment":"scroll","background-type":"","background-media":"","overlay-type":"","overlay-color":"","overlay-gradient":""},"mobile":{"background-color":"","background-image":"","background-repeat":"repeat","background-position":"center center","background-size":"auto","background-attachment":"scroll","background-type":"","background-media":"","overlay-type":"","overlay-color":"","overlay-gradient":""}},"ast-content-background-meta":{"desktop":{"background-color":"var(--ast-global-color-5)","background-image":"","background-repeat":"repeat","background-position":"center center","background-size":"auto","background-attachment":"scroll","background-type":"","background-media":"","overlay-type":"","overlay-color":"","overlay-gradient":""},"tablet":{"background-color":"var(--ast-global-color-5)","background-image":"","background-repeat":"repeat","background-position":"center center","background-size":"auto","background-attachment":"scroll","background-type":"","background-media":"","overlay-type":"","overlay-color":"","overlay-gradient":""},"mobile":{"background-color":"var(--ast-global-color-5)","background-image":"","background-repeat":"repeat","background-position":"center center","background-size":"auto","background-attachment":"scroll","background-type":"","background-media":"","overlay-type":"","overlay-color":"","overlay-gradient":""}},"footnotes":""},"categories":[494,949,4437,935],"tags":[146764,209086,4572,1999,216720,216719],"class_list":["post-108027","post","type-post","status-publish","format-standard","hentry","category-ciencias-agrarias","category-extremadura","category-pastos","category-sector-de-agricultura-silvicultura-ganaderia-y-pesca","tag-ana-rita-pereira-da-costa","tag-barcenas-poblaciones-suarez","tag-carlos-ferrer-benimeli","tag-leopoldo-olea-marquez-de-prado","tag-rocio-velazquez-otero","tag-sara-morales-rodrigo"],"_links":{"self":[{"href":"https:\/\/www.deberes.net\/tesis\/wp-json\/wp\/v2\/posts\/108027","targetHints":{"allow":["GET"]}}],"collection":[{"href":"https:\/\/www.deberes.net\/tesis\/wp-json\/wp\/v2\/posts"}],"about":[{"href":"https:\/\/www.deberes.net\/tesis\/wp-json\/wp\/v2\/types\/post"}],"author":[{"embeddable":true,"href":"https:\/\/www.deberes.net\/tesis\/wp-json\/wp\/v2\/users\/1"}],"replies":[{"embeddable":true,"href":"https:\/\/www.deberes.net\/tesis\/wp-json\/wp\/v2\/comments?post=108027"}],"version-history":[{"count":0,"href":"https:\/\/www.deberes.net\/tesis\/wp-json\/wp\/v2\/posts\/108027\/revisions"}],"wp:attachment":[{"href":"https:\/\/www.deberes.net\/tesis\/wp-json\/wp\/v2\/media?parent=108027"}],"wp:term":[{"taxonomy":"category","embeddable":true,"href":"https:\/\/www.deberes.net\/tesis\/wp-json\/wp\/v2\/categories?post=108027"},{"taxonomy":"post_tag","embeddable":true,"href":"https:\/\/www.deberes.net\/tesis\/wp-json\/wp\/v2\/tags?post=108027"}],"curies":[{"name":"wp","href":"https:\/\/api.w.org\/{rel}","templated":true}]}}