{"id":108103,"date":"2018-03-11T10:32:48","date_gmt":"2018-03-11T10:32:48","guid":{"rendered":"https:\/\/www.deberes.net\/tesis\/sin-categoria\/las-ideas-esteticas-de-domingo-doreste-1868-1940\/"},"modified":"2018-03-11T10:32:48","modified_gmt":"2018-03-11T10:32:48","slug":"las-ideas-esteticas-de-domingo-doreste-1868-1940","status":"publish","type":"post","link":"https:\/\/www.deberes.net\/tesis\/historia-de-la-literatura-espanola\/las-ideas-esteticas-de-domingo-doreste-1868-1940\/","title":{"rendered":"Las ideas est\u00e9ticas de domingo doreste (1868-1940)"},"content":{"rendered":"<h2>Tesis doctoral de <strong> Mar\u00eda Del Carmen Garc\u00eda Mart\u00edn <\/strong><\/h2>\n<p>Domingo doreste rodr\u00edguez (las palmas de gran canaria, 1868-1940), m\u00e1s conocido como \u00abfray lesco\u00bb por ser este el pseud\u00f3nimo con el que firm\u00f3 la mayor parte de sus escritos period\u00edsticos, naci\u00f3 en las palmas de gran canaria en 1868. Su vida profesional estuvo atada a los juzgados desde que se licenci\u00f3 en leyes por la universidad de salamanca, pero su en\u00e9rgica vitalidad interior lo convirti\u00f3 en uno de los intelectuales m\u00e1s activos y c\u00e9lebres que reformaron el entramado cultural en canarias a lo largo del primer tercio del siglo xx. Escribi\u00f3 ensayos sobre arte, literatura, teatro, religi\u00f3n o pol\u00edtica; art\u00edculos de opini\u00f3n acerca de cualquier hecho, pr\u00f3ximo o lejano; cr\u00f3nicas paisaj\u00edsticas que dibujaron con palabras hermosos paisajes de castilla, italia, tenerife o  las palmas; algunos cuentos, costumbristas e inocentes, y muy pocas poes\u00edas, francas y espont\u00e1neas, que nos muestran una existencia, la suya, \u00abque dur\u00f3 tan solo\/ el mirar de una estrella\u00bb (domingo doreste, \u00abla estrella compasiva\u00bb, salamanca, 1909). En 1932 abord\u00f3 una  empresa radicalmente nueva para \u00e9l cuando escribi\u00f3 el libreto de la zajorina,  zarzuela de costumbres canarias con m\u00fasica de su hijo v\u00edctor doreste grande, que tuvo gran \u00e9xito de p\u00fablico y cr\u00edtica en su \u00e9poca y que fue reestrenada el pasado mes de marzo en las palmas de gran canaria. sus primeros a\u00f1os transcurrieron en vegueta, entre sus pasajes rebosantes de encanto se\u00f1orial y los elevados muros de la catedral de santa ana, espacio predilecto que estimul\u00f3 algunas de sus m\u00e1s brillantes reflexiones sobre arte y en el que aflor\u00f3 su sentido misticismo. En 1895 march\u00f3 a salamanca a estudiar derecho. All\u00ed vivi\u00f3 el desastre colonial que marc\u00f3 a su generaci\u00f3n, conoci\u00f3 a don miguel de unamuno, referente constante en su vida y en su obra, y se dej\u00f3 seducir por el encanto que hench\u00eda los rincones de la vieja ciudad. Fue el ambiente cultural y art\u00edstico salmantino el que sent\u00f3 las bases elementales de su pensamiento est\u00e9tico y el que cre\u00f3 un v\u00ednculo eterno entre su alma, sedienta siempre de belleza y justicia, y la dif\u00edcil tarea que emprendi\u00f3 desde aquellos a\u00f1os, la de consolidar en la sociedad unos principios \u00e9ticos y est\u00e9ticos basados en la m\u00e1xima sobre la que se asienta su teor\u00eda perfecta: \u00abtodo lo que tienda en embellecer y ennoblecer la vida, es arte\u00bb. en 1901, becado por la universidad de salamanca, fue a bolonia, ciudad en la que deb\u00eda investigar sobre su tema de tesis, la \u00abfilosof\u00eda del derecho\u00bb. No obstante, sus pasos acad\u00e9micos se alejaron gradualmente de ese objetivo primero y se aproximaron a la facultad de letras, donde el viejo poeta italiano giousu\u00e9 carducci, autor de odi barbare y del himno a satan, analizaba en sus clases de literatura italiana la obra inmortal de dante alighieri. Desde entonces la literatura, la cultura y la lengua italianas desbordaron las p\u00e1ginas de sus m\u00e1s originales y reputados escritos, algunos de los cuales fueron publicados en la omnipotente prensa madrile\u00f1a. \thasta 1911 no volvi\u00f3 a establecerse definitivamente en canarias. Durante ese lapso de tiempo se vio obligado a trabajar como escribano de actuaciones en guadalajara, Madrid, salamanca y, finalmente, en las palmas de gran canaria. Esta movilidad espacial permiti\u00f3 que su pensamiento est\u00e9tico medrara gracias a las diferentes perspectivas que tom\u00f3 de la cultura de cada lugar.  en 1918 cre\u00f3 la escuela de artes decorativas luj\u00e1n p\u00e9rez junto a juan carlo medina, nicol\u00e1s massieu matos y enrique garc\u00eda ca\u00f1as. Sin embargo, tras un corto intervalo de tiempo, qued\u00f3 como \u00fanico director, animador espiritual y financiero de la empresa. Su idea inicial, fruto de una conversaci\u00f3n informal con juan carlo, fue crear un centro de perfeccionamiento del arte popular, una escuela de decoradores que fuera capaz de elaborar elementos ornamentales alternativos a los importados. Este prop\u00f3sito se fue dilatando gracias a la acogida que tuvo entre los j\u00f3venes artistas de las palmas que, por fin, dispusieron de un espacio en el que expresarse libremente, y termin\u00f3 sembrando, como es sabido por todos, el germen del nuevo rumbo que, a partir de aquellos d\u00edas, iba a tomar el arte en las islas. hasta el 14 de febrero de 1940, fecha de su muerte, su actividad p\u00fablica se reparti\u00f3 entre la direcci\u00f3n de la escuela, en la que tambi\u00e9n imparti\u00f3 una serie de charlas sobre arte; sus art\u00edculos en prensa, memoria y conciencia de su tiempo, convertidos muchas veces en verdaderas \u00abbatallas dial\u00e9ticas\u00bb por la pasi\u00f3n con que defendi\u00f3 sus ideas y el revuelo que estas causaron a menudo en la fracci\u00f3n m\u00e1s conservadora de la sociedad isle\u00f1a, y sus discursos y conferencias, que ten\u00edan por objeto sacudir las conciencias, sobre todo las de los m\u00e1s j\u00f3venes, que permanec\u00edan entonces aislados en un c\u00f3modo y desesperanzador desprecio por lo espiritual, lo bello, lo culto&#8230; Sus \u00faltimos a\u00f1os de vida, dominados por el empeoramiento de una salud que nunca fue robusta y el desconsuelo de ver una sociedad cada vez m\u00e1s radicalizada y violenta, transcurrieron sumidos en un elocuente silencio.<\/p>\n<p>&nbsp;<\/p>\n<h3>Datos acad\u00e9micos de la tesis doctoral \u00ab<strong>Las ideas est\u00e9ticas de domingo doreste (1868-1940)<\/strong>\u00ab<\/h3>\n<ul>\n<li><strong>T\u00edtulo de la tesis:<\/strong>\u00a0 Las ideas est\u00e9ticas de domingo doreste (1868-1940) <\/li>\n<li><strong>Autor:<\/strong>\u00a0 Mar\u00eda Del Carmen Garc\u00eda Mart\u00edn <\/li>\n<li><strong>Universidad:<\/strong>\u00a0 La laguna<\/li>\n<li><strong>Fecha de lectura de la tesis:<\/strong>\u00a0 27\/04\/2011<\/li>\n<\/ul>\n<p>&nbsp;<\/p>\n<h3>Direcci\u00f3n y tribunal<\/h3>\n<ul>\n<li><strong>Director de la tesis<\/strong>\n<ul>\n<li>Andr\u00e9s S\u00e1nchez Robayna<\/li>\n<\/ul>\n<\/li>\n<li><strong>Tribunal<\/strong>\n<ul>\n<li>Presidente del tribunal: Jorge Urrutia g\u00f3mez <\/li>\n<li>Miguel Martin\u00f3n cejas (vocal)<\/li>\n<li>agust\u00edn Millares cantero (vocal)<\/li>\n<li>Andr\u00e9s Soria olmedo (vocal)<\/li>\n<\/ul>\n<\/li>\n<\/ul>\n<p>&nbsp;<\/p>\n","protected":false},"excerpt":{"rendered":"<p>Tesis doctoral de Mar\u00eda Del Carmen Garc\u00eda Mart\u00edn Domingo doreste rodr\u00edguez (las palmas de gran canaria, 1868-1940), m\u00e1s conocido como [&hellip;]<\/p>\n","protected":false},"author":1,"featured_media":0,"comment_status":"open","ping_status":"open","sticky":false,"template":"","format":"standard","meta":{"site-sidebar-layout":"default","site-content-layout":"","ast-site-content-layout":"","site-content-style":"default","site-sidebar-style":"default","ast-global-header-display":"","ast-banner-title-visibility":"","ast-main-header-display":"","ast-hfb-above-header-display":"","ast-hfb-below-header-display":"","ast-hfb-mobile-header-display":"","site-post-title":"","ast-breadcrumbs-content":"","ast-featured-img":"","footer-sml-layout":"","theme-transparent-header-meta":"","adv-header-id-meta":"","stick-header-meta":"","header-above-stick-meta":"","header-main-stick-meta":"","header-below-stick-meta":"","astra-migrate-meta-layouts":"default","ast-page-background-enabled":"default","ast-page-background-meta":{"desktop":{"background-color":"var(--ast-global-color-4)","background-image":"","background-repeat":"repeat","background-position":"center center","background-size":"auto","background-attachment":"scroll","background-type":"","background-media":"","overlay-type":"","overlay-color":"","overlay-gradient":""},"tablet":{"background-color":"","background-image":"","background-repeat":"repeat","background-position":"center center","background-size":"auto","background-attachment":"scroll","background-type":"","background-media":"","overlay-type":"","overlay-color":"","overlay-gradient":""},"mobile":{"background-color":"","background-image":"","background-repeat":"repeat","background-position":"center center","background-size":"auto","background-attachment":"scroll","background-type":"","background-media":"","overlay-type":"","overlay-color":"","overlay-gradient":""}},"ast-content-background-meta":{"desktop":{"background-color":"var(--ast-global-color-5)","background-image":"","background-repeat":"repeat","background-position":"center center","background-size":"auto","background-attachment":"scroll","background-type":"","background-media":"","overlay-type":"","overlay-color":"","overlay-gradient":""},"tablet":{"background-color":"var(--ast-global-color-5)","background-image":"","background-repeat":"repeat","background-position":"center center","background-size":"auto","background-attachment":"scroll","background-type":"","background-media":"","overlay-type":"","overlay-color":"","overlay-gradient":""},"mobile":{"background-color":"var(--ast-global-color-5)","background-image":"","background-repeat":"repeat","background-position":"center center","background-size":"auto","background-attachment":"scroll","background-type":"","background-media":"","overlay-type":"","overlay-color":"","overlay-gradient":""}},"footnotes":""},"categories":[1867,9915],"tags":[17289,62100,3571,5233,216832,54466],"class_list":["post-108103","post","type-post","status-publish","format-standard","hentry","category-historia-de-la-literatura-espanola","category-la-laguna","tag-agustin-millares-cantero","tag-andres-sanchez-robayna","tag-andres-soria-olmedo","tag-jorge-urrutia-gomez","tag-maria-del-carmen-garcia-martin","tag-miguel-martinon-cejas"],"_links":{"self":[{"href":"https:\/\/www.deberes.net\/tesis\/wp-json\/wp\/v2\/posts\/108103","targetHints":{"allow":["GET"]}}],"collection":[{"href":"https:\/\/www.deberes.net\/tesis\/wp-json\/wp\/v2\/posts"}],"about":[{"href":"https:\/\/www.deberes.net\/tesis\/wp-json\/wp\/v2\/types\/post"}],"author":[{"embeddable":true,"href":"https:\/\/www.deberes.net\/tesis\/wp-json\/wp\/v2\/users\/1"}],"replies":[{"embeddable":true,"href":"https:\/\/www.deberes.net\/tesis\/wp-json\/wp\/v2\/comments?post=108103"}],"version-history":[{"count":0,"href":"https:\/\/www.deberes.net\/tesis\/wp-json\/wp\/v2\/posts\/108103\/revisions"}],"wp:attachment":[{"href":"https:\/\/www.deberes.net\/tesis\/wp-json\/wp\/v2\/media?parent=108103"}],"wp:term":[{"taxonomy":"category","embeddable":true,"href":"https:\/\/www.deberes.net\/tesis\/wp-json\/wp\/v2\/categories?post=108103"},{"taxonomy":"post_tag","embeddable":true,"href":"https:\/\/www.deberes.net\/tesis\/wp-json\/wp\/v2\/tags?post=108103"}],"curies":[{"name":"wp","href":"https:\/\/api.w.org\/{rel}","templated":true}]}}