{"id":108146,"date":"2018-03-11T10:32:48","date_gmt":"2018-03-11T10:32:48","guid":{"rendered":"https:\/\/www.deberes.net\/tesis\/sin-categoria\/el-impacto-de-la-transformacion-urbana-en-la-estructura-residencial-de-ciutat-vella\/"},"modified":"2018-03-11T10:32:48","modified_gmt":"2018-03-11T10:32:48","slug":"el-impacto-de-la-transformacion-urbana-en-la-estructura-residencial-de-ciutat-vella","status":"publish","type":"post","link":"https:\/\/www.deberes.net\/tesis\/geografia-humana\/el-impacto-de-la-transformacion-urbana-en-la-estructura-residencial-de-ciutat-vella\/","title":{"rendered":"El impacto de la transformaci\u00f3n urbana en la estructura residencial de ciutat vella"},"content":{"rendered":"<h2>Tesis doctoral de <strong> Mirela Pinheiro Fiori <\/strong><\/h2>\n<p>Tal y como indica el mismo t\u00edtulo de esta tesis, la problem\u00e1tica central que orienta nuestra investigaci\u00f3n es el impacto de la transformaci\u00f3n urbana de ciutat vella, el centro hist\u00f3rico de barcelona, en su estructura residencial, definida por nosotros como un conjunto de caracter\u00edsticas de la poblaci\u00f3n y del parque de vivienda.   desde el inicio de los a\u00f1os ochenta, ciutat vella ha sido objeto de un gran n\u00famero de planes urban\u00edsticos, que ten\u00edan como objetivo su recuperaci\u00f3n f\u00edsica, econ\u00f3mica y social. Durante las m\u00e1s de dos d\u00e9cadas de ejecuci\u00f3n de estos planes, gestionados por la sociedad de capital mixto, primero promoci\u00f3 ciutat vella, sa y luego, foment ciutat vella, sa, se ha incidido en un \u00e1rea de casi 450 hect\u00e1reas y se han invertido m\u00e1s de mil millones de euros, destinados a infraestructuras, aparcamiento, espacio p\u00fablico, vivienda, equipamiento de varios tipos y escalas, ayudas a la rehabilitaci\u00f3n privada, entre otros. Esta transformaci\u00f3n urbana del centro hist\u00f3rico ha contribuido a que el escenario de crisis urbana que aquejaba el distrito \u00c2\u00bfp\u00e9rdida y envejecimiento de la poblaci\u00f3n, analfabetismo, paro, importantes d\u00e9ficits infraestructurales, desinversi\u00f3n, deterioro del espacio p\u00fablico y privado\u00c2\u00bf cambiara en parte a un escenario atractivo para la relocalizaci\u00f3n del capital privado, la localizaci\u00f3n de nuevos usos ligados al sector terciario y la localizaci\u00f3n de segmentos m\u00e1s solventes de la poblaci\u00f3n.   estos cambios se ven reflejados en el incremento de la poblaci\u00f3n con estatus socioecon\u00f3mico medio y alto, la importante revalorizaci\u00f3n de los inmuebles y la reducci\u00f3n de la oferta de viviendas en alquiler entre otros. Cambios que podr\u00edan indicar una tendencia hacia una estructura residencial gentrificada, caracterizada por un parque de viviendas encarecido y rehabilitado y por su progresiva elitizaci\u00f3n y expulsi\u00f3n de la poblaci\u00f3n residente con perfil socioecon\u00f3mico bajo.   la recuperaci\u00f3n del centro hist\u00f3rico de barcelona y su posible gentrificaci\u00f3n no es un fen\u00f3meno aislado. Responde a una tendencia presente en muchas ciudades del mundo capitalista avanzado, en las que el retorno de los intereses pol\u00edticos y financieros a los centros de las ciudades, expresado por medio de la revitalizaci\u00f3n o renovaci\u00f3n urbanas, se vincula en gran medida a la reestructuraci\u00f3n econ\u00f3mica tras la crisis mundial de 1973.  a trav\u00e9s de t\u00e9cnicas de an\u00e1lisis cuantitativo del tipo multivariante, demostramos con esta investigaci\u00f3n, que la transformaci\u00f3n urbana de ciutat vella ha provocado la emergencia de una estructura residencial gentrificada, pero que no de manera generalizada. En las zonas tradicionalmente m\u00e1s degradadas y desvalorizadas, ocupadas por poblaci\u00f3n con estatus socioecon\u00f3mico bajo, los grandes vol\u00famenes de inversi\u00f3n p\u00fablica no siempre repercutieron en la rehabilitaci\u00f3n privada de los inmuebles, y por tanto, pese al importante incremento de los precios en todas las zonas, siguieron siendo el puerto de llegada de la poblaci\u00f3n inmigrante, en este caso, extracomunitaria, con perfil socioecon\u00f3mico m\u00e1s bien bajo.  el cuerpo de la tesis est\u00e1 dividido en cuatro partes:   la primera es donde abarcamos el marco te\u00f3rico e hist\u00f3rico y explicamos sus variables y fuentes. Su objetivo principal es, por un lado, situar al lector en la problem\u00e1tica general en la que se inserta la investigaci\u00f3n y por otro, exponer la definici\u00f3n y las fuentes de todos los datos utilizados en la parte cuantitativa de la tesis.   la segunda parte de la tesis entra en el objeto central de nuestra investigaci\u00f3n primando la exposici\u00f3n global de la crisis urbana de ciutat vella que precedi\u00f3 a su transformaci\u00f3n, y su posterior recuperaci\u00f3n, haciendo especial \u00e9nfasis en la explicaci\u00f3n de los planes especiales, sus previsiones, su ejecuci\u00f3n, gesti\u00f3n y financiaci\u00f3n.<\/p>\n<p>&nbsp;<\/p>\n<h3>Datos acad\u00e9micos de la tesis doctoral \u00ab<strong>El impacto de la transformaci\u00f3n urbana en la estructura residencial de ciutat vella<\/strong>\u00ab<\/h3>\n<ul>\n<li><strong>T\u00edtulo de la tesis:<\/strong>\u00a0 El impacto de la transformaci\u00f3n urbana en la estructura residencial de ciutat vella <\/li>\n<li><strong>Autor:<\/strong>\u00a0 Mirela Pinheiro Fiori <\/li>\n<li><strong>Universidad:<\/strong>\u00a0 Polit\u00e9cnica de catalunya<\/li>\n<li><strong>Fecha de lectura de la tesis:<\/strong>\u00a0 29\/04\/2011<\/li>\n<\/ul>\n<p>&nbsp;<\/p>\n<h3>Direcci\u00f3n y tribunal<\/h3>\n<ul>\n<li><strong>Director de la tesis<\/strong>\n<ul>\n<li>Ferran Sagarra Trias<\/li>\n<\/ul>\n<\/li>\n<li><strong>Tribunal<\/strong>\n<ul>\n<li>Presidente del tribunal: manuel Herc\u00e9 vallejo <\/li>\n<li>anna Alabart vila (vocal)<\/li>\n<li>merc\u00e9 Tatjer mir (vocal)<\/li>\n<li>Jos\u00e9 Mar\u00eda Ezquiaga dom\u00ednguez (vocal)<\/li>\n<\/ul>\n<\/li>\n<\/ul>\n<p>&nbsp;<\/p>\n","protected":false},"excerpt":{"rendered":"<p>Tesis doctoral de Mirela Pinheiro Fiori Tal y como indica el mismo t\u00edtulo de esta tesis, la problem\u00e1tica central que [&hellip;]<\/p>\n","protected":false},"author":1,"featured_media":0,"comment_status":"open","ping_status":"open","sticky":false,"template":"","format":"standard","meta":{"site-sidebar-layout":"default","site-content-layout":"","ast-site-content-layout":"","site-content-style":"default","site-sidebar-style":"default","ast-global-header-display":"","ast-banner-title-visibility":"","ast-main-header-display":"","ast-hfb-above-header-display":"","ast-hfb-below-header-display":"","ast-hfb-mobile-header-display":"","site-post-title":"","ast-breadcrumbs-content":"","ast-featured-img":"","footer-sml-layout":"","theme-transparent-header-meta":"","adv-header-id-meta":"","stick-header-meta":"","header-above-stick-meta":"","header-main-stick-meta":"","header-below-stick-meta":"","astra-migrate-meta-layouts":"default","ast-page-background-enabled":"default","ast-page-background-meta":{"desktop":{"background-color":"var(--ast-global-color-4)","background-image":"","background-repeat":"repeat","background-position":"center center","background-size":"auto","background-attachment":"scroll","background-type":"","background-media":"","overlay-type":"","overlay-color":"","overlay-gradient":""},"tablet":{"background-color":"","background-image":"","background-repeat":"repeat","background-position":"center center","background-size":"auto","background-attachment":"scroll","background-type":"","background-media":"","overlay-type":"","overlay-color":"","overlay-gradient":""},"mobile":{"background-color":"","background-image":"","background-repeat":"repeat","background-position":"center center","background-size":"auto","background-attachment":"scroll","background-type":"","background-media":"","overlay-type":"","overlay-color":"","overlay-gradient":""}},"ast-content-background-meta":{"desktop":{"background-color":"var(--ast-global-color-5)","background-image":"","background-repeat":"repeat","background-position":"center center","background-size":"auto","background-attachment":"scroll","background-type":"","background-media":"","overlay-type":"","overlay-color":"","overlay-gradient":""},"tablet":{"background-color":"var(--ast-global-color-5)","background-image":"","background-repeat":"repeat","background-position":"center center","background-size":"auto","background-attachment":"scroll","background-type":"","background-media":"","overlay-type":"","overlay-color":"","overlay-gradient":""},"mobile":{"background-color":"var(--ast-global-color-5)","background-image":"","background-repeat":"repeat","background-position":"center center","background-size":"auto","background-attachment":"scroll","background-type":"","background-media":"","overlay-type":"","overlay-color":"","overlay-gradient":""}},"footnotes":""},"categories":[3148,1401,15596,5468],"tags":[14189,68040,17830,30387,33566,216902],"class_list":["post-108146","post","type-post","status-publish","format-standard","hentry","category-analisis-multivariante","category-geografia-humana","category-politecnica-de-catalunya","category-sociologia-urbana","tag-anna-alabart-vila","tag-ferran-sagarra-trias","tag-jose-maria-ezquiaga-dominguez","tag-manuel-herce-vallejo","tag-merce-tatjer-mir","tag-mirela-pinheiro-fiori"],"_links":{"self":[{"href":"https:\/\/www.deberes.net\/tesis\/wp-json\/wp\/v2\/posts\/108146","targetHints":{"allow":["GET"]}}],"collection":[{"href":"https:\/\/www.deberes.net\/tesis\/wp-json\/wp\/v2\/posts"}],"about":[{"href":"https:\/\/www.deberes.net\/tesis\/wp-json\/wp\/v2\/types\/post"}],"author":[{"embeddable":true,"href":"https:\/\/www.deberes.net\/tesis\/wp-json\/wp\/v2\/users\/1"}],"replies":[{"embeddable":true,"href":"https:\/\/www.deberes.net\/tesis\/wp-json\/wp\/v2\/comments?post=108146"}],"version-history":[{"count":0,"href":"https:\/\/www.deberes.net\/tesis\/wp-json\/wp\/v2\/posts\/108146\/revisions"}],"wp:attachment":[{"href":"https:\/\/www.deberes.net\/tesis\/wp-json\/wp\/v2\/media?parent=108146"}],"wp:term":[{"taxonomy":"category","embeddable":true,"href":"https:\/\/www.deberes.net\/tesis\/wp-json\/wp\/v2\/categories?post=108146"},{"taxonomy":"post_tag","embeddable":true,"href":"https:\/\/www.deberes.net\/tesis\/wp-json\/wp\/v2\/tags?post=108146"}],"curies":[{"name":"wp","href":"https:\/\/api.w.org\/{rel}","templated":true}]}}