{"id":108223,"date":"2011-04-05T00:00:00","date_gmt":"2011-04-05T00:00:00","guid":{"rendered":"https:\/\/www.deberes.net\/tesis\/sin-categoria\/la-metamorfosi-del-centre-a-les-capitals-comarcals-entre-tradicio-i-postmodernitat\/"},"modified":"2011-04-05T00:00:00","modified_gmt":"2011-04-05T00:00:00","slug":"la-metamorfosi-del-centre-a-les-capitals-comarcals-entre-tradicio-i-postmodernitat","status":"publish","type":"post","link":"https:\/\/www.deberes.net\/tesis\/barcelona\/la-metamorfosi-del-centre-a-les-capitals-comarcals-entre-tradicio-i-postmodernitat\/","title":{"rendered":"La metamorfosi del centre a les capitals comarcals: entre tradici\u00f3 i postmodernitat"},"content":{"rendered":"<h2>Tesis doctoral de <strong> Llu\u00eds Frago Clols <\/strong><\/h2>\n<p>Es una investigaci\u00f3n de geograf\u00eda urbana d\u00f3nde la preocupaci\u00f3n conceptual son las ciudades medias. A nivel emp\u00edrico, analizo distintos procesos urbanos en capitales comarcales de catalu\u00f1a. A partir de este an\u00e1lisis concluyo que el fen\u00f3meno urbano es igual en todas las ciudades sean estas peque\u00f1as, medias o grandes. \u00fanicamente existen diferencias de tiempos o de ritmos que permiten hablar de una nueva cronogeograf\u00eda a partir de la suburbanizaci\u00f3n y la recentralizaci\u00f3n. Durante el per\u00edodo actual, la recentralizaci\u00f3n es la etapa clave del fen\u00f3meno urbano. Tal como se demuestra, este proceso es altamente complejo y distinto en cada una de las ciudades investigadas siendo, a la vez, una preocupaci\u00f3n pol\u00edtica importante en la actualidad. Para la elaboraci\u00f3n de la investigaci\u00f3n, el trabajo de campo y el an\u00e1lisis cartogr\u00e1fico han sido la metodolog\u00eda y la t\u00e9cnica utilizadas.<\/p>\n<p>&nbsp;<\/p>\n<h3>Datos acad\u00e9micos de la tesis doctoral \u00ab<strong>La metamorfosi del centre a les capitals comarcals: entre tradici\u00f3 i postmodernitat<\/strong>\u00ab<\/h3>\n<ul>\n<li><strong>T\u00edtulo de la tesis:<\/strong>\u00a0 La metamorfosi del centre a les capitals comarcals: entre tradici\u00f3 i postmodernitat <\/li>\n<li><strong>Autor:<\/strong>\u00a0 Llu\u00eds Frago Clols <\/li>\n<li><strong>Universidad:<\/strong>\u00a0 Barcelona<\/li>\n<li><strong>Fecha de lectura de la tesis:<\/strong>\u00a0 04\/05\/2011<\/li>\n<\/ul>\n<p>&nbsp;<\/p>\n<h3>Direcci\u00f3n y tribunal<\/h3>\n<ul>\n<li><strong>Director de la tesis<\/strong>\n<ul>\n<li>Carles Carreras Verdaguer<\/li>\n<\/ul>\n<\/li>\n<li><strong>Tribunal<\/strong>\n<ul>\n<li>Presidente del tribunal: jaume Font garolera <\/li>\n<li>gregorio Canales mart\u00ednez (vocal)<\/li>\n<li>  (vocal)<\/li>\n<li>  (vocal)<\/li>\n<\/ul>\n<\/li>\n<\/ul>\n<p>&nbsp;<\/p>\n","protected":false},"excerpt":{"rendered":"<p>Tesis doctoral de Llu\u00eds Frago Clols Es una investigaci\u00f3n de geograf\u00eda urbana d\u00f3nde la preocupaci\u00f3n conceptual son las ciudades medias. [&hellip;]<\/p>\n","protected":false},"author":1,"featured_media":0,"comment_status":"open","ping_status":"open","sticky":false,"template":"","format":"standard","meta":{"site-sidebar-layout":"default","site-content-layout":"","ast-site-content-layout":"","site-content-style":"default","site-sidebar-style":"default","ast-global-header-display":"","ast-banner-title-visibility":"","ast-main-header-display":"","ast-hfb-above-header-display":"","ast-hfb-below-header-display":"","ast-hfb-mobile-header-display":"","site-post-title":"","ast-breadcrumbs-content":"","ast-featured-img":"","footer-sml-layout":"","theme-transparent-header-meta":"","adv-header-id-meta":"","stick-header-meta":"","header-above-stick-meta":"","header-main-stick-meta":"","header-below-stick-meta":"","astra-migrate-meta-layouts":"default","ast-page-background-enabled":"default","ast-page-background-meta":{"desktop":{"background-color":"var(--ast-global-color-4)","background-image":"","background-repeat":"repeat","background-position":"center center","background-size":"auto","background-attachment":"scroll","background-type":"","background-media":"","overlay-type":"","overlay-color":"","overlay-gradient":""},"tablet":{"background-color":"","background-image":"","background-repeat":"repeat","background-position":"center center","background-size":"auto","background-attachment":"scroll","background-type":"","background-media":"","overlay-type":"","overlay-color":"","overlay-gradient":""},"mobile":{"background-color":"","background-image":"","background-repeat":"repeat","background-position":"center center","background-size":"auto","background-attachment":"scroll","background-type":"","background-media":"","overlay-type":"","overlay-color":"","overlay-gradient":""}},"ast-content-background-meta":{"desktop":{"background-color":"var(--ast-global-color-5)","background-image":"","background-repeat":"repeat","background-position":"center center","background-size":"auto","background-attachment":"scroll","background-type":"","background-media":"","overlay-type":"","overlay-color":"","overlay-gradient":""},"tablet":{"background-color":"var(--ast-global-color-5)","background-image":"","background-repeat":"repeat","background-position":"center center","background-size":"auto","background-attachment":"scroll","background-type":"","background-media":"","overlay-type":"","overlay-color":"","overlay-gradient":""},"mobile":{"background-color":"var(--ast-global-color-5)","background-image":"","background-repeat":"repeat","background-position":"center center","background-size":"auto","background-attachment":"scroll","background-type":"","background-media":"","overlay-type":"","overlay-color":"","overlay-gradient":""}},"footnotes":""},"categories":[951,33289,3091,5990,8151],"tags":[18494,8524,39312,217032],"class_list":["post-108223","post","type-post","status-publish","format-standard","hentry","category-barcelona","category-geografia-cultural","category-geografia-economica","category-geografia-social","category-geografia-urbana","tag-carles-carreras-verdaguer","tag-gregorio-canales-Martinez","tag-jaume-font-garolera","tag-lluis-frago-clols"],"_links":{"self":[{"href":"https:\/\/www.deberes.net\/tesis\/wp-json\/wp\/v2\/posts\/108223","targetHints":{"allow":["GET"]}}],"collection":[{"href":"https:\/\/www.deberes.net\/tesis\/wp-json\/wp\/v2\/posts"}],"about":[{"href":"https:\/\/www.deberes.net\/tesis\/wp-json\/wp\/v2\/types\/post"}],"author":[{"embeddable":true,"href":"https:\/\/www.deberes.net\/tesis\/wp-json\/wp\/v2\/users\/1"}],"replies":[{"embeddable":true,"href":"https:\/\/www.deberes.net\/tesis\/wp-json\/wp\/v2\/comments?post=108223"}],"version-history":[{"count":0,"href":"https:\/\/www.deberes.net\/tesis\/wp-json\/wp\/v2\/posts\/108223\/revisions"}],"wp:attachment":[{"href":"https:\/\/www.deberes.net\/tesis\/wp-json\/wp\/v2\/media?parent=108223"}],"wp:term":[{"taxonomy":"category","embeddable":true,"href":"https:\/\/www.deberes.net\/tesis\/wp-json\/wp\/v2\/categories?post=108223"},{"taxonomy":"post_tag","embeddable":true,"href":"https:\/\/www.deberes.net\/tesis\/wp-json\/wp\/v2\/tags?post=108223"}],"curies":[{"name":"wp","href":"https:\/\/api.w.org\/{rel}","templated":true}]}}