{"id":108259,"date":"2011-06-05T00:00:00","date_gmt":"2011-06-05T00:00:00","guid":{"rendered":"https:\/\/www.deberes.net\/tesis\/sin-categoria\/senadores-romanos-de-origen-africano\/"},"modified":"2011-06-05T00:00:00","modified_gmt":"2011-06-05T00:00:00","slug":"senadores-romanos-de-origen-africano","status":"publish","type":"post","link":"https:\/\/www.deberes.net\/tesis\/historia-antigua\/senadores-romanos-de-origen-africano\/","title":{"rendered":"\u00absenadores romanos de origen africano\u00bb"},"content":{"rendered":"<h2>Tesis doctoral de <strong> Isabel Teresa Salcedo De Prado <\/strong><\/h2>\n<p>Poco m\u00e1s de un siglo medi\u00f3 entre la conquista de las fasces consulares por un africano y la consolidaci\u00f3n de otro al frente del imperio. Al igual que otros provinciales, y a la zaga de galos e hispanos, los africanos consiguieron progresar a trav\u00e9s de la estratificada jerarqu\u00eda social, hasta formar parte intr\u00ednseca de la clase senatorial romana. Este ascenso consigui\u00f3 su m\u00e1s alta expresi\u00f3n con el establecimiento de una dinast\u00eda imperial africana, y en la pugna de otros senadores de \u00e1frica por revestir la p\u00farpura imperial.  dada su relevancia y la fuerte impronta del contingente africano en el devenir del imperio, era conveniente ahondar en este proceso de provincializaci\u00f3n africana de la curia, que por otra parte ha sido se\u00f1alado desde antiguo, pero que carec\u00eda hasta ahora de un an\u00e1lisis monogr\u00e1fico. Por ello esta tesis ha ahondado en el an\u00e1lisis individual, hasta ahora escuetamente se\u00f1alado, para poder abstraer la especificidad de lo colectivo, ofreciendo un estudio transversal al tiempo que concreto. As\u00ed se pretende comprender la incursi\u00f3n africana en la curia de roma, mediante la descripci\u00f3n de los cauces y sustentos de su promoci\u00f3n, y su concreci\u00f3n en el estudio de la carrera de los honores. para ello se ha llevado a cabo un riguroso an\u00e1lisis epigr\u00e1fico y prosopogr\u00e1fico con el fin de  determinar el conjunto social a estudiar, atendiendo a los miembros del ordo senatorial procedentes de las provincias norteafricanas hasta \u00e9poca de galieno, por considerar que el periodo posterior dista cada vez m\u00e1s de la realidad desarrollada hasta entonces. determinado el rango y la procedencia de los clar\u00edsimos se ha abordado el estudio de este contingente social en dos partes. En la primera se ha analizado el \u00e1mbito social, econ\u00f3mico y cultural que favoreci\u00f3 la promoci\u00f3n de las gentes de \u00e1frica, determinando a su vez el preciso camino recorrido por las familias que finalmente alcanzar\u00edan la curia. Se ha rastreado el origen social de los clar\u00edsimos, desde la curia local a la de roma, atendi\u00e9ndose a las relaciones sociales, tanto de amistad como de familiaridad, como motores imprescindibles para entender este ascenso social.  en una segunda parte de la investigaci\u00f3n se ha procedido a la descripci\u00f3n y estudio de sus carreras pol\u00edticas, los sacerdocios que desempe\u00f1aron, as\u00ed como su integraci\u00f3n entre las familias patricias. De esta forma, a trav\u00e9s de la concreci\u00f3n de sus m\u00e9ritos pol\u00edticos y sociales, se ha analizado hasta qu\u00e9 punto, cu\u00e1ndo y de qu\u00e9 forma se produjo la inmersi\u00f3n africana en el ordo senatorial.<\/p>\n<p>&nbsp;<\/p>\n<h3>Datos acad\u00e9micos de la tesis doctoral \u00ab<strong>\u00absenadores romanos de origen africano\u00bb<\/strong>\u00ab<\/h3>\n<ul>\n<li><strong>T\u00edtulo de la tesis:<\/strong>\u00a0 \u00absenadores romanos de origen africano\u00bb <\/li>\n<li><strong>Autor:<\/strong>\u00a0 Isabel Teresa Salcedo De Prado <\/li>\n<li><strong>Universidad:<\/strong>\u00a0 Navarra<\/li>\n<li><strong>Fecha de lectura de la tesis:<\/strong>\u00a0 06\/05\/2011<\/li>\n<\/ul>\n<p>&nbsp;<\/p>\n<h3>Direcci\u00f3n y tribunal<\/h3>\n<ul>\n<li><strong>Director de la tesis<\/strong>\n<ul>\n<li>Francisco Javier Navarro Santana<\/li>\n<\/ul>\n<\/li>\n<li><strong>Tribunal<\/strong>\n<ul>\n<li>Presidente del tribunal: Mar\u00eda del carmen Castillo Garc\u00eda <\/li>\n<li>Juan  Manuel Abascal palaz\u00f3n (vocal)<\/li>\n<li>sabine Lefebvre (vocal)<\/li>\n<li>Francisco Javier Fernandez nieto (vocal)<\/li>\n<\/ul>\n<\/li>\n<\/ul>\n<p>&nbsp;<\/p>\n","protected":false},"excerpt":{"rendered":"<p>Tesis doctoral de Isabel Teresa Salcedo De Prado Poco m\u00e1s de un siglo medi\u00f3 entre la conquista de las fasces [&hellip;]<\/p>\n","protected":false},"author":1,"featured_media":0,"comment_status":"open","ping_status":"open","sticky":false,"template":"","format":"standard","meta":{"site-sidebar-layout":"default","site-content-layout":"","ast-site-content-layout":"","site-content-style":"default","site-sidebar-style":"default","ast-global-header-display":"","ast-banner-title-visibility":"","ast-main-header-display":"","ast-hfb-above-header-display":"","ast-hfb-below-header-display":"","ast-hfb-mobile-header-display":"","site-post-title":"","ast-breadcrumbs-content":"","ast-featured-img":"","footer-sml-layout":"","theme-transparent-header-meta":"","adv-header-id-meta":"","stick-header-meta":"","header-above-stick-meta":"","header-main-stick-meta":"","header-below-stick-meta":"","astra-migrate-meta-layouts":"default","ast-page-background-enabled":"default","ast-page-background-meta":{"desktop":{"background-color":"var(--ast-global-color-4)","background-image":"","background-repeat":"repeat","background-position":"center center","background-size":"auto","background-attachment":"scroll","background-type":"","background-media":"","overlay-type":"","overlay-color":"","overlay-gradient":""},"tablet":{"background-color":"","background-image":"","background-repeat":"repeat","background-position":"center center","background-size":"auto","background-attachment":"scroll","background-type":"","background-media":"","overlay-type":"","overlay-color":"","overlay-gradient":""},"mobile":{"background-color":"","background-image":"","background-repeat":"repeat","background-position":"center center","background-size":"auto","background-attachment":"scroll","background-type":"","background-media":"","overlay-type":"","overlay-color":"","overlay-gradient":""}},"ast-content-background-meta":{"desktop":{"background-color":"var(--ast-global-color-5)","background-image":"","background-repeat":"repeat","background-position":"center center","background-size":"auto","background-attachment":"scroll","background-type":"","background-media":"","overlay-type":"","overlay-color":"","overlay-gradient":""},"tablet":{"background-color":"var(--ast-global-color-5)","background-image":"","background-repeat":"repeat","background-position":"center center","background-size":"auto","background-attachment":"scroll","background-type":"","background-media":"","overlay-type":"","overlay-color":"","overlay-gradient":""},"mobile":{"background-color":"var(--ast-global-color-5)","background-image":"","background-repeat":"repeat","background-position":"center center","background-size":"auto","background-attachment":"scroll","background-type":"","background-media":"","overlay-type":"","overlay-color":"","overlay-gradient":""}},"footnotes":""},"categories":[50328,569,639,17749],"tags":[572,147087,217086,19228,162672,217087],"class_list":["post-108259","post","type-post","status-publish","format-standard","hentry","category-estratigrafia-historica","category-historia-antigua","category-historia-de-paises","category-navarra","tag-francisco-javier-fernandez-nieto","tag-francisco-javier-navarro-santana","tag-isabel-teresa-salcedo-de-prado","tag-juan-manuel-abascal-palazon","tag-maria-del-carmen-castillo-garcia","tag-sabine-lefebvre"],"_links":{"self":[{"href":"https:\/\/www.deberes.net\/tesis\/wp-json\/wp\/v2\/posts\/108259","targetHints":{"allow":["GET"]}}],"collection":[{"href":"https:\/\/www.deberes.net\/tesis\/wp-json\/wp\/v2\/posts"}],"about":[{"href":"https:\/\/www.deberes.net\/tesis\/wp-json\/wp\/v2\/types\/post"}],"author":[{"embeddable":true,"href":"https:\/\/www.deberes.net\/tesis\/wp-json\/wp\/v2\/users\/1"}],"replies":[{"embeddable":true,"href":"https:\/\/www.deberes.net\/tesis\/wp-json\/wp\/v2\/comments?post=108259"}],"version-history":[{"count":0,"href":"https:\/\/www.deberes.net\/tesis\/wp-json\/wp\/v2\/posts\/108259\/revisions"}],"wp:attachment":[{"href":"https:\/\/www.deberes.net\/tesis\/wp-json\/wp\/v2\/media?parent=108259"}],"wp:term":[{"taxonomy":"category","embeddable":true,"href":"https:\/\/www.deberes.net\/tesis\/wp-json\/wp\/v2\/categories?post=108259"},{"taxonomy":"post_tag","embeddable":true,"href":"https:\/\/www.deberes.net\/tesis\/wp-json\/wp\/v2\/tags?post=108259"}],"curies":[{"name":"wp","href":"https:\/\/api.w.org\/{rel}","templated":true}]}}