{"id":108269,"date":"2011-06-05T00:00:00","date_gmt":"2011-06-05T00:00:00","guid":{"rendered":"https:\/\/www.deberes.net\/tesis\/sin-categoria\/una-aproximacion-funcional-al-estudio-de-la-interaccion-verbal-en-terapia\/"},"modified":"2011-06-05T00:00:00","modified_gmt":"2011-06-05T00:00:00","slug":"una-aproximacion-funcional-al-estudio-de-la-interaccion-verbal-en-terapia","status":"publish","type":"post","link":"https:\/\/www.deberes.net\/tesis\/psicologia\/una-aproximacion-funcional-al-estudio-de-la-interaccion-verbal-en-terapia\/","title":{"rendered":"\u00abuna aproximaci\u00f3n funcional al estudio de la interacci\u00f3n verbal en terapia\u00bb."},"content":{"rendered":"<h2>Tesis doctoral de <strong> Elena Ruiz Sancho <\/strong><\/h2>\n<p>Por qu\u00e9 funcionan los tratamientos psicol\u00f3gicos o, dicho de otra manera, cu\u00e1les son los procesos que subyacen o explican el cambio en terapia, son preguntas que cualquier psic\u00f3logo en general y el cl\u00ednico en particular, est\u00e1 interesado en contestar. Sin embargo la respuesta no es f\u00e1cil, a pesar de los muchos intentos que se han realizado en este sentido. El inter\u00e9s resurgido en los \u00faltimos a\u00f1os ha abierto diversas l\u00edneas de investigaci\u00f3n, que van desde el intento de identificaci\u00f3n de los factores comunes a los distintos enfoques terap\u00e9uticos al \u00e9nfasis en el estudio de la alianza terap\u00e9utica como principal promotor del cambio en la cl\u00ednica. Paralelamente a estos planteamientos, otros autores proponen realizar un estudio detallado de lo que sucede en sesi\u00f3n, con el fin de identificar los procesos de aprendizaje que se ponen en marcha en la cl\u00ednica para lograr el cambio conductual deseado en la persona que solicita ayuda; y esto se podr\u00eda hacer, tal y como se propone en esta tesis, a partir del an\u00e1lisis funcional de la interacci\u00f3n terapeuta-cliente. se presentan tres estudios emp\u00edricos sobre la interacci\u00f3n funcional de la conducta verbal en terapia entre los dos protagonistas de la misma. Concretamente se han identificado cuatro patrones comportamentales que ponen en marcha los psic\u00f3logos denominados actividades cl\u00ednicamente relevantes: evaluar, explicar, tratar y consolidar. Se estudia la evoluci\u00f3n de las verbalizaciones de los clientes a lo largo de los mismos y mediante el an\u00e1lisis secuencial de unos y otros contenidos se sugiere la posible funcionalidad de las verbalizaciones de los terapeutas sobre el comportamiento de los clientes, identificando posibles procesos de moldeamiento en el contexto cl\u00ednico. Este trabajo nos permite dar un paso m\u00e1s en la mejora de nuestras intervenciones ya que, conocer qu\u00e9 procesos de aprendizaje subyacen al cambio cl\u00ednico y en qu\u00e9 momento ponerlos en marcha nos permite ser mucho m\u00e1s eficientes en nuestro trabajo y, finalmente, conseguir un objetivo com\u00fan: ayudar a nuestros clientes a ser m\u00e1s felices<\/p>\n<p>&nbsp;<\/p>\n<h3>Datos acad\u00e9micos de la tesis doctoral \u00ab<strong>\u00abuna aproximaci\u00f3n funcional al estudio de la interacci\u00f3n verbal en terapia\u00bb.<\/strong>\u00ab<\/h3>\n<ul>\n<li><strong>T\u00edtulo de la tesis:<\/strong>\u00a0 \u00abuna aproximaci\u00f3n funcional al estudio de la interacci\u00f3n verbal en terapia\u00bb. <\/li>\n<li><strong>Autor:<\/strong>\u00a0 Elena Ruiz Sancho <\/li>\n<li><strong>Universidad:<\/strong>\u00a0 Aut\u00f3noma de Madrid<\/li>\n<li><strong>Fecha de lectura de la tesis:<\/strong>\u00a0 06\/05\/2011<\/li>\n<\/ul>\n<p>&nbsp;<\/p>\n<h3>Direcci\u00f3n y tribunal<\/h3>\n<ul>\n<li><strong>Director de la tesis<\/strong>\n<ul>\n<li>Mar\u00eda Xes\u00fas Froj\u00e1n Parga<\/li>\n<\/ul>\n<\/li>\n<li><strong>Tribunal<\/strong>\n<ul>\n<li>Presidente del tribunal: jos\u00e9 Santacreu mas <\/li>\n<li>fran\u00ed\u00a7ois Tonneau (vocal)<\/li>\n<li>esteve Freixa baqu\u00e9 (vocal)<\/li>\n<li>santos Orejudo hern\u00e1ndez (vocal)<\/li>\n<\/ul>\n<\/li>\n<\/ul>\n<p>&nbsp;<\/p>\n","protected":false},"excerpt":{"rendered":"<p>Tesis doctoral de Elena Ruiz Sancho Por qu\u00e9 funcionan los tratamientos psicol\u00f3gicos o, dicho de otra manera, cu\u00e1les son los [&hellip;]<\/p>\n","protected":false},"author":1,"featured_media":0,"comment_status":"open","ping_status":"open","sticky":false,"template":"","format":"standard","meta":{"site-sidebar-layout":"default","site-content-layout":"","ast-site-content-layout":"","site-content-style":"default","site-sidebar-style":"default","ast-global-header-display":"","ast-banner-title-visibility":"","ast-main-header-display":"","ast-hfb-above-header-display":"","ast-hfb-below-header-display":"","ast-hfb-mobile-header-display":"","site-post-title":"","ast-breadcrumbs-content":"","ast-featured-img":"","footer-sml-layout":"","theme-transparent-header-meta":"","adv-header-id-meta":"","stick-header-meta":"","header-above-stick-meta":"","header-main-stick-meta":"","header-below-stick-meta":"","astra-migrate-meta-layouts":"default","ast-page-background-enabled":"default","ast-page-background-meta":{"desktop":{"background-color":"var(--ast-global-color-4)","background-image":"","background-repeat":"repeat","background-position":"center center","background-size":"auto","background-attachment":"scroll","background-type":"","background-media":"","overlay-type":"","overlay-color":"","overlay-gradient":""},"tablet":{"background-color":"","background-image":"","background-repeat":"repeat","background-position":"center center","background-size":"auto","background-attachment":"scroll","background-type":"","background-media":"","overlay-type":"","overlay-color":"","overlay-gradient":""},"mobile":{"background-color":"","background-image":"","background-repeat":"repeat","background-position":"center center","background-size":"auto","background-attachment":"scroll","background-type":"","background-media":"","overlay-type":"","overlay-color":"","overlay-gradient":""}},"ast-content-background-meta":{"desktop":{"background-color":"var(--ast-global-color-5)","background-image":"","background-repeat":"repeat","background-position":"center center","background-size":"auto","background-attachment":"scroll","background-type":"","background-media":"","overlay-type":"","overlay-color":"","overlay-gradient":""},"tablet":{"background-color":"var(--ast-global-color-5)","background-image":"","background-repeat":"repeat","background-position":"center center","background-size":"auto","background-attachment":"scroll","background-type":"","background-media":"","overlay-type":"","overlay-color":"","overlay-gradient":""},"mobile":{"background-color":"var(--ast-global-color-5)","background-image":"","background-repeat":"repeat","background-position":"center center","background-size":"auto","background-attachment":"scroll","background-type":"","background-media":"","overlay-type":"","overlay-color":"","overlay-gradient":""}},"footnotes":""},"categories":[23762,324],"tags":[217102,193728,193729,41869,193727,68470],"class_list":["post-108269","post","type-post","status-publish","format-standard","hentry","category-estudios-de-comunidades","category-psicologia","tag-elena-ruiz-sancho","tag-esteve-freixa-baque","tag-franiois-tonneau","tag-jose-santacreu-mas","tag-maria-xesus-frojan-parga","tag-santos-orejudo-hernandez"],"_links":{"self":[{"href":"https:\/\/www.deberes.net\/tesis\/wp-json\/wp\/v2\/posts\/108269","targetHints":{"allow":["GET"]}}],"collection":[{"href":"https:\/\/www.deberes.net\/tesis\/wp-json\/wp\/v2\/posts"}],"about":[{"href":"https:\/\/www.deberes.net\/tesis\/wp-json\/wp\/v2\/types\/post"}],"author":[{"embeddable":true,"href":"https:\/\/www.deberes.net\/tesis\/wp-json\/wp\/v2\/users\/1"}],"replies":[{"embeddable":true,"href":"https:\/\/www.deberes.net\/tesis\/wp-json\/wp\/v2\/comments?post=108269"}],"version-history":[{"count":0,"href":"https:\/\/www.deberes.net\/tesis\/wp-json\/wp\/v2\/posts\/108269\/revisions"}],"wp:attachment":[{"href":"https:\/\/www.deberes.net\/tesis\/wp-json\/wp\/v2\/media?parent=108269"}],"wp:term":[{"taxonomy":"category","embeddable":true,"href":"https:\/\/www.deberes.net\/tesis\/wp-json\/wp\/v2\/categories?post=108269"},{"taxonomy":"post_tag","embeddable":true,"href":"https:\/\/www.deberes.net\/tesis\/wp-json\/wp\/v2\/tags?post=108269"}],"curies":[{"name":"wp","href":"https:\/\/api.w.org\/{rel}","templated":true}]}}