{"id":108299,"date":"2011-06-05T00:00:00","date_gmt":"2011-06-05T00:00:00","guid":{"rendered":"https:\/\/www.deberes.net\/tesis\/sin-categoria\/comercio-internacional-y-diferencias-salariales-en-bolivia\/"},"modified":"2011-06-05T00:00:00","modified_gmt":"2011-06-05T00:00:00","slug":"comercio-internacional-y-diferencias-salariales-en-bolivia","status":"publish","type":"post","link":"https:\/\/www.deberes.net\/tesis\/modelos-econometricos\/comercio-internacional-y-diferencias-salariales-en-bolivia\/","title":{"rendered":"Comercio internacional y diferencias salariales en bolivia"},"content":{"rendered":"<h2>Tesis doctoral de <strong> Oscar Jorge Molina Tejerina <\/strong><\/h2>\n<p>La presente tesis analiza c\u00f3mo el comercio internacional -y m\u00e1s particularmente la intensidad comercial-, distinguiendo entre sectores transables y no transables, incide sobre las diferencias salariales por g\u00e9nero. A partir del modelo propuesto por gary becker se contrasta la hip\u00f3tesis de que en un pa\u00eds donde exista propensi\u00f3n a discriminar a las mujeres deber\u00eda esperarse que la discriminaci\u00f3n fuese menor en los sectores transables. En particular, podr\u00eda incluso suceder que en los sectores transables dicha discriminaci\u00f3n no existiera. la evidencia emp\u00edrica disponible procede de la encuesta de hogares de bolivia para el 2002, que se prepar\u00f3 dentro del programa mecovi (mejoramiento de encuestas y condiciones de vida de la poblaci\u00f3n), y que es la \u00fanica base de datos en el citado pa\u00eds que tiene la particularidad de poder clasificar a los individuos seg\u00fan su actividad principal de acuerdo con la clasificaci\u00f3n internacional industrial uniforme. se ha escogido bolivia por ser uno de los pa\u00edses m\u00e1s pobres y desiguales del continente americano. Adem\u00e1s de por su pobreza, y esto es menos conocido, bolivia es uno de los pa\u00edses pioneros de las pol\u00edticas liberalizadoras que se generalizaron en casi todo el continente durante la d\u00e9cada de los noventa de la mano del consenso de washington, con consecuencias no del todo estudiadas. a partir de estimaciones econom\u00e9tricas corregidas por sesgo de selecci\u00f3n del nivel de ingresos se calcula la descomposici\u00f3n de oaxaca-blinder, ya que esta metodolog\u00eda es la m\u00e1s empleada para analizar temas de discriminaci\u00f3n. los resultados muestran que en bolivia existe en general una propensi\u00f3n a discriminar a la mujer en el mercado de trabajo. La estimaci\u00f3n de la descomposici\u00f3n, diferenciando los sectores transables de los no transables, muestra que para los primeros no existe evidencia estad\u00edstica de discriminaci\u00f3n, mientras que ocurre lo contrario para los sectores no transables, aunque las pruebas estad\u00edsticas sugieren que la diferencia entre ambas no es estad\u00edsticamente significativa, demostrando -curiosamente-la hip\u00f3tesis fuerte de la tesis pero no la d\u00e9bil.  finalmente, se realiza una nueva variaci\u00f3n del modelo te\u00f3rico levantando parcialmente el supuesto de mercados perfectos e identificando a la agricultura como un sector que, internacionalmente, se aproxima a un mercado imperfecto y, localmente, a un mercado perfecto. Los resultados muestran que, para el caso de la agricultura, la propensi\u00f3n por discriminar es mayor en el mercado imperfecto que en el mercado perfecto. asimismo, una vez excluido el sector agr\u00edcola, las nuevas estimaciones permiten demostrar tanto la hip\u00f3tesis fuerte como la d\u00e9bil, ya que la evidencia aportada permite concluir que, en mercados aproximadamente perfectos, tanto locales como internacionales, la intensidad comercial disminuye la propensi\u00f3n a discriminar por raz\u00f3n de g\u00e9nero.<\/p>\n<p>&nbsp;<\/p>\n<h3>Datos acad\u00e9micos de la tesis doctoral \u00ab<strong>Comercio internacional y diferencias salariales en bolivia<\/strong>\u00ab<\/h3>\n<ul>\n<li><strong>T\u00edtulo de la tesis:<\/strong>\u00a0 Comercio internacional y diferencias salariales en bolivia <\/li>\n<li><strong>Autor:<\/strong>\u00a0 Oscar Jorge Molina Tejerina <\/li>\n<li><strong>Universidad:<\/strong>\u00a0 Polit\u00e9cnica de Valencia<\/li>\n<li><strong>Fecha de lectura de la tesis:<\/strong>\u00a0 06\/05\/2011<\/li>\n<\/ul>\n<p>&nbsp;<\/p>\n<h3>Direcci\u00f3n y tribunal<\/h3>\n<ul>\n<li><strong>Director de la tesis<\/strong>\n<ul>\n<li>Raul Compes Lopez<\/li>\n<\/ul>\n<\/li>\n<li><strong>Tribunal<\/strong>\n<ul>\n<li>Presidente del tribunal: Jos\u00e9 Mar\u00eda Jord\u00e1n galduf <\/li>\n<li>Mar\u00eda  teresa Domingo segarra (vocal)<\/li>\n<li>Marta Iba\u00f1ez pascual (vocal)<\/li>\n<li>Luis Miguel Albisu aguado (vocal)<\/li>\n<\/ul>\n<\/li>\n<\/ul>\n<p>&nbsp;<\/p>\n","protected":false},"excerpt":{"rendered":"<p>Tesis doctoral de Oscar Jorge Molina Tejerina La presente tesis analiza c\u00f3mo el comercio internacional -y m\u00e1s particularmente la intensidad [&hellip;]<\/p>\n","protected":false},"author":1,"featured_media":0,"comment_status":"open","ping_status":"open","sticky":false,"template":"","format":"standard","meta":{"site-sidebar-layout":"default","site-content-layout":"","ast-site-content-layout":"","site-content-style":"default","site-sidebar-style":"default","ast-global-header-display":"","ast-banner-title-visibility":"","ast-main-header-display":"","ast-hfb-above-header-display":"","ast-hfb-below-header-display":"","ast-hfb-mobile-header-display":"","site-post-title":"","ast-breadcrumbs-content":"","ast-featured-img":"","footer-sml-layout":"","theme-transparent-header-meta":"","adv-header-id-meta":"","stick-header-meta":"","header-above-stick-meta":"","header-main-stick-meta":"","header-below-stick-meta":"","astra-migrate-meta-layouts":"default","ast-page-background-enabled":"default","ast-page-background-meta":{"desktop":{"background-color":"var(--ast-global-color-4)","background-image":"","background-repeat":"repeat","background-position":"center center","background-size":"auto","background-attachment":"scroll","background-type":"","background-media":"","overlay-type":"","overlay-color":"","overlay-gradient":""},"tablet":{"background-color":"","background-image":"","background-repeat":"repeat","background-position":"center center","background-size":"auto","background-attachment":"scroll","background-type":"","background-media":"","overlay-type":"","overlay-color":"","overlay-gradient":""},"mobile":{"background-color":"","background-image":"","background-repeat":"repeat","background-position":"center center","background-size":"auto","background-attachment":"scroll","background-type":"","background-media":"","overlay-type":"","overlay-color":"","overlay-gradient":""}},"ast-content-background-meta":{"desktop":{"background-color":"var(--ast-global-color-5)","background-image":"","background-repeat":"repeat","background-position":"center center","background-size":"auto","background-attachment":"scroll","background-type":"","background-media":"","overlay-type":"","overlay-color":"","overlay-gradient":""},"tablet":{"background-color":"var(--ast-global-color-5)","background-image":"","background-repeat":"repeat","background-position":"center center","background-size":"auto","background-attachment":"scroll","background-type":"","background-media":"","overlay-type":"","overlay-color":"","overlay-gradient":""},"mobile":{"background-color":"var(--ast-global-color-5)","background-image":"","background-repeat":"repeat","background-position":"center center","background-size":"auto","background-attachment":"scroll","background-type":"","background-media":"","overlay-type":"","overlay-color":"","overlay-gradient":""}},"footnotes":""},"categories":[524,829,16820,19929,6830],"tags":[11698,10272,217145,217146,217144,68551],"class_list":["post-108299","post","type-post","status-publish","format-standard","hentry","category-modelos-econometricos","category-modelos-y-teorias-del-desarrollo-economico","category-politecnica-de-valencia","category-redistribucion","category-teoria-del-comercio-internacional","tag-jose-maria-jordan-galduf","tag-luis-miguel-albisu-aguado","tag-maria-teresa-domingo-segarra","tag-marta-ibanez-pascual","tag-oscar-jorge-molina-tejerina","tag-raul-compes-lopez"],"_links":{"self":[{"href":"https:\/\/www.deberes.net\/tesis\/wp-json\/wp\/v2\/posts\/108299","targetHints":{"allow":["GET"]}}],"collection":[{"href":"https:\/\/www.deberes.net\/tesis\/wp-json\/wp\/v2\/posts"}],"about":[{"href":"https:\/\/www.deberes.net\/tesis\/wp-json\/wp\/v2\/types\/post"}],"author":[{"embeddable":true,"href":"https:\/\/www.deberes.net\/tesis\/wp-json\/wp\/v2\/users\/1"}],"replies":[{"embeddable":true,"href":"https:\/\/www.deberes.net\/tesis\/wp-json\/wp\/v2\/comments?post=108299"}],"version-history":[{"count":0,"href":"https:\/\/www.deberes.net\/tesis\/wp-json\/wp\/v2\/posts\/108299\/revisions"}],"wp:attachment":[{"href":"https:\/\/www.deberes.net\/tesis\/wp-json\/wp\/v2\/media?parent=108299"}],"wp:term":[{"taxonomy":"category","embeddable":true,"href":"https:\/\/www.deberes.net\/tesis\/wp-json\/wp\/v2\/categories?post=108299"},{"taxonomy":"post_tag","embeddable":true,"href":"https:\/\/www.deberes.net\/tesis\/wp-json\/wp\/v2\/tags?post=108299"}],"curies":[{"name":"wp","href":"https:\/\/api.w.org\/{rel}","templated":true}]}}