{"id":108344,"date":"2011-10-05T00:00:00","date_gmt":"2011-10-05T00:00:00","guid":{"rendered":"https:\/\/www.deberes.net\/tesis\/sin-categoria\/la-hospitalizacion-psiquiatrica-en-andaluca%c2%ada-evolucion-diagnostica-de-los-trastornos-de-personalidad\/"},"modified":"2011-10-05T00:00:00","modified_gmt":"2011-10-05T00:00:00","slug":"la-hospitalizacion-psiquiatrica-en-andaluca%c2%ada-evolucion-diagnostica-de-los-trastornos-de-personalidad","status":"publish","type":"post","link":"https:\/\/www.deberes.net\/tesis\/psicopatologia\/la-hospitalizacion-psiquiatrica-en-andaluca%c2%ada-evolucion-diagnostica-de-los-trastornos-de-personalidad\/","title":{"rendered":"La hospitalizaci\u00f3n psiqui\u00e1trica en andaluc\u00eda: evoluci\u00f3n diagn\u00f3stica de los trastornos de personalidad"},"content":{"rendered":"<h2>Tesis doctoral de <strong> Andr\u00e9s Fontalba Navas <\/strong><\/h2>\n<p>Resumen:partiendo de la visi\u00f3n global de la hospitalizaci\u00f3n psiqui\u00e1trica en la comunidad aut\u00f3noma andaluza, el presente estudio pretende profundizar sobre la evoluci\u00f3n diagn\u00f3stica de los trastornos de personalidad y su impacto sobre el uso de dispositivos sanitarios. Se plante\u00f3 un estudio observacional retrospectivo y anal\u00edtico de los pacientes ingresados en las unidades de hospitalizaci\u00f3n psiqui\u00e1trica, recogidos mediante el registro cmbd a lo largo de diez a\u00f1os (1995-2004). El n\u00famero de pacientes, as\u00ed como de ingresos, con al menos un diagn\u00f3stico de trastorno de personalidad est\u00e1 aumentando, pero no igual en todos los subtipos. El trastorno l\u00edmite de personalidad es el que experimenta el mayor aumento, igualmente asociado a altas tasas de rehospitalizaci\u00f3n. El grupo de trastorno de personalidad sin especificar es el segundo en importancia por pacientes e ingresos, presentando a su vez un patr\u00f3n estable. en el an\u00e1lisis por grupos diagn\u00f3sticos el principal cl\u00faster y que experimenta un crecimiento importante es el cl\u00faster b, que va acaparando la mayor parte del peso en la cl\u00ednica hospitalaria.El cl\u00faster a comprende una menor proporci\u00f3n, y adem\u00e1s presenta una tendencia bastante sostenida a disminuir. El cl\u00faster c es el m\u00e1s minoritario de todos, aunque est\u00e1 experimentando un crecimiento, contin\u00faa siendo un escaso porcentaje de los trastornos de personalidad.Mediante un an\u00e1lisis de las tendencias podemos estimar que crecen el trastorno l\u00edmite de la personalidad y el narcisista, y junto a \u00e9ste el cl\u00faster b que incluye a los dos, y con un peque\u00f1o porcentaje el trastorno evitativo y el dependiente, junto con el cl\u00faster c, que incluye a ambos.Los diagn\u00f3sticos de trastornos de personalidad que mantienen un patr\u00f3n estable a lo largo del periodo \u00edndice son el trastorno antisocial de personalidad, el trastorno esquizoide de personalidad, el trastorno obsesivo-compulsivo de personalidad, y el m\u00e1s estable de todos que ser\u00eda el trastorno de personalidad sin especificar. Las categor\u00edas diagn\u00f3sticas que experimentan un crecimiento negativo son el trastorno histri\u00f3nico de personalidad, el trastorno paranoide de personalidad y el trastorno esquizot\u00edpico de personalidad<\/p>\n<p>&nbsp;<\/p>\n<h3>Datos acad\u00e9micos de la tesis doctoral \u00ab<strong>La hospitalizaci\u00f3n psiqui\u00e1trica en andaluc\u00eda: evoluci\u00f3n diagn\u00f3stica de los trastornos de personalidad<\/strong>\u00ab<\/h3>\n<ul>\n<li><strong>T\u00edtulo de la tesis:<\/strong>\u00a0 La hospitalizaci\u00f3n psiqui\u00e1trica en andaluc\u00eda: evoluci\u00f3n diagn\u00f3stica de los trastornos de personalidad <\/li>\n<li><strong>Autor:<\/strong>\u00a0 Andr\u00e9s Fontalba Navas <\/li>\n<li><strong>Universidad:<\/strong>\u00a0 M\u00e1laga<\/li>\n<li><strong>Fecha de lectura de la tesis:<\/strong>\u00a0 10\/05\/2011<\/li>\n<\/ul>\n<p>&nbsp;<\/p>\n<h3>Direcci\u00f3n y tribunal<\/h3>\n<ul>\n<li><strong>Director de la tesis<\/strong>\n<ul>\n<li>Jos\u00e9 Miguel Pena Andreu<\/li>\n<\/ul>\n<\/li>\n<li><strong>Tribunal<\/strong>\n<ul>\n<li>Presidente del tribunal: Antonio Bulbena vilarrasa <\/li>\n<li>Jos\u00e9 Luis Martinez gonzalez (vocal)<\/li>\n<li>Jorge  Antonio Cervilla ballesteros (vocal)<\/li>\n<li>blanca Gutierrez Martinez (vocal)<\/li>\n<\/ul>\n<\/li>\n<\/ul>\n<p>&nbsp;<\/p>\n","protected":false},"excerpt":{"rendered":"<p>Tesis doctoral de Andr\u00e9s Fontalba Navas Resumen:partiendo de la visi\u00f3n global de la hospitalizaci\u00f3n psiqui\u00e1trica en la comunidad aut\u00f3noma andaluza, [&hellip;]<\/p>\n","protected":false},"author":1,"featured_media":0,"comment_status":"open","ping_status":"open","sticky":false,"template":"","format":"standard","meta":{"site-sidebar-layout":"default","site-content-layout":"","ast-site-content-layout":"","site-content-style":"default","site-sidebar-style":"default","ast-global-header-display":"","ast-banner-title-visibility":"","ast-main-header-display":"","ast-hfb-above-header-display":"","ast-hfb-below-header-display":"","ast-hfb-mobile-header-display":"","site-post-title":"","ast-breadcrumbs-content":"","ast-featured-img":"","footer-sml-layout":"","theme-transparent-header-meta":"","adv-header-id-meta":"","stick-header-meta":"","header-above-stick-meta":"","header-main-stick-meta":"","header-below-stick-meta":"","astra-migrate-meta-layouts":"default","ast-page-background-enabled":"default","ast-page-background-meta":{"desktop":{"background-color":"var(--ast-global-color-4)","background-image":"","background-repeat":"repeat","background-position":"center center","background-size":"auto","background-attachment":"scroll","background-type":"","background-media":"","overlay-type":"","overlay-color":"","overlay-gradient":""},"tablet":{"background-color":"","background-image":"","background-repeat":"repeat","background-position":"center center","background-size":"auto","background-attachment":"scroll","background-type":"","background-media":"","overlay-type":"","overlay-color":"","overlay-gradient":""},"mobile":{"background-color":"","background-image":"","background-repeat":"repeat","background-position":"center center","background-size":"auto","background-attachment":"scroll","background-type":"","background-media":"","overlay-type":"","overlay-color":"","overlay-gradient":""}},"ast-content-background-meta":{"desktop":{"background-color":"var(--ast-global-color-5)","background-image":"","background-repeat":"repeat","background-position":"center center","background-size":"auto","background-attachment":"scroll","background-type":"","background-media":"","overlay-type":"","overlay-color":"","overlay-gradient":""},"tablet":{"background-color":"var(--ast-global-color-5)","background-image":"","background-repeat":"repeat","background-position":"center center","background-size":"auto","background-attachment":"scroll","background-type":"","background-media":"","overlay-type":"","overlay-color":"","overlay-gradient":""},"mobile":{"background-color":"var(--ast-global-color-5)","background-image":"","background-repeat":"repeat","background-position":"center center","background-size":"auto","background-attachment":"scroll","background-type":"","background-media":"","overlay-type":"","overlay-color":"","overlay-gradient":""}},"footnotes":""},"categories":[3289,7834,325],"tags":[217218,13481,99097,150239,217219,24698],"class_list":["post-108344","post","type-post","status-publish","format-standard","hentry","category-deficiencia-mental-del-nino-y-del-adolescente","category-malaga","category-psicopatologia","tag-andres-fontalba-navas","tag-antonio-bulbena-vilarrasa","tag-blanca-gutierrez-Martinez","tag-jorge-antonio-cervilla-ballesteros","tag-jose-luis-Martinez-gonzalez","tag-jose-miguel-pena-andreu"],"_links":{"self":[{"href":"https:\/\/www.deberes.net\/tesis\/wp-json\/wp\/v2\/posts\/108344","targetHints":{"allow":["GET"]}}],"collection":[{"href":"https:\/\/www.deberes.net\/tesis\/wp-json\/wp\/v2\/posts"}],"about":[{"href":"https:\/\/www.deberes.net\/tesis\/wp-json\/wp\/v2\/types\/post"}],"author":[{"embeddable":true,"href":"https:\/\/www.deberes.net\/tesis\/wp-json\/wp\/v2\/users\/1"}],"replies":[{"embeddable":true,"href":"https:\/\/www.deberes.net\/tesis\/wp-json\/wp\/v2\/comments?post=108344"}],"version-history":[{"count":0,"href":"https:\/\/www.deberes.net\/tesis\/wp-json\/wp\/v2\/posts\/108344\/revisions"}],"wp:attachment":[{"href":"https:\/\/www.deberes.net\/tesis\/wp-json\/wp\/v2\/media?parent=108344"}],"wp:term":[{"taxonomy":"category","embeddable":true,"href":"https:\/\/www.deberes.net\/tesis\/wp-json\/wp\/v2\/categories?post=108344"},{"taxonomy":"post_tag","embeddable":true,"href":"https:\/\/www.deberes.net\/tesis\/wp-json\/wp\/v2\/tags?post=108344"}],"curies":[{"name":"wp","href":"https:\/\/api.w.org\/{rel}","templated":true}]}}