{"id":108349,"date":"2011-11-05T00:00:00","date_gmt":"2011-11-05T00:00:00","guid":{"rendered":"https:\/\/www.deberes.net\/tesis\/sin-categoria\/el-escultor-alejandro-carnicero-1693-1756\/"},"modified":"2011-11-05T00:00:00","modified_gmt":"2011-11-05T00:00:00","slug":"el-escultor-alejandro-carnicero-1693-1756","status":"publish","type":"post","link":"https:\/\/www.deberes.net\/tesis\/historia\/el-escultor-alejandro-carnicero-1693-1756\/","title":{"rendered":"El escultor alejandro carnicero (1693-1756)"},"content":{"rendered":"<h2>Tesis doctoral de <strong> Virginia Albarran Martin <\/strong><\/h2>\n<p>Alejandro carnicero miguel (1693-1756) naci\u00f3 en \u00edscar (valladolid). Su formaci\u00f3n se produjo en salamanca junto a jos\u00e9 de larra dom\u00ednguez (h. 1665-1739), cu\u00f1ado de jos\u00e9 benito, joaqu\u00edn y alberto de churriguera, para quienes trabaj\u00f3 como escultor y a c uyo c\u00edrculo carnicero se mantuvo ligado durante toda su vida. A trav\u00e9s de su aprendizaje junto a larra, carnicero asimil\u00f3 una serie de influencias que determinaron su manera de hacer, en la que se advierte de forma especial el peso de gregorio fern\u00e1n dez (1575-1636), atemperado por los logros de la nueva orientaci\u00f3n cortesana, favorecida por los artistas italianos y franceses que llegaron a espa\u00f1a a principios del siglo xviii para trabajar en las obras reales, lo que vincula la producci\u00f3n de carn icero al sentimiento cortesano, en ocasiones pr\u00f3xima al gusto rococ\u00f3 por su elegancia y refinamiento. desde el comienzo de su maestr\u00eda, obtenida en torno a 1715, el vallisoletano, establecido en salamanca, demostr\u00f3 igual habilidad en el trabajo en pi edra y en madera, inici\u00e1ndose tambi\u00e9n por esos a\u00f1os en la pr\u00e1ctica del grabado a buril, evidenciando desde muy temprano su especial versatilidad como artista. a finales de la tercera d\u00e9cada del siglo ya estaba considerado como el mejor escultor de la  ciudad del tormes junto a su maestro larra, seg\u00fan demuestran las obras trabajadas tanto en salamanca como en las provincias de valladolid y c\u00e1ceres. Tambi\u00e9n en esas fechas fund\u00f3 la congregaci\u00f3n de artistas de san lucas, que reuni\u00f3 buen n\u00famero de los  escultores, pintores, doradores, ensambladores, tallistas y maestros de obras de la ciudad, cont\u00e1ndose entre sus cometidos la defensa de los privilegios de sus profesiones como actividades intelectuales, algo por lo que carnicero fue reconocido en s u \u00e9poca y reclamado desde otras provincias espa\u00f1olas, lo que le sit\u00faa plenamente inmerso en el ambiente art\u00edstico que le toc\u00f3 vivir. a mediados de 1733, una dolencia provoc\u00f3 su traslad\u00f3 a valladolid para ingresar en el hospital de dementes, en el que  permaneci\u00f3 durante unos meses, tras de los cuales decidi\u00f3 establecerse en la ciudad del pisuerga, donde abri\u00f3 un activo taller del que salieron esculturas tan destacadas como el san miguel arc\u00e1ngel titular del hospital de nava del rey (valladolid), que puede considerarse una de sus obras maestras por su arriesgada composici\u00f3n y belleza. a finales de 1738 ya hab\u00eda regresado a salamanca, inici\u00e1ndose el periodo de su madurez profesional. En ese momento domina el panorama escult\u00f3rico de salamanca y<\/p>\n<p>&nbsp;<\/p>\n<h3>Datos acad\u00e9micos de la tesis doctoral \u00ab<strong>El escultor alejandro carnicero (1693-1756)<\/strong>\u00ab<\/h3>\n<ul>\n<li><strong>T\u00edtulo de la tesis:<\/strong>\u00a0 El escultor alejandro carnicero (1693-1756) <\/li>\n<li><strong>Autor:<\/strong>\u00a0 Virginia Albarran Martin <\/li>\n<li><strong>Universidad:<\/strong>\u00a0 Complutense de Madrid<\/li>\n<li><strong>Fecha de lectura de la tesis:<\/strong>\u00a0 11\/05\/2011<\/li>\n<\/ul>\n<p>&nbsp;<\/p>\n<h3>Direcci\u00f3n y tribunal<\/h3>\n<ul>\n<li><strong>Director de la tesis<\/strong>\n<ul>\n<li>Mar\u00eda  Socorro Salvador Prieto<\/li>\n<\/ul>\n<\/li>\n<li><strong>Tribunal<\/strong>\n<ul>\n<li>Presidente del tribunal: Francisco jos\u00e9 Portela sandoval <\/li>\n<li>alfonso Pleguezuelo hern\u00e1ndez (vocal)<\/li>\n<li>Jes\u00fas Urrea fern\u00e1ndez (vocal)<\/li>\n<li>concepcion Garcia gainza (vocal)<\/li>\n<\/ul>\n<\/li>\n<\/ul>\n<p>&nbsp;<\/p>\n","protected":false},"excerpt":{"rendered":"<p>Tesis doctoral de Virginia Albarran Martin Alejandro carnicero miguel (1693-1756) naci\u00f3 en \u00edscar (valladolid). Su formaci\u00f3n se produjo en salamanca [&hellip;]<\/p>\n","protected":false},"author":1,"featured_media":0,"comment_status":"open","ping_status":"open","sticky":false,"template":"","format":"standard","meta":{"site-sidebar-layout":"default","site-content-layout":"","ast-site-content-layout":"","site-content-style":"default","site-sidebar-style":"default","ast-global-header-display":"","ast-banner-title-visibility":"","ast-main-header-display":"","ast-hfb-above-header-display":"","ast-hfb-below-header-display":"","ast-hfb-mobile-header-display":"","site-post-title":"","ast-breadcrumbs-content":"","ast-featured-img":"","footer-sml-layout":"","theme-transparent-header-meta":"","adv-header-id-meta":"","stick-header-meta":"","header-above-stick-meta":"","header-main-stick-meta":"","header-below-stick-meta":"","astra-migrate-meta-layouts":"default","ast-page-background-enabled":"default","ast-page-background-meta":{"desktop":{"background-color":"var(--ast-global-color-4)","background-image":"","background-repeat":"repeat","background-position":"center center","background-size":"auto","background-attachment":"scroll","background-type":"","background-media":"","overlay-type":"","overlay-color":"","overlay-gradient":""},"tablet":{"background-color":"","background-image":"","background-repeat":"repeat","background-position":"center center","background-size":"auto","background-attachment":"scroll","background-type":"","background-media":"","overlay-type":"","overlay-color":"","overlay-gradient":""},"mobile":{"background-color":"","background-image":"","background-repeat":"repeat","background-position":"center center","background-size":"auto","background-attachment":"scroll","background-type":"","background-media":"","overlay-type":"","overlay-color":"","overlay-gradient":""}},"ast-content-background-meta":{"desktop":{"background-color":"var(--ast-global-color-5)","background-image":"","background-repeat":"repeat","background-position":"center center","background-size":"auto","background-attachment":"scroll","background-type":"","background-media":"","overlay-type":"","overlay-color":"","overlay-gradient":""},"tablet":{"background-color":"var(--ast-global-color-5)","background-image":"","background-repeat":"repeat","background-position":"center center","background-size":"auto","background-attachment":"scroll","background-type":"","background-media":"","overlay-type":"","overlay-color":"","overlay-gradient":""},"mobile":{"background-color":"var(--ast-global-color-5)","background-image":"","background-repeat":"repeat","background-position":"center center","background-size":"auto","background-attachment":"scroll","background-type":"","background-media":"","overlay-type":"","overlay-color":"","overlay-gradient":""}},"footnotes":""},"categories":[986,104],"tags":[11315,12862,5884,5604,42148,217226],"class_list":["post-108349","post","type-post","status-publish","format-standard","hentry","category-complutense-de-madrid","category-historia","tag-alfonso-pleguezuelo-hernandez","tag-concepcion-garcia-gainza","tag-francisco-jose-portela-sandoval","tag-jesus-urrea-fernandez","tag-maria-socorro-salvador-prieto","tag-virginia-albarran-martin"],"_links":{"self":[{"href":"https:\/\/www.deberes.net\/tesis\/wp-json\/wp\/v2\/posts\/108349","targetHints":{"allow":["GET"]}}],"collection":[{"href":"https:\/\/www.deberes.net\/tesis\/wp-json\/wp\/v2\/posts"}],"about":[{"href":"https:\/\/www.deberes.net\/tesis\/wp-json\/wp\/v2\/types\/post"}],"author":[{"embeddable":true,"href":"https:\/\/www.deberes.net\/tesis\/wp-json\/wp\/v2\/users\/1"}],"replies":[{"embeddable":true,"href":"https:\/\/www.deberes.net\/tesis\/wp-json\/wp\/v2\/comments?post=108349"}],"version-history":[{"count":0,"href":"https:\/\/www.deberes.net\/tesis\/wp-json\/wp\/v2\/posts\/108349\/revisions"}],"wp:attachment":[{"href":"https:\/\/www.deberes.net\/tesis\/wp-json\/wp\/v2\/media?parent=108349"}],"wp:term":[{"taxonomy":"category","embeddable":true,"href":"https:\/\/www.deberes.net\/tesis\/wp-json\/wp\/v2\/categories?post=108349"},{"taxonomy":"post_tag","embeddable":true,"href":"https:\/\/www.deberes.net\/tesis\/wp-json\/wp\/v2\/tags?post=108349"}],"curies":[{"name":"wp","href":"https:\/\/api.w.org\/{rel}","templated":true}]}}