{"id":108361,"date":"2011-11-05T00:00:00","date_gmt":"2011-11-05T00:00:00","guid":{"rendered":"https:\/\/www.deberes.net\/tesis\/sin-categoria\/variacion-en-los-procesos-de-palatalizacion-de-yod-segunda-o-como-la-sincrona%c2%ada-permite-la-explicacion-de-la-diacrona%c2%ada\/"},"modified":"2011-11-05T00:00:00","modified_gmt":"2011-11-05T00:00:00","slug":"variacion-en-los-procesos-de-palatalizacion-de-yod-segunda-o-como-la-sincrona%c2%ada-permite-la-explicacion-de-la-diacrona%c2%ada","status":"publish","type":"post","link":"https:\/\/www.deberes.net\/tesis\/fonologia\/variacion-en-los-procesos-de-palatalizacion-de-yod-segunda-o-como-la-sincrona%c2%ada-permite-la-explicacion-de-la-diacrona%c2%ada\/","title":{"rendered":"Variaci\u00f3n en los procesos de palatalizaci\u00f3n de yod segunda (o c\u00f3mo la sincron\u00edapermite la explicaci\u00f3n de la diacron\u00eda)"},"content":{"rendered":"<h2>Tesis doctoral de <strong> M\u00aa Assumpci\u00f3 Rost Bagudanch <\/strong><\/h2>\n<p>\u00abvariaci\u00f3n en los procesos de palatalizac\u00f3n de yod segunda (o c\u00f3mo la sincron\u00eda permite la explicaci\u00f3n de la diacron\u00eda)\u00bb pretende explicar las razones fon\u00e9tico-fonol\u00f3gicas del cambio del contexto latino lj al fonema fricativo velar sordo \/x\/ del espa\u00f1ol actual. Para ello, a diferencia de estudios anteriores que se centran en la descripci\u00f3n del fen\u00f3meno, se ha decidido dar otro enfoque a esta cuesti\u00f3n, tomando como punto de referencia las investigaciones de autores como lindblom, ohala o blevins. Estos ling\u00ed\u00bcistas defienden que las mismas tendencias que llevaron al cambio fon\u00e9tico-fonol\u00f3gico en tiempos pasados siguen d\u00e1ndose en el habla espont\u00e1nea actual, puesto que buena parte de ellas corresponden a universales ling\u00ed\u00bc\u00edsticos o a conductas generales en un sistema determinado.  as\u00ed pues, para dar cuenta del porqu\u00e9 una secuencia como lj del lat\u00edn pudo transformarse en un fono nuevo lateral palatal y, posteriormente, pasar a uno fricativo velar, se han empleado datos emp\u00edricos procedentes de dos \u00e1reas diferentes: los obtenidos a partir del an\u00e1lisis fon\u00e9tico experimental del habla y los procedentes de los estudios dialectales. La conjunci\u00f3n de ambas fuentes permite dibujar un panorama de las posibilidades que ofrece la lengua en contextos an\u00e1logos a los que dieron lugar al cambio hist\u00f3rico y permiten confirmar que la aparici\u00f3n de la lateral palatal, as\u00ed como su alteraci\u00f3n en aproximante palatal (ye\u00edsmo), responden a motivaciones inherentes al propio sistema fon\u00e9tico que, ayudadas por condicionantes de tipo pol\u00edtico y social, acabaron difundi\u00e9ndose al conjunto de los hablantes.<\/p>\n<p>&nbsp;<\/p>\n<h3>Datos acad\u00e9micos de la tesis doctoral \u00ab<strong>Variaci\u00f3n en los procesos de palatalizaci\u00f3n de yod segunda (o c\u00f3mo la sincron\u00edapermite la explicaci\u00f3n de la diacron\u00eda)<\/strong>\u00ab<\/h3>\n<ul>\n<li><strong>T\u00edtulo de la tesis:<\/strong>\u00a0 Variaci\u00f3n en los procesos de palatalizaci\u00f3n de yod segunda (o c\u00f3mo la sincron\u00edapermite la explicaci\u00f3n de la diacron\u00eda) <\/li>\n<li><strong>Autor:<\/strong>\u00a0 M\u00aa Assumpci\u00f3 Rost Bagudanch <\/li>\n<li><strong>Universidad:<\/strong>\u00a0 Girona<\/li>\n<li><strong>Fecha de lectura de la tesis:<\/strong>\u00a0 11\/05\/2011<\/li>\n<\/ul>\n<p>&nbsp;<\/p>\n<h3>Direcci\u00f3n y tribunal<\/h3>\n<ul>\n<li><strong>Director de la tesis<\/strong>\n<ul>\n<li>Montserrat Batllori Dillet<\/li>\n<\/ul>\n<\/li>\n<li><strong>Tribunal<\/strong>\n<ul>\n<li>Presidente del tribunal: Jos\u00e9 manuel Blecua perdices <\/li>\n<li>daniel Recasens vives (vocal)<\/li>\n<li>Juan a Gil fern\u00e1ndez (vocal)<\/li>\n<li>Jos\u00e9 Antonio Pascual rodr\u00edguez (vocal)<\/li>\n<\/ul>\n<\/li>\n<\/ul>\n<p>&nbsp;<\/p>\n","protected":false},"excerpt":{"rendered":"<p>Tesis doctoral de M\u00aa Assumpci\u00f3 Rost Bagudanch \u00abvariaci\u00f3n en los procesos de palatalizac\u00f3n de yod segunda (o c\u00f3mo la sincron\u00eda [&hellip;]<\/p>\n","protected":false},"author":1,"featured_media":0,"comment_status":"open","ping_status":"open","sticky":false,"template":"","format":"standard","meta":{"site-sidebar-layout":"default","site-content-layout":"","ast-site-content-layout":"","site-content-style":"default","site-sidebar-style":"default","ast-global-header-display":"","ast-banner-title-visibility":"","ast-main-header-display":"","ast-hfb-above-header-display":"","ast-hfb-below-header-display":"","ast-hfb-mobile-header-display":"","site-post-title":"","ast-breadcrumbs-content":"","ast-featured-img":"","footer-sml-layout":"","theme-transparent-header-meta":"","adv-header-id-meta":"","stick-header-meta":"","header-above-stick-meta":"","header-main-stick-meta":"","header-below-stick-meta":"","astra-migrate-meta-layouts":"default","ast-page-background-enabled":"default","ast-page-background-meta":{"desktop":{"background-color":"var(--ast-global-color-4)","background-image":"","background-repeat":"repeat","background-position":"center center","background-size":"auto","background-attachment":"scroll","background-type":"","background-media":"","overlay-type":"","overlay-color":"","overlay-gradient":""},"tablet":{"background-color":"","background-image":"","background-repeat":"repeat","background-position":"center center","background-size":"auto","background-attachment":"scroll","background-type":"","background-media":"","overlay-type":"","overlay-color":"","overlay-gradient":""},"mobile":{"background-color":"","background-image":"","background-repeat":"repeat","background-position":"center center","background-size":"auto","background-attachment":"scroll","background-type":"","background-media":"","overlay-type":"","overlay-color":"","overlay-gradient":""}},"ast-content-background-meta":{"desktop":{"background-color":"var(--ast-global-color-5)","background-image":"","background-repeat":"repeat","background-position":"center center","background-size":"auto","background-attachment":"scroll","background-type":"","background-media":"","overlay-type":"","overlay-color":"","overlay-gradient":""},"tablet":{"background-color":"var(--ast-global-color-5)","background-image":"","background-repeat":"repeat","background-position":"center center","background-size":"auto","background-attachment":"scroll","background-type":"","background-media":"","overlay-type":"","overlay-color":"","overlay-gradient":""},"mobile":{"background-color":"var(--ast-global-color-5)","background-image":"","background-repeat":"repeat","background-position":"center center","background-size":"auto","background-attachment":"scroll","background-type":"","background-media":"","overlay-type":"","overlay-color":"","overlay-gradient":""}},"footnotes":""},"categories":[10487,424,18809,636],"tags":[14083,4454,13618,6436,46015,217241],"class_list":["post-108361","post","type-post","status-publish","format-standard","hentry","category-fonetica","category-fonologia","category-girona","category-lengua-y-literatura","tag-daniel-recasens-vives","tag-jose-antonio-pascual-rodriguez","tag-jose-manuel-blecua-perdices","tag-juan-a-gil-fernandez","tag-montserrat-batllori-dillet","tag-ma-assumpcio-rost-bagudanch"],"_links":{"self":[{"href":"https:\/\/www.deberes.net\/tesis\/wp-json\/wp\/v2\/posts\/108361","targetHints":{"allow":["GET"]}}],"collection":[{"href":"https:\/\/www.deberes.net\/tesis\/wp-json\/wp\/v2\/posts"}],"about":[{"href":"https:\/\/www.deberes.net\/tesis\/wp-json\/wp\/v2\/types\/post"}],"author":[{"embeddable":true,"href":"https:\/\/www.deberes.net\/tesis\/wp-json\/wp\/v2\/users\/1"}],"replies":[{"embeddable":true,"href":"https:\/\/www.deberes.net\/tesis\/wp-json\/wp\/v2\/comments?post=108361"}],"version-history":[{"count":0,"href":"https:\/\/www.deberes.net\/tesis\/wp-json\/wp\/v2\/posts\/108361\/revisions"}],"wp:attachment":[{"href":"https:\/\/www.deberes.net\/tesis\/wp-json\/wp\/v2\/media?parent=108361"}],"wp:term":[{"taxonomy":"category","embeddable":true,"href":"https:\/\/www.deberes.net\/tesis\/wp-json\/wp\/v2\/categories?post=108361"},{"taxonomy":"post_tag","embeddable":true,"href":"https:\/\/www.deberes.net\/tesis\/wp-json\/wp\/v2\/tags?post=108361"}],"curies":[{"name":"wp","href":"https:\/\/api.w.org\/{rel}","templated":true}]}}