{"id":108397,"date":"2018-03-11T10:33:09","date_gmt":"2018-03-11T10:33:09","guid":{"rendered":"https:\/\/www.deberes.net\/tesis\/sin-categoria\/el-humanismo-socialista-de-erich-fromm-cuius-regio-eius-religio\/"},"modified":"2018-03-11T10:33:09","modified_gmt":"2018-03-11T10:33:09","slug":"el-humanismo-socialista-de-erich-fromm-cuius-regio-eius-religio","status":"publish","type":"post","link":"https:\/\/www.deberes.net\/tesis\/extremadura\/el-humanismo-socialista-de-erich-fromm-cuius-regio-eius-religio\/","title":{"rendered":"El humanismo socialista de erich fromm. cuius regio eius religio."},"content":{"rendered":"<h2>Tesis doctoral de <strong> Francisco Javier Ruiz Dur\u00e1n <\/strong><\/h2>\n<p>La guerra fr\u00eda, no s\u00f3lo fue un enfrentamiento pol\u00edt\u00edco-militar entre dos grandes superpotencias, tambi\u00e9n fue el marco de una cruda batalla ideol\u00f3gica entre dos modelos pol\u00edticos, sociales y econ\u00f3micos totalmente antag\u00f3nicos. El mundo intelectual se dividi\u00f3 en el mismo plano que la divisi\u00f3n pol\u00edtica.     la revoluci\u00f3n sovi\u00e9tica hipnotiz\u00f3 la imaginaci\u00f3n de todos los progresistas del mundo y les condujo a aplaudir la transformaci\u00f3n gigantesca que exig\u00eda sobre la condici\u00f3n humana. Tras la gran guerra se hab\u00edan perdido los viejos valores. Pero esa necesidad moral fue captada y manipulada, a un nivel desconocido hasta entonces, por el genio propagand\u00edstico de la internacional comunista willi m\u00ed\u00bcnzenberg.      tras la ii guerra mundial estados unidos y gran breta\u00f1a temiendo que el mito de la superioridad \u00e9tica y cultural comunista arraigase en toda europa impuls\u00f3 desde 1940 el deslizamiento de intelectuales hacia su campo. As\u00ed el congreso por la libertad cultural, gracias a muchos trotskistas exiliados, cre\u00f3 una nueva ideolog\u00eda, la izquierda no comunista, que en am\u00e9rica fue la base del partido socialdem\u00f3crata americano, fromm cre\u00f3 el programa pol\u00edtico, que entrar\u00eda a formar parte del partido dem\u00f3crata, donde fromm particip\u00f3 como asesor en la presidenciales de 1968. Posteriormente una facci\u00f3n m\u00e1s dura dentro del congreso por la libertad cultural y del partido dem\u00f3crata se escindieron tanto para llevar a ronald reagan a la presidencia de los estados unidos con el partido republicano como al nacimiento del movimiento neoconservador.<\/p>\n<p>&nbsp;<\/p>\n<h3>Datos acad\u00e9micos de la tesis doctoral \u00ab<strong>El humanismo socialista de erich fromm. cuius regio eius religio.<\/strong>\u00ab<\/h3>\n<ul>\n<li><strong>T\u00edtulo de la tesis:<\/strong>\u00a0 El humanismo socialista de erich fromm. cuius regio eius religio. <\/li>\n<li><strong>Autor:<\/strong>\u00a0 Francisco Javier Ruiz Dur\u00e1n <\/li>\n<li><strong>Universidad:<\/strong>\u00a0 Extremadura<\/li>\n<li><strong>Fecha de lectura de la tesis:<\/strong>\u00a0 13\/05\/2011<\/li>\n<\/ul>\n<p>&nbsp;<\/p>\n<h3>Direcci\u00f3n y tribunal<\/h3>\n<ul>\n<li><strong>Director de la tesis<\/strong>\n<ul>\n<li>Andoni Alonso Puelles<\/li>\n<\/ul>\n<\/li>\n<li><strong>Tribunal<\/strong>\n<ul>\n<li>Presidente del tribunal: isidoro Reguera p\u00e9rez <\/li>\n<li>Manuel Fern\u00e1ndez del riesgo (vocal)<\/li>\n<li>graciano Gonz\u00e1lez rodr\u00edguez (vocal)<\/li>\n<li>Antonio Lafuente garcia (vocal)<\/li>\n<\/ul>\n<\/li>\n<\/ul>\n<p>&nbsp;<\/p>\n","protected":false},"excerpt":{"rendered":"<p>Tesis doctoral de Francisco Javier Ruiz Dur\u00e1n La guerra fr\u00eda, no s\u00f3lo fue un enfrentamiento pol\u00edt\u00edco-militar entre dos grandes superpotencias, [&hellip;]<\/p>\n","protected":false},"author":1,"featured_media":0,"comment_status":"open","ping_status":"open","sticky":false,"template":"","format":"standard","meta":{"site-sidebar-layout":"default","site-content-layout":"","ast-site-content-layout":"","site-content-style":"default","site-sidebar-style":"default","ast-global-header-display":"","ast-banner-title-visibility":"","ast-main-header-display":"","ast-hfb-above-header-display":"","ast-hfb-below-header-display":"","ast-hfb-mobile-header-display":"","site-post-title":"","ast-breadcrumbs-content":"","ast-featured-img":"","footer-sml-layout":"","theme-transparent-header-meta":"","adv-header-id-meta":"","stick-header-meta":"","header-above-stick-meta":"","header-main-stick-meta":"","header-below-stick-meta":"","astra-migrate-meta-layouts":"default","ast-page-background-enabled":"default","ast-page-background-meta":{"desktop":{"background-color":"var(--ast-global-color-4)","background-image":"","background-repeat":"repeat","background-position":"center center","background-size":"auto","background-attachment":"scroll","background-type":"","background-media":"","overlay-type":"","overlay-color":"","overlay-gradient":""},"tablet":{"background-color":"","background-image":"","background-repeat":"repeat","background-position":"center center","background-size":"auto","background-attachment":"scroll","background-type":"","background-media":"","overlay-type":"","overlay-color":"","overlay-gradient":""},"mobile":{"background-color":"","background-image":"","background-repeat":"repeat","background-position":"center center","background-size":"auto","background-attachment":"scroll","background-type":"","background-media":"","overlay-type":"","overlay-color":"","overlay-gradient":""}},"ast-content-background-meta":{"desktop":{"background-color":"var(--ast-global-color-5)","background-image":"","background-repeat":"repeat","background-position":"center center","background-size":"auto","background-attachment":"scroll","background-type":"","background-media":"","overlay-type":"","overlay-color":"","overlay-gradient":""},"tablet":{"background-color":"var(--ast-global-color-5)","background-image":"","background-repeat":"repeat","background-position":"center center","background-size":"auto","background-attachment":"scroll","background-type":"","background-media":"","overlay-type":"","overlay-color":"","overlay-gradient":""},"mobile":{"background-color":"var(--ast-global-color-5)","background-image":"","background-repeat":"repeat","background-position":"center center","background-size":"auto","background-attachment":"scroll","background-type":"","background-media":"","overlay-type":"","overlay-color":"","overlay-gradient":""}},"footnotes":""},"categories":[949,6008,3538],"tags":[157448,7177,217293,115001,23979,139482],"class_list":["post-108397","post","type-post","status-publish","format-standard","hentry","category-extremadura","category-filosofia-politica","category-historia-de-las-ideas-politicas","tag-andoni-alonso-puelles","tag-antonio-lafuente-garcia","tag-francisco-javier-ruiz-duran","tag-graciano-gonzalez-rodriguez","tag-isidoro-reguera-perez","tag-manuel-fernandez-del-riesgo"],"_links":{"self":[{"href":"https:\/\/www.deberes.net\/tesis\/wp-json\/wp\/v2\/posts\/108397","targetHints":{"allow":["GET"]}}],"collection":[{"href":"https:\/\/www.deberes.net\/tesis\/wp-json\/wp\/v2\/posts"}],"about":[{"href":"https:\/\/www.deberes.net\/tesis\/wp-json\/wp\/v2\/types\/post"}],"author":[{"embeddable":true,"href":"https:\/\/www.deberes.net\/tesis\/wp-json\/wp\/v2\/users\/1"}],"replies":[{"embeddable":true,"href":"https:\/\/www.deberes.net\/tesis\/wp-json\/wp\/v2\/comments?post=108397"}],"version-history":[{"count":0,"href":"https:\/\/www.deberes.net\/tesis\/wp-json\/wp\/v2\/posts\/108397\/revisions"}],"wp:attachment":[{"href":"https:\/\/www.deberes.net\/tesis\/wp-json\/wp\/v2\/media?parent=108397"}],"wp:term":[{"taxonomy":"category","embeddable":true,"href":"https:\/\/www.deberes.net\/tesis\/wp-json\/wp\/v2\/categories?post=108397"},{"taxonomy":"post_tag","embeddable":true,"href":"https:\/\/www.deberes.net\/tesis\/wp-json\/wp\/v2\/tags?post=108397"}],"curies":[{"name":"wp","href":"https:\/\/api.w.org\/{rel}","templated":true}]}}