{"id":108416,"date":"2018-03-11T10:33:15","date_gmt":"2018-03-11T10:33:15","guid":{"rendered":"https:\/\/www.deberes.net\/tesis\/sin-categoria\/efecto-del-fuego-sobre-la-germinacion-y-el-banco-de-semillas-edafico-del-ericaceas-de-galicia\/"},"modified":"2018-03-11T10:33:15","modified_gmt":"2018-03-11T10:33:15","slug":"efecto-del-fuego-sobre-la-germinacion-y-el-banco-de-semillas-edafico-del-ericaceas-de-galicia","status":"publish","type":"post","link":"https:\/\/www.deberes.net\/tesis\/ecologia-vegetal\/efecto-del-fuego-sobre-la-germinacion-y-el-banco-de-semillas-edafico-del-ericaceas-de-galicia\/","title":{"rendered":"Efecto del fuego sobre la germinaci\u00f3n y el banco de semillas ed\u00e1fico del eric\u00e1ceas de galicia"},"content":{"rendered":"<h2>Tesis doctoral de <strong> Araceli Mar\u00eda Iglesia Rodr\u00edguez <\/strong><\/h2>\n<p>Este estudio pretende contribuir al conocimiento de los efectos ecol\u00f3gicos de los incendios forestales sobre comunidades de matorrales atl\u00e1nticos de inter\u00e9s para la conservaci\u00f3n seg\u00fan la directiva h\u00e1bitats. en el primer cap\u00edtulo se analiza, mediante ensayos de germinaci\u00f3n en condiciones controladas, el efecto de la temperatura y el humo en la germinaci\u00f3n de 10 especies de eric\u00e1ceas caracter\u00edsticas de dichos matorrales. estos factores se estudian en cuanto a su variabilidad interanual y el almacenamiento a corto plazo de las semillas. en el segundo cap\u00edtulo se estudia el banco de semillas antes y despu\u00e9s del incendio forestal en dos comunidades de matorral. La caracterizaci\u00f3n del banco se realiza in situ, con el seguimiento de la germinaci\u00f3n en matorrales quemados mediante el m\u00e9todo indirecto (extracci\u00f3n, recuento e identificaci\u00f3n peri\u00f3dica de pl\u00e1ntulas emergidas en parcelas permanentes de estudio) y ex situ, analizando el banco de semillas de \u00e9stas comunidades antes y despu\u00e9s del fuego, mediante extracci\u00f3n de suelo y recuento directo de la germinaci\u00f3n en el laboratorio. las eric\u00e1ceas estudiadas, difieren entre s\u00ed en cuanto a su nivel de germinaci\u00f3n control, que en una de ellas es elevado (e. Scoparia), en cinco alcanza valores medios (e. Arborea, e. Ciliaris, e. Umbellata, e. Tetralix y e. Vagans), y en las cuatro restantes es muy baja o incluso nula (c. Vulgaris, e. Australis, e. Cinerea, e. Erigena). Tambi\u00e9n difieren en su ritmo de germinaci\u00f3n, destacando por su rapidez e. Arborea, e. Scoparia y e. Umbellata,; mientras que c. Vulgaris es la que germina m\u00e1s lentamente. Adem\u00e1s, tambi\u00e9n difieren en cuanto a la variabilidad interanual y con el almacenamiento a corto plazo de dicho nivel de germinaci\u00f3n, que se modifica en cuatro de ellas y no lo hace en cinco, destacando entre ellas e. Australis y e. Cinerea por su ausencia de germinaci\u00f3n. las temperaturas alcanzadas en el suelo en los incendios forestales pueden estimular en mayor o menor medida la germinaci\u00f3n en seis de las especies estudiadas (c. Vulgaris, e. Ciliaris, e. Erigena, e. Tetralix, e. Vagans y ocasionalmente e. Umbellata), y reducirla en cuatro de ellas seg\u00fan su intensidad, lo que concuerda con un posible efecto de escarificaci\u00f3n y de p\u00e9rdida de viabilidad por exceso de calor. Adem\u00e1s, cuatro de ellas no modifican su germinaci\u00f3n, destacando entre ellas nuevamente e. Australis y e. Cinerea, que no germinan. Esta respuesta tambi\u00e9n presenta variabilidad interanual, y con el almacenamiento a corto plazo cuyo principal efecto es el del incremento de su efecto reductor con las temperaturas de intensidad alta o incluso media, destacando e. Umbellata como la \u00fanica que puede incrementar su germinaci\u00f3n con dichas intensidades. el humo incrementa la germinaci\u00f3n en la mayor\u00eda de las especies estudiadas, concordando con el posible efecto funcional de su principio activo, presentando escasa variabilidad interanual y con el almacenamiento a corto plazo. Su efecto reductor, ocasionado por otros compuestos inhibidores presentes en el humo se aprecia ocasionalmente en e. Tetralix y e. Vagans. Nuevamente, e. Australis y e. Cinerea no germinan.  el estudio del banco de semillas ed\u00e1fico in situ muestra valores entre 500-1500 pl\u00e1ntulas\/m2 en las diferentes comunidades en los dos a\u00f1os siguientes al incendio. Adem\u00e1s, muestra una distribuci\u00f3n espacial variable, reflejando la heterogeneidad espacial propia de los bancos de semillas. En cuanto a su composici\u00f3n por grupos de especies, las le\u00f1osas eric\u00e1ceas presentan una germinaci\u00f3n continuada y las le\u00f1osas fab\u00e1ceas m\u00e1s concentrada en los primeros meses tras incendio. Las le\u00f1osas caracter\u00edsticas de cada comunidad germinan en su pr\u00e1ctica totalidad, destacando por su importancia cuantitativa. las herb\u00e1ceas tienen comportamiento diferente en las distintas comunidades, resultando en el brezal seco de erica scoparia muy abundantes localmente. el estudio del banco de semillas ed\u00e1fico ex situ muestra que los valores de pl\u00e1ntulas\/m2 var\u00edan entre 1000 y 4000 pl\u00e1ntulas\/m2. En cuanto a la distribuci\u00f3n vertical, el horizonte superior (0-2cm) recoge entre un 50 y un 60% del total de las semillas. El fuego act\u00faa de forma diferente en el banco de semillas de los brezales estudiados, en funci\u00f3n de las especies que resultan estimuladas por el mismo, reduci\u00e9ndose en los brezales secos de e. Scoparia y e. Ciliaris e increment\u00e1ndose en el de e. Vagans. En cuanto a su efecto en los grupos de especies considerados, se observa de manera general aumento de la germinaci\u00f3n de las le\u00f1osas ericac\u00e1ceas y un descenso de la germinaci\u00f3n de las herb\u00e1ceas, lo que puede contribuir a cambios en la composici\u00f3n y abundanciatras incendio de los matorrales estudiados.<\/p>\n<p>&nbsp;<\/p>\n<h3>Datos acad\u00e9micos de la tesis doctoral \u00ab<strong>Efecto del fuego sobre la germinaci\u00f3n y el banco de semillas ed\u00e1fico del eric\u00e1ceas de galicia<\/strong>\u00ab<\/h3>\n<ul>\n<li><strong>T\u00edtulo de la tesis:<\/strong>\u00a0 Efecto del fuego sobre la germinaci\u00f3n y el banco de semillas ed\u00e1fico del eric\u00e1ceas de galicia <\/li>\n<li><strong>Autor:<\/strong>\u00a0 Araceli Mar\u00eda Iglesia Rodr\u00edguez <\/li>\n<li><strong>Universidad:<\/strong>\u00a0 Santiago de compostela<\/li>\n<li><strong>Fecha de lectura de la tesis:<\/strong>\u00a0 13\/05\/2011<\/li>\n<\/ul>\n<p>&nbsp;<\/p>\n<h3>Direcci\u00f3n y tribunal<\/h3>\n<ul>\n<li><strong>Director de la tesis<\/strong>\n<ul>\n<li>Elvira Antonia D\u00edaz Vizca\u00edno<\/li>\n<\/ul>\n<\/li>\n<li><strong>Tribunal<\/strong>\n<ul>\n<li>Presidente del tribunal: estanislao De Luis calabuig <\/li>\n<li>Miguel \u00e1ngel \u00e1lvarez Garc\u00eda (vocal)<\/li>\n<li>Mar\u00eda  luz Valvuena relea (vocal)<\/li>\n<li>Mar\u00eda  mercedes Casal jimenez (vocal)<\/li>\n<\/ul>\n<\/li>\n<\/ul>\n<p>&nbsp;<\/p>\n","protected":false},"excerpt":{"rendered":"<p>Tesis doctoral de Araceli Mar\u00eda Iglesia Rodr\u00edguez Este estudio pretende contribuir al conocimiento de los efectos ecol\u00f3gicos de los incendios [&hellip;]<\/p>\n","protected":false},"author":1,"featured_media":0,"comment_status":"open","ping_status":"open","sticky":false,"template":"","format":"standard","meta":{"site-sidebar-layout":"default","site-content-layout":"","ast-site-content-layout":"","site-content-style":"default","site-sidebar-style":"default","ast-global-header-display":"","ast-banner-title-visibility":"","ast-main-header-display":"","ast-hfb-above-header-display":"","ast-hfb-below-header-display":"","ast-hfb-mobile-header-display":"","site-post-title":"","ast-breadcrumbs-content":"","ast-featured-img":"","footer-sml-layout":"","theme-transparent-header-meta":"","adv-header-id-meta":"","stick-header-meta":"","header-above-stick-meta":"","header-main-stick-meta":"","header-below-stick-meta":"","astra-migrate-meta-layouts":"default","ast-page-background-enabled":"default","ast-page-background-meta":{"desktop":{"background-color":"var(--ast-global-color-4)","background-image":"","background-repeat":"repeat","background-position":"center center","background-size":"auto","background-attachment":"scroll","background-type":"","background-media":"","overlay-type":"","overlay-color":"","overlay-gradient":""},"tablet":{"background-color":"","background-image":"","background-repeat":"repeat","background-position":"center center","background-size":"auto","background-attachment":"scroll","background-type":"","background-media":"","overlay-type":"","overlay-color":"","overlay-gradient":""},"mobile":{"background-color":"","background-image":"","background-repeat":"repeat","background-position":"center center","background-size":"auto","background-attachment":"scroll","background-type":"","background-media":"","overlay-type":"","overlay-color":"","overlay-gradient":""}},"ast-content-background-meta":{"desktop":{"background-color":"var(--ast-global-color-5)","background-image":"","background-repeat":"repeat","background-position":"center center","background-size":"auto","background-attachment":"scroll","background-type":"","background-media":"","overlay-type":"","overlay-color":"","overlay-gradient":""},"tablet":{"background-color":"var(--ast-global-color-5)","background-image":"","background-repeat":"repeat","background-position":"center center","background-size":"auto","background-attachment":"scroll","background-type":"","background-media":"","overlay-type":"","overlay-color":"","overlay-gradient":""},"mobile":{"background-color":"var(--ast-global-color-5)","background-image":"","background-repeat":"repeat","background-position":"center center","background-size":"auto","background-attachment":"scroll","background-type":"","background-media":"","overlay-type":"","overlay-color":"","overlay-gradient":""}},"footnotes":""},"categories":[620,977],"tags":[217324,217325,4440,78483,3267,203206],"class_list":["post-108416","post","type-post","status-publish","format-standard","hentry","category-ecologia-vegetal","category-santiago-de-compostela","tag-araceli-maria-iglesia-rodriguez","tag-elvira-antonia-diaz-vizcaino","tag-estanislao-de-luis-calabuig","tag-maria-luz-valvuena-relea","tag-maria-mercedes-casal-jimenez","tag-miguel-angel-alvarez-garcia"],"_links":{"self":[{"href":"https:\/\/www.deberes.net\/tesis\/wp-json\/wp\/v2\/posts\/108416","targetHints":{"allow":["GET"]}}],"collection":[{"href":"https:\/\/www.deberes.net\/tesis\/wp-json\/wp\/v2\/posts"}],"about":[{"href":"https:\/\/www.deberes.net\/tesis\/wp-json\/wp\/v2\/types\/post"}],"author":[{"embeddable":true,"href":"https:\/\/www.deberes.net\/tesis\/wp-json\/wp\/v2\/users\/1"}],"replies":[{"embeddable":true,"href":"https:\/\/www.deberes.net\/tesis\/wp-json\/wp\/v2\/comments?post=108416"}],"version-history":[{"count":0,"href":"https:\/\/www.deberes.net\/tesis\/wp-json\/wp\/v2\/posts\/108416\/revisions"}],"wp:attachment":[{"href":"https:\/\/www.deberes.net\/tesis\/wp-json\/wp\/v2\/media?parent=108416"}],"wp:term":[{"taxonomy":"category","embeddable":true,"href":"https:\/\/www.deberes.net\/tesis\/wp-json\/wp\/v2\/categories?post=108416"},{"taxonomy":"post_tag","embeddable":true,"href":"https:\/\/www.deberes.net\/tesis\/wp-json\/wp\/v2\/tags?post=108416"}],"curies":[{"name":"wp","href":"https:\/\/api.w.org\/{rel}","templated":true}]}}