{"id":108444,"date":"2018-03-11T10:33:15","date_gmt":"2018-03-11T10:33:15","guid":{"rendered":"https:\/\/www.deberes.net\/tesis\/sin-categoria\/modelos-de-atencion-a-pacientes-oncologicos-terminales-en-andaluca%c2%ada-una-mirada-sociologica\/"},"modified":"2018-03-11T10:33:15","modified_gmt":"2018-03-11T10:33:15","slug":"modelos-de-atencion-a-pacientes-oncologicos-terminales-en-andaluca%c2%ada-una-mirada-sociologica","status":"publish","type":"post","link":"https:\/\/www.deberes.net\/tesis\/sociologia\/modelos-de-atencion-a-pacientes-oncologicos-terminales-en-andaluca%c2%ada-una-mirada-sociologica\/","title":{"rendered":"\u00abmodelos de atenci\u00f3n a pacientes oncol\u00f3gicos terminales en andaluc\u00eda: una mirada sociol\u00f3gica\u00bb"},"content":{"rendered":"<h2>Tesis doctoral de <strong> Nuria Pascual Mart\u00ed\u00c2\u00adnez <\/strong><\/h2>\n<p>La atenci\u00f3n sanitaria a la terminalidad en domicilio ha planteado nuevas cuestiones tanto para la organizaci\u00f3n sanitaria como para pacientes y familiares, que este trabajo pretende conocer en profundidad aportando informaci\u00f3n tanto cuantitativa como cualitativa desde el punto de vista de algunos\/as de sus protagonistas: profesionales y cuidadoras -la gran mayor\u00eda de personas que cuidan son mujeres- de los propios enfermos y enfermas.  as\u00ed, en una primera fase, se analiza la situaci\u00f3n de los modelos organizativos de atenci\u00f3n a pacientes oncol\u00f3gicos terminales y la opini\u00f3n al respecto por parte de responsables de las unidades espec\u00edficas de cuidados paliativos que atienden a pacientes oncol\u00f3gicos terminales en andaluc\u00eda. En una segunda fase, se analiza el punto de vista de familiares de pacientes atendidos en domicilio, comparando dos de los modelos m\u00e1s frecuentes de asistencia al paciente terminal que coexisten en esta comunidad aut\u00f3noma, como en otras: en uno de ellos la atenci\u00f3n es llevada a cabo por un recurso espec\u00edfico de atenci\u00f3n paliativa y en el otro por atenci\u00f3n primaria, recurso general o convencional.  este trabajo de investigaci\u00f3n se gest\u00f3 e inici\u00f3 antes de que se iniciara bien a nivel nacional, bien en cualquiera de las comunidades aut\u00f3nomas, la publicaci\u00f3n y puesta en marcha de planes y estrategias que sobre cuidados paliativos han establecido en estos a\u00f1os un marco legislativo, normativo y procedimental del que se carec\u00eda y con el que en la actualidad contamos. Conocer en profundidad tanto la foto previa (el punto de partida) a este desarrollo normativo como la perspectiva de su evoluci\u00f3n hasta la actualidad introduciendo herramientas provenientes de las ciencias sociales, nos aporta una informaci\u00f3n relevante e id\u00f3nea que nos ayuda a comprender c\u00f3mo es y c\u00f3mo funciona la organizaci\u00f3n sanitaria con la que contamos para atender a estas personas y si esta estructura organizativa nos es \u00fatil para hacerlo, evitando las posibles desigualdades que pudieran derivarse de su funcionamiento.  los resultados encontrados muestran que el desarrollo de los cuidados paliativos en espa\u00f1a por parte del sistema p\u00fablico de salud es una innovaci\u00f3n reciente de una gran magnitud y relevancia social, que puede todav\u00eda considerarse en sus inicios y cuya configuraci\u00f3n definitiva puede sufrir modificaciones en funci\u00f3n de la experiencia adquirida durante estas primeras d\u00e9cadas de existencia, aunque determinados requisitos se consideren imprescindibles, como minimizar la creaci\u00f3n de recursos y aprovechar las estructuras existentes, adem\u00e1s de la importancia de la atenci\u00f3n domiciliaria. En andaluc\u00eda, desde los a\u00f1os clave del origen de las unidades de cuidados paliativos en los a\u00f1os 90 a la actualidad, los modelos organizativos que este trabajo propone siguen siendo \u00fatiles para su an\u00e1lisis, el cual evidencia la concreci\u00f3n de una estrategia de trabajo hacia la consolidaci\u00f3n definitiva de los cuidados paliativos, aumentando la disponibilidad de recursos espec\u00edficos en zonas que por estar alejadas de las capitales de provincia no estaban suficientemente cubiertas y favoreci\u00e9ndose la atenci\u00f3n domiciliaria especializada con recursos p\u00fablicos propios, convencionales y avanzados, reduciendo conciertos con ong externas.  caminar en esta direcci\u00f3n, debe significar tener en cuenta a algunas de las demandas que los\/las profesionales entrevistados muestran en la investigaci\u00f3n, relativas principalmente a: &#8211; la importancia de la coordinaci\u00f3n, puesto que van a seguir interactuando las unidades de recursos espec\u00edficos con las de recursos convencionales, es decir, que exige un acercamiento entre los distintos niveles de la organizaci\u00f3n para atender adecuadamente al paciente que lo necesita. &#8211; sobre todo, la necesidad de formaci\u00f3n. En realidad, cuando se dice formaci\u00f3n no se trata solamente de un curso m\u00e1s o menos amplio, sino de una base de conocimiento compartido entre profesionales de diferentes especialidades sanitarias y niveles asistenciales en torno a los cuidados paliativos -con un lenguaje com\u00fan, con representaciones comunes acerca de la situaci\u00f3n de enfermos y su entorno familiar y una mayor protocolizaci\u00f3n de los tratamientos.  un \u00faltimo apartado de resultados est\u00e1 dedicado enteramente a la figura de las cuidadoras, co-protagonistas del proceso de atenci\u00f3n mediante cuidados paliativos y elemento importante en la percepci\u00f3n de la atenci\u00f3n recibida, por lo que se les considera como informantes tanto en la valoraci\u00f3n y evaluaci\u00f3n del modelo asistencial como para averiguar el estado cl\u00ednico y calidad de vida de pacientes, lo que por extensi\u00f3n nos permite advertir que es especialmente importante la relaci\u00f3n con el entorno de pacientes. As\u00ed, el an\u00e1lisis de resultados estad\u00edsticamente significativos en funci\u00f3n del modelo organizativo de atenci\u00f3n sanitaria, no s\u00f3lo muestra el mejor posicionamiento de los recursos espec\u00edficos en cuanto a la calidad de vida y la vida cotidiana de las cuidadoras de pacientes oncol\u00f3gicos terminales, sino tambi\u00e9n en la caracterizaci\u00f3n de la atenci\u00f3n en la \u00faltima \u00e9poca de la persona enferma, lo que implica morir en condiciones y espacios diferentes, con aspectos tangibles, de fiabilidad, seguridad o empat\u00eda mejor valorados y con una satisfacci\u00f3n con la atenci\u00f3n recibida tambi\u00e9n mayor.  en suma, se establece como propuesta tanto el m\u00e9todo de acercamiento a la realidad social y sus organizaciones escuchando a sus protagonistas, como el an\u00e1lisis exhaustivo de este proceso social como ejemplo para la reflexi\u00f3n sobre otras patolog\u00edas de aparici\u00f3n y\/o inter\u00e9s m\u00e1s reciente, como pueden ser la fibromialgia, el c\u00e1ncer de colon, nuevos tipos de alergia a nuevos alimentos y\/o materiales, etc. Todo ello, con un objetivo definitivo: aportar desde una perspectiva sociol\u00f3gica, resultados que puedan ser utilizados para la evaluaci\u00f3n y mejora continua de la calidad de la atenci\u00f3n sanitaria.<\/p>\n<p>&nbsp;<\/p>\n<h3>Datos acad\u00e9micos de la tesis doctoral \u00ab<strong>\u00abmodelos de atenci\u00f3n a pacientes oncol\u00f3gicos terminales en andaluc\u00eda: una mirada sociol\u00f3gica\u00bb<\/strong>\u00ab<\/h3>\n<ul>\n<li><strong>T\u00edtulo de la tesis:<\/strong>\u00a0 \u00abmodelos de atenci\u00f3n a pacientes oncol\u00f3gicos terminales en andaluc\u00eda: una mirada sociol\u00f3gica\u00bb <\/li>\n<li><strong>Autor:<\/strong>\u00a0 Nuria Pascual Mart\u00ed\u00c2\u00adnez <\/li>\n<li><strong>Universidad:<\/strong>\u00a0 Granada<\/li>\n<li><strong>Fecha de lectura de la tesis:<\/strong>\u00a0 13\/05\/2011<\/li>\n<\/ul>\n<p>&nbsp;<\/p>\n<h3>Direcci\u00f3n y tribunal<\/h3>\n<ul>\n<li><strong>Director de la tesis<\/strong>\n<ul>\n<li>Juan  Carlos De Pablos Ramirez<\/li>\n<\/ul>\n<\/li>\n<li><strong>Tribunal<\/strong>\n<ul>\n<li>Presidente del tribunal: julio Iglesias de ussel <\/li>\n<li>Jos\u00e9 Luis Terron blanco (vocal)<\/li>\n<li>Jos\u00e9 Mar\u00eda Garcia gil (vocal)<\/li>\n<li>Emilio S\u00e1nchez santa-b\u00e1rbara (vocal)<\/li>\n<\/ul>\n<\/li>\n<\/ul>\n<p>&nbsp;<\/p>\n","protected":false},"excerpt":{"rendered":"<p>Tesis doctoral de Nuria Pascual Mart\u00ed\u00c2\u00adnez La atenci\u00f3n sanitaria a la terminalidad en domicilio ha planteado nuevas cuestiones tanto para [&hellip;]<\/p>\n","protected":false},"author":1,"featured_media":0,"comment_status":"open","ping_status":"open","sticky":false,"template":"","format":"standard","meta":{"site-sidebar-layout":"default","site-content-layout":"","ast-site-content-layout":"","site-content-style":"default","site-sidebar-style":"default","ast-global-header-display":"","ast-banner-title-visibility":"","ast-main-header-display":"","ast-hfb-above-header-display":"","ast-hfb-below-header-display":"","ast-hfb-mobile-header-display":"","site-post-title":"","ast-breadcrumbs-content":"","ast-featured-img":"","footer-sml-layout":"","theme-transparent-header-meta":"","adv-header-id-meta":"","stick-header-meta":"","header-above-stick-meta":"","header-main-stick-meta":"","header-below-stick-meta":"","astra-migrate-meta-layouts":"default","ast-page-background-enabled":"default","ast-page-background-meta":{"desktop":{"background-color":"var(--ast-global-color-4)","background-image":"","background-repeat":"repeat","background-position":"center center","background-size":"auto","background-attachment":"scroll","background-type":"","background-media":"","overlay-type":"","overlay-color":"","overlay-gradient":""},"tablet":{"background-color":"","background-image":"","background-repeat":"repeat","background-position":"center center","background-size":"auto","background-attachment":"scroll","background-type":"","background-media":"","overlay-type":"","overlay-color":"","overlay-gradient":""},"mobile":{"background-color":"","background-image":"","background-repeat":"repeat","background-position":"center center","background-size":"auto","background-attachment":"scroll","background-type":"","background-media":"","overlay-type":"","overlay-color":"","overlay-gradient":""}},"ast-content-background-meta":{"desktop":{"background-color":"var(--ast-global-color-5)","background-image":"","background-repeat":"repeat","background-position":"center center","background-size":"auto","background-attachment":"scroll","background-type":"","background-media":"","overlay-type":"","overlay-color":"","overlay-gradient":""},"tablet":{"background-color":"var(--ast-global-color-5)","background-image":"","background-repeat":"repeat","background-position":"center center","background-size":"auto","background-attachment":"scroll","background-type":"","background-media":"","overlay-type":"","overlay-color":"","overlay-gradient":""},"mobile":{"background-color":"var(--ast-global-color-5)","background-image":"","background-repeat":"repeat","background-position":"center center","background-size":"auto","background-attachment":"scroll","background-type":"","background-media":"","overlay-type":"","overlay-color":"","overlay-gradient":""}},"footnotes":""},"categories":[967,269],"tags":[35944,200050,4296,142459,3578,217365],"class_list":["post-108444","post","type-post","status-publish","format-standard","hentry","category-salud-publica","category-sociologia","tag-emilio-sanchez-santa-barbara","tag-jose-luis-terron-blanco","tag-jose-maria-garcia-gil","tag-juan-carlos-de-pablos-ramirez","tag-julio-iglesias-de-ussel","tag-nuria-pascual-martianez"],"_links":{"self":[{"href":"https:\/\/www.deberes.net\/tesis\/wp-json\/wp\/v2\/posts\/108444","targetHints":{"allow":["GET"]}}],"collection":[{"href":"https:\/\/www.deberes.net\/tesis\/wp-json\/wp\/v2\/posts"}],"about":[{"href":"https:\/\/www.deberes.net\/tesis\/wp-json\/wp\/v2\/types\/post"}],"author":[{"embeddable":true,"href":"https:\/\/www.deberes.net\/tesis\/wp-json\/wp\/v2\/users\/1"}],"replies":[{"embeddable":true,"href":"https:\/\/www.deberes.net\/tesis\/wp-json\/wp\/v2\/comments?post=108444"}],"version-history":[{"count":0,"href":"https:\/\/www.deberes.net\/tesis\/wp-json\/wp\/v2\/posts\/108444\/revisions"}],"wp:attachment":[{"href":"https:\/\/www.deberes.net\/tesis\/wp-json\/wp\/v2\/media?parent=108444"}],"wp:term":[{"taxonomy":"category","embeddable":true,"href":"https:\/\/www.deberes.net\/tesis\/wp-json\/wp\/v2\/categories?post=108444"},{"taxonomy":"post_tag","embeddable":true,"href":"https:\/\/www.deberes.net\/tesis\/wp-json\/wp\/v2\/tags?post=108444"}],"curies":[{"name":"wp","href":"https:\/\/api.w.org\/{rel}","templated":true}]}}