{"id":108503,"date":"2018-03-11T10:33:20","date_gmt":"2018-03-11T10:33:20","guid":{"rendered":"https:\/\/www.deberes.net\/tesis\/sin-categoria\/las-novelas-de-cora%c2%adn-tellado-y-su-repercusion-social\/"},"modified":"2018-03-11T10:33:20","modified_gmt":"2018-03-11T10:33:20","slug":"las-novelas-de-cora%c2%adn-tellado-y-su-repercusion-social","status":"publish","type":"post","link":"https:\/\/www.deberes.net\/tesis\/analisis-literario\/las-novelas-de-cora%c2%adn-tellado-y-su-repercusion-social\/","title":{"rendered":"Las novelas de cor\u00edn tellado y su repercusi\u00f3n social"},"content":{"rendered":"<h2>Tesis doctoral de <strong> Mar\u00eda Teresa Gonz\u00e1lez Garc\u00eda <\/strong><\/h2>\n<p>Esta tesis doctoral es un estudio comprehensivo de la obra de cor\u00edn tellado y de su repercusi\u00f3n en la prensa escrita. La doctoranda ha hecho un resumen tem\u00e1tico de las m\u00e1s de 3000 obras breves escritas por la autora, as\u00ed como de las novelas largas y obras para ni\u00f1os. Este resumen se abre en el abanico de posibilidades tem\u00e1ticas que tellado aborda, todas ellas fundamentales en la vida cotidiana de las mujeres de la \u00e9poca franquista: el amor, el dolor, el desenga\u00f1o, la maternidad, la familia, el mundo laboral, el \u00e1mbito dom\u00e9stico y la vida p\u00fablica. Todo ello, visto en negativo o\/y positivo, seg\u00fan el momento vital de la propia escritora, describe un panorama socio-econ\u00f3mico espa\u00f1ol fundamental para entender las d\u00e9cadas que van de los 1950s a los 1980s. La segunda parte de la tesis, analiza en detalle la reacci\u00f3n de la cr\u00edtica especializada, del periodismo diario y de la gente de la calle a la obra de la autora. Esta segunda parte, pormenorizada y cronol\u00f3gica, constituye una historia de la prensa local, regional y nacional que traspasa los l\u00edmites del tema de la autora y la extrapola al \u00e1mbito internacional.<\/p>\n<p>&nbsp;<\/p>\n<h3>Datos acad\u00e9micos de la tesis doctoral \u00ab<strong>Las novelas de cor\u00edn tellado y su repercusi\u00f3n social<\/strong>\u00ab<\/h3>\n<ul>\n<li><strong>T\u00edtulo de la tesis:<\/strong>\u00a0 Las novelas de cor\u00edn tellado y su repercusi\u00f3n social <\/li>\n<li><strong>Autor:<\/strong>\u00a0 Mar\u00eda Teresa Gonz\u00e1lez Garc\u00eda <\/li>\n<li><strong>Universidad:<\/strong>\u00a0 Oviedo<\/li>\n<li><strong>Fecha de lectura de la tesis:<\/strong>\u00a0 18\/05\/2011<\/li>\n<\/ul>\n<p>&nbsp;<\/p>\n<h3>Direcci\u00f3n y tribunal<\/h3>\n<ul>\n<li><strong>Director de la tesis<\/strong>\n<ul>\n<li>Mar\u00eda Del Perpetuo Socorro Su\u00e1rez Lafuente<\/li>\n<\/ul>\n<\/li>\n<li><strong>Tribunal<\/strong>\n<ul>\n<li>Presidente del tribunal: salvador Guti\u00e9rrez ord\u00f3\u00f1ez <\/li>\n<li>Jes\u00fas Varela zapata (vocal)<\/li>\n<li>Mar\u00eda del carmen Alfonso Garc\u00eda (vocal)<\/li>\n<li>myriam \u00e1lvarez mart\u00ednez (vocal)<\/li>\n<\/ul>\n<\/li>\n<\/ul>\n<p>&nbsp;<\/p>\n","protected":false},"excerpt":{"rendered":"<p>Tesis doctoral de Mar\u00eda Teresa Gonz\u00e1lez Garc\u00eda Esta tesis doctoral es un estudio comprehensivo de la obra de cor\u00edn tellado [&hellip;]<\/p>\n","protected":false},"author":1,"featured_media":0,"comment_status":"open","ping_status":"open","sticky":false,"template":"","format":"standard","meta":{"site-sidebar-layout":"default","site-content-layout":"","ast-site-content-layout":"","site-content-style":"default","site-sidebar-style":"default","ast-global-header-display":"","ast-banner-title-visibility":"","ast-main-header-display":"","ast-hfb-above-header-display":"","ast-hfb-below-header-display":"","ast-hfb-mobile-header-display":"","site-post-title":"","ast-breadcrumbs-content":"","ast-featured-img":"","footer-sml-layout":"","theme-transparent-header-meta":"","adv-header-id-meta":"","stick-header-meta":"","header-above-stick-meta":"","header-main-stick-meta":"","header-below-stick-meta":"","astra-migrate-meta-layouts":"default","ast-page-background-enabled":"default","ast-page-background-meta":{"desktop":{"background-color":"var(--ast-global-color-4)","background-image":"","background-repeat":"repeat","background-position":"center center","background-size":"auto","background-attachment":"scroll","background-type":"","background-media":"","overlay-type":"","overlay-color":"","overlay-gradient":""},"tablet":{"background-color":"","background-image":"","background-repeat":"repeat","background-position":"center center","background-size":"auto","background-attachment":"scroll","background-type":"","background-media":"","overlay-type":"","overlay-color":"","overlay-gradient":""},"mobile":{"background-color":"","background-image":"","background-repeat":"repeat","background-position":"center center","background-size":"auto","background-attachment":"scroll","background-type":"","background-media":"","overlay-type":"","overlay-color":"","overlay-gradient":""}},"ast-content-background-meta":{"desktop":{"background-color":"var(--ast-global-color-5)","background-image":"","background-repeat":"repeat","background-position":"center center","background-size":"auto","background-attachment":"scroll","background-type":"","background-media":"","overlay-type":"","overlay-color":"","overlay-gradient":""},"tablet":{"background-color":"var(--ast-global-color-5)","background-image":"","background-repeat":"repeat","background-position":"center center","background-size":"auto","background-attachment":"scroll","background-type":"","background-media":"","overlay-type":"","overlay-color":"","overlay-gradient":""},"mobile":{"background-color":"var(--ast-global-color-5)","background-image":"","background-repeat":"repeat","background-position":"center center","background-size":"auto","background-attachment":"scroll","background-type":"","background-media":"","overlay-type":"","overlay-color":"","overlay-gradient":""}},"footnotes":""},"categories":[148,8846],"tags":[8940,189422,8923,217461,76896,3018],"class_list":["post-108503","post","type-post","status-publish","format-standard","hentry","category-analisis-literario","category-oviedo","tag-jesus-varela-zapata","tag-maria-del-carmen-alfonso-garcia","tag-maria-del-perpetuo-socorro-suarez-lafuente","tag-maria-teresa-gonzalez-garcia","tag-myriam-alvarez-Martinez","tag-salvador-gutierrez-ordonez"],"_links":{"self":[{"href":"https:\/\/www.deberes.net\/tesis\/wp-json\/wp\/v2\/posts\/108503","targetHints":{"allow":["GET"]}}],"collection":[{"href":"https:\/\/www.deberes.net\/tesis\/wp-json\/wp\/v2\/posts"}],"about":[{"href":"https:\/\/www.deberes.net\/tesis\/wp-json\/wp\/v2\/types\/post"}],"author":[{"embeddable":true,"href":"https:\/\/www.deberes.net\/tesis\/wp-json\/wp\/v2\/users\/1"}],"replies":[{"embeddable":true,"href":"https:\/\/www.deberes.net\/tesis\/wp-json\/wp\/v2\/comments?post=108503"}],"version-history":[{"count":0,"href":"https:\/\/www.deberes.net\/tesis\/wp-json\/wp\/v2\/posts\/108503\/revisions"}],"wp:attachment":[{"href":"https:\/\/www.deberes.net\/tesis\/wp-json\/wp\/v2\/media?parent=108503"}],"wp:term":[{"taxonomy":"category","embeddable":true,"href":"https:\/\/www.deberes.net\/tesis\/wp-json\/wp\/v2\/categories?post=108503"},{"taxonomy":"post_tag","embeddable":true,"href":"https:\/\/www.deberes.net\/tesis\/wp-json\/wp\/v2\/tags?post=108503"}],"curies":[{"name":"wp","href":"https:\/\/api.w.org\/{rel}","templated":true}]}}